{"id":274728,"date":"2025-12-23T22:57:12","date_gmt":"2025-12-23T22:57:12","guid":{"rendered":"https:\/\/www.europesays.com\/it\/274728\/"},"modified":"2025-12-23T22:57:12","modified_gmt":"2025-12-23T22:57:12","slug":"la-versione-ucraina-di-ballando-con-le-stelle-in-onda-con-una-puntata-speciale-con-i-veterani-di-guerra","status":"publish","type":"post","link":"https:\/\/www.europesays.com\/it\/274728\/","title":{"rendered":"La versione ucraina di \u00abBallando con le stelle\u00bb in onda con una puntata speciale con i veterani di guerra"},"content":{"rendered":"<p>    di<br \/>\n    Federica Maccotta<\/p>\n<p class=\"summary-art is-line-h-12\">Durante lo show benefico di domenica si esibiscono in pista, in alcuni casi con protesi agli arti, persone che hanno combattuto<\/p>\n<p class=\"chapter-paragraph\">La guerra entra nella pista da ballo. La <b>versione ucraina di <a href=\"https:\/\/www.corriere.it\/spettacoli\/25_dicembre_21\/ballando-con-le-stelle-vince-andrea-delogu-con-nikita-perotti-e-batte-francesca-fialdini-con-giovanni-pernice-881730de-d39c-490b-ace9-57140d2eexlk.shtml\" rel=\"nofollow noopener\" target=\"_blank\">Ballando con le stelle<\/a><\/b> \u00e8 pronta a tornare in onda con una <b>puntata speciale in cui, al posto delle celebrit\u00e0, si esibiscono volteggiando gli eroi di guerra<\/b>. Veri protagonisti della vita del Paese da tre anni, da quando \u00e8 iniziata l&#8217;invasione da parte della Russia. <b>Veterani e feriti in battaglia, in alcuni casi con protesi agli arti<\/b>, sono pronti a lanciarsi in un passo a due per celebrare la vita nonostante le bombe. <b>Il ricavato dello show sar\u00e0 devoluto al Superhumans Center<\/b>, clinica specializzata nella cura e nella riabilitazione delle vittime di guerra.<\/p>\n<p class=\"chapter-paragraph\"><b>Tantsi z zirkamy,<\/b> come si intitola in Ucraina la versione locale del format Dancing with the Stars, ha debuttato <b>nel 2006 con la vittoria di <a href=\"https:\/\/www.corriere.it\/argomenti\/volodymyr-zelensky\/?refresh_ce\" target=\"_blank\" rel=\"nofollow noopener\">Volodymyr Zelensky<\/a>, oggi presidente ucraino ma allora attore<\/b>. Molto seguito e popolare, il programma televisivo \u00e8 andato in onda per nove stagioni, fino al 2021. Da febbraio 2022 la trasmissione, che vede gareggiare coppie formate da ballerini professionisti e personaggi pubblici, <b>ha dovuto arrendersi alle difficolt\u00e0 legate ai tempi di guerra<\/b>.\u00a0    &#13;<br \/>\n&#13;<br \/>\n&#13;<br \/>\n&#13;<br \/>\n&#13;<br \/>\n&#13;<br \/>\n&#13;<br \/>\n&#13;<br \/>\n&#13;<br \/>\n&#13;<br \/>\n&#13;<br \/>\n&#13;<br \/>\n&#13;<br \/>\n&#13;<br \/>\n&#13;<br \/>\n&#13;<br \/>\n&#13;<br \/>\n&#13;<br \/>\n&#13;<br \/>\n&#13;<br \/>\n&#13;<br \/>\n&#13;<br \/>\n&#13;<br \/>\n&#13;<br \/>\n&#13;<br \/>\n&#13;<br \/>\n&#13;<br \/>\n&#13;<br \/>\n&#13;<br \/>\n&#13;<br \/>\n&#13;<br \/>\n&#13;<br \/>\n&#13;<br \/>\n&#13;<br \/>\n&#13;<br \/>\n&#13;<br \/>\n&#13;<br \/>\n&#13;<br \/>\n&#13;<br \/>\n&#13;<br \/>\n&#13;<br \/>\n&#13;<br \/>\n&#13;<br \/>\n&#13;<br \/>\n&#13;<br \/>\n&#13;<br \/>\n&#13;<br \/>\n&#13;<br \/>\n&#13;<br \/>\n&#13;<br \/>\n&#13;<br \/>\n&#13;<br \/>\n&#13;\n<\/p>\n<p class=\"chapter-paragraph\">Ma ora, mentre a livello diplomatico si continua a parlare di (im)possibile pace, <b>torna in onda domenica 28 dicembre sul canale 1+1<\/b> con una puntata speciale che celebra i protagonisti di questi lunghi e difficili anni. Tra i concorrenti c&#8217;\u00e8 per esempio <b>Ruslana Danilkina, che ha perso una gamba in combattimento nel 2022<\/b> e adesso lavora al Superhumans Center, aiutando i soldati feriti ad adattarsi alla vita con le protesi. <b>\u00abIl nostro numero di danza parla di vita. Parla di accettare l&#8217;amore\u00bb<\/b>, ha spiegato all&#8217;Associated Press. \u00abPerch\u00e9 in realt\u00e0, quando il corpo \u00e8 ferito, \u00e8 molto difficile amare se stessi. E permettere a qualcun altro di amarti \u00e8 ancora pi\u00f9 difficile\u00bb.\u00a0<\/p>\n<p class=\"chapter-paragraph\">Alla trasmissione partecipa anche <b>il ballerino Dmytro Dikusar, che \u00e8 tornato nello show ma nei panni di giudice di gara<\/b>. Per partecipare alle riprese (una trasmissione in diretta sarebbe stata impossibile per via dei continui allarmi aerei, quindi il pubblico potr\u00e0 votare i suoi beniamini e partecipare alla raccolta fondi dal 28 al 30 dicembre) si \u00e8 dovuto destreggiare <b>tra gli appuntamenti sul set e il servizio in prima linea con il suo plotone<\/b>. Per il produttore creativo Volodymyr Zavadiuk, aver creato questo spettacolo in tempi cos\u00ec difficili \u00e8 molto importante. \u00abSi tratta della nostra resilienza e del nostro futuro\u00bb. Anche a passo di danza.\u00a0<\/p>\n<p class=\"is-last-update\" datetime=\"2025-12-23T16:52:27+01:00\">23 dicembre 2025<\/p>\n<p class=\"is-copyright\">\n            \u00a9 RIPRODUZIONE RISERVATA\n        <\/p>\n","protected":false},"excerpt":{"rendered":"di Federica Maccotta Durante lo show benefico di domenica si esibiscono in pista, in alcuni casi con protesi&hellip;\n","protected":false},"author":3,"featured_media":274729,"comment_status":"","ping_status":"","sticky":false,"template":"","format":"standard","meta":{"footnotes":"","_share_on_mastodon":"0"},"categories":[174],"tags":[52727,2370,2371,1045,161506,161507,23000,16271,1888,6927,12105,1112,1907,203,17963,826,77,204,1537,90,89,9167,96419,8202,159485,2936,10162,15839,170,3601],"class_list":["post-274728","post","type-post","status-publish","format-standard","has-post-thumbnail","category-intrattenimento","tag-arti","tag-ballando","tag-ballando-stelle","tag-casi","tag-casi-protesi","tag-casi-protesi-arti","tag-center","tag-danza","tag-dicembre","tag-difficile","tag-difficili","tag-domenica","tag-dovuto","tag-entertainment","tag-esibiscono","tag-feriti","tag-guerra","tag-intrattenimento","tag-it","tag-italia","tag-italy","tag-onda","tag-protesi","tag-puntata","tag-puntata-speciale","tag-show","tag-speciale","tag-trasmissione","tag-ucraina","tag-versione"],"share_on_mastodon":{"url":"https:\/\/pubeurope.com\/@it\/115771358857176483","error":""},"_links":{"self":[{"href":"https:\/\/www.europesays.com\/it\/wp-json\/wp\/v2\/posts\/274728","targetHints":{"allow":["GET"]}}],"collection":[{"href":"https:\/\/www.europesays.com\/it\/wp-json\/wp\/v2\/posts"}],"about":[{"href":"https:\/\/www.europesays.com\/it\/wp-json\/wp\/v2\/types\/post"}],"author":[{"embeddable":true,"href":"https:\/\/www.europesays.com\/it\/wp-json\/wp\/v2\/users\/3"}],"replies":[{"embeddable":true,"href":"https:\/\/www.europesays.com\/it\/wp-json\/wp\/v2\/comments?post=274728"}],"version-history":[{"count":0,"href":"https:\/\/www.europesays.com\/it\/wp-json\/wp\/v2\/posts\/274728\/revisions"}],"wp:featuredmedia":[{"embeddable":true,"href":"https:\/\/www.europesays.com\/it\/wp-json\/wp\/v2\/media\/274729"}],"wp:attachment":[{"href":"https:\/\/www.europesays.com\/it\/wp-json\/wp\/v2\/media?parent=274728"}],"wp:term":[{"taxonomy":"category","embeddable":true,"href":"https:\/\/www.europesays.com\/it\/wp-json\/wp\/v2\/categories?post=274728"},{"taxonomy":"post_tag","embeddable":true,"href":"https:\/\/www.europesays.com\/it\/wp-json\/wp\/v2\/tags?post=274728"}],"curies":[{"name":"wp","href":"https:\/\/api.w.org\/{rel}","templated":true}]}}