{"id":275193,"date":"2025-12-24T07:23:16","date_gmt":"2025-12-24T07:23:16","guid":{"rendered":"https:\/\/www.europesays.com\/it\/275193\/"},"modified":"2025-12-24T07:23:16","modified_gmt":"2025-12-24T07:23:16","slug":"il-punto-verso-la-sfida-contro-la-juventus","status":"publish","type":"post","link":"https:\/\/www.europesays.com\/it\/275193\/","title":{"rendered":"il punto verso la sfida contro la Juventus"},"content":{"rendered":"<p>Il Pisa lavorer\u00e0 senza sosta, in campo anche il giorno di Natale per preparare la sfida di sabato 27 dicembre, in cui affronter\u00e0 la Juventus. Mister Gilardino inizia a buttare gi\u00f9 qualche idea di formazione, dovr\u00e0 sicuramente fare a meno di<strong> Akinsanmiro e Nzola in Coppa d&#8217;Africa<\/strong>, difficile anche il recupero di <strong>Juan Cuadrado.\u00a0<\/strong><\/p>\n<p>Il terzino colombiano, tra l&#8217;altro ex del match, \u00e8 alle prese con il recupero da una distrazione di basso grado al bicipite femorale sinistro. Di fatto <strong>out da oltre un mese, anche oggi ha svolto lavoro personalizzato<\/strong>, a oggi la sua convocazione \u00e8 fortemente in dubbio.\u00a0<\/p>\n<p>Pisa, Gilardino valuta il 3-5-1-1\u00a0<\/p>\n<p>E&#8217; ancora prematuro parlare di formazione,<a href=\"https:\/\/www.fantacalcio.it\/probabili-formazioni-serie-a\" target=\"_blank\" rel=\"nofollow noopener\"> perch\u00e9 Pisa-Juventus si giocher\u00e0 sabato 27 dicembre<\/a>. Diversi allenamenti ancora da fare, ma la percezione \u00e8 che Alberto Gilardino confermer\u00e0 T<strong>ramoni dal 1&#8242;, a supporto dell&#8217;unica punta che sar\u00e0 Meister,<\/strong> attualmente favorito su Moreo. Da capire anche le condizioni di Angori, in ogni caso pronto Leris che contro il Cagliari ha avuto un ottimo impatto.\u00a0<\/p>\n","protected":false},"excerpt":{"rendered":"Il Pisa lavorer\u00e0 senza sosta, in campo anche il giorno di Natale per preparare la sfida di sabato&hellip;\n","protected":false},"author":3,"featured_media":275194,"comment_status":"","ping_status":"","sticky":false,"template":"","format":"standard","meta":{"footnotes":""},"categories":[1452],"tags":[721,719,720,1740,1537,90,89,251,1739,245,244],"class_list":{"0":"post-275193","1":"post","2":"type-post","3":"status-publish","4":"format-standard","5":"has-post-thumbnail","7":"category-calcio","8":"tag-calcio","9":"tag-fanta","10":"tag-fantacalcio","11":"tag-football","12":"tag-it","13":"tag-italia","14":"tag-italy","15":"tag-serie-a","16":"tag-soccer","17":"tag-sport","18":"tag-sports"},"share_on_mastodon":{"url":"https:\/\/pubeurope.com\/@it\/115773348606273483","error":""},"_links":{"self":[{"href":"https:\/\/www.europesays.com\/it\/wp-json\/wp\/v2\/posts\/275193","targetHints":{"allow":["GET"]}}],"collection":[{"href":"https:\/\/www.europesays.com\/it\/wp-json\/wp\/v2\/posts"}],"about":[{"href":"https:\/\/www.europesays.com\/it\/wp-json\/wp\/v2\/types\/post"}],"author":[{"embeddable":true,"href":"https:\/\/www.europesays.com\/it\/wp-json\/wp\/v2\/users\/3"}],"replies":[{"embeddable":true,"href":"https:\/\/www.europesays.com\/it\/wp-json\/wp\/v2\/comments?post=275193"}],"version-history":[{"count":0,"href":"https:\/\/www.europesays.com\/it\/wp-json\/wp\/v2\/posts\/275193\/revisions"}],"wp:featuredmedia":[{"embeddable":true,"href":"https:\/\/www.europesays.com\/it\/wp-json\/wp\/v2\/media\/275194"}],"wp:attachment":[{"href":"https:\/\/www.europesays.com\/it\/wp-json\/wp\/v2\/media?parent=275193"}],"wp:term":[{"taxonomy":"category","embeddable":true,"href":"https:\/\/www.europesays.com\/it\/wp-json\/wp\/v2\/categories?post=275193"},{"taxonomy":"post_tag","embeddable":true,"href":"https:\/\/www.europesays.com\/it\/wp-json\/wp\/v2\/tags?post=275193"}],"curies":[{"name":"wp","href":"https:\/\/api.w.org\/{rel}","templated":true}]}}