{"id":275213,"date":"2025-12-24T07:36:13","date_gmt":"2025-12-24T07:36:13","guid":{"rendered":"https:\/\/www.europesays.com\/it\/275213\/"},"modified":"2025-12-24T07:36:13","modified_gmt":"2025-12-24T07:36:13","slug":"pranzo-di-natale-affare-da-270-milioni-per-le-feste-i-piemontesi-spenderanno-119-euro-in-cibo","status":"publish","type":"post","link":"https:\/\/www.europesays.com\/it\/275213\/","title":{"rendered":"Pranzo di Natale, affare da 270 milioni. Per le feste i piemontesi spenderanno 119 euro in cibo"},"content":{"rendered":"<p>Se <strong>Natale \u00e8 un\u2019occasione per stare in famiglia<\/strong>, per i commercianti e i produttori di cibi tradizionali \u00e8 il momento per fare lauti affari. Quest\u2019anno, tra la cena della vigilia e il pranzo del 25 dicembre, i piemontesi spenderanno circa 270 milioni di euro. Cifra che da sola rende la dimensione dell\u2019economia che ruota attorno alla festa cristiana per eccellenza e che emerge da un sondaggio realizzato da <strong>Confesercenti<\/strong>. I piemontesi spenderanno ben 119 euro a testa: non un men\u00f9 da salasso, ma neppure una dieta francescana. Piuttosto, un buon compromesso tra salvaguardia del portafoglio e tradizione. <\/p>\n<p>Il Natale sar\u00e0 soprattutto casa e persone care: tre piemontesi su quattro staranno con parenti pi\u00f9 o meno graditi in sale da pranzo con tavole imbandite pi\u00f9 o meno allungabili e alberi di Natale addobbati. Solo il 9% passer\u00e0 la festivit\u00e0 a casa di amici, mentre il 6% sar\u00e0 in qualche localit\u00e0 di vacanza e il 5% ha gi\u00e0 prenotato un tavolo in ristorante. Di certo, la voglia di festeggiare si perpetua. I commercianti fanno un bilancio delle vendite: cibo e libri tra i regali prediletti. Il primo si consuma, i secondi si regalano anche all\u2019ultimo minuto senza sensi di colpa. Bene anche i cosmetici, dalle creme ai trucchi, e l\u2019abbigliamento: un maglioncino rosso con la renna, cappelli, paia di guanti. Ora siamo al rush finale, con pasticcerie e gastronomie aperte come pronto soccorso del gusto. \u00abIl budget di spesa resta in linea con quella dello scorso anno. Calcoliamo una media 211 euro di spesa a persona, il 53,5% spender\u00e0 tra i 100 e i 300 euro\u00bb, afferma <strong>Maria Luisa Coppa<\/strong> presidente di <strong>Ascom Torino<\/strong>. E anche gli albergatori sorridono guardando alle camere quasi sold out per San Silvestro, cos\u00ec come per l\u2019inizio di gennaio e per l\u2019Epifania.  <\/p>\n<p>Il presidente di Confesercenti Torino <strong>Giancarlo Banchieri <\/strong>ricorda che questa boccata d\u2019ossigeno serve a negozi spesso in apnea. \u00abRestano le ombre, come Vanchiglia e le sue serrande penalizzate dopo lo sgombero di Askatasuna\u00bb. E resta il nodo dei consumi. \u00abNeppure i recenti rinnovi contrattuali in diversi settori hanno frenato la flessione. \u2014 conclude \u2014 Speriamo che venga approvato l\u2019emendamento che punta a estendere anche ai contratti rinnovati nel 2024 la cosiddetta flat tax, cio\u00e8 la tassazione agevolata al 5%, sugli incrementi retributivi, ampliando la platea fino ai redditi di 33mila euro\u00bb. <\/p>\n","protected":false},"excerpt":{"rendered":"Se Natale \u00e8 un\u2019occasione per stare in famiglia, per i commercianti e i produttori di cibi tradizionali \u00e8&hellip;\n","protected":false},"author":3,"featured_media":275214,"comment_status":"","ping_status":"","sticky":false,"template":"","format":"standard","meta":{"footnotes":""},"categories":[79],"tags":[14,93,94,1537,90,89,7,15,11,84,91,12,85,92],"class_list":{"0":"post-275213","1":"post","2":"type-post","3":"status-publish","4":"format-standard","5":"has-post-thumbnail","7":"category-italia","8":"tag-cronaca","9":"tag-cronaca-italiana","10":"tag-cronacaitaliana","11":"tag-it","12":"tag-italia","13":"tag-italy","14":"tag-news","15":"tag-notizie","16":"tag-ultime-notizie","17":"tag-ultime-notizie-e-news-di-oggi","18":"tag-ultime-notizie-italia","19":"tag-ultimenotizie","20":"tag-ultimenotizieenewsdioggi","21":"tag-ultimenotizieitalia"},"share_on_mastodon":{"url":"https:\/\/pubeurope.com\/@it\/115773399713073027","error":""},"_links":{"self":[{"href":"https:\/\/www.europesays.com\/it\/wp-json\/wp\/v2\/posts\/275213","targetHints":{"allow":["GET"]}}],"collection":[{"href":"https:\/\/www.europesays.com\/it\/wp-json\/wp\/v2\/posts"}],"about":[{"href":"https:\/\/www.europesays.com\/it\/wp-json\/wp\/v2\/types\/post"}],"author":[{"embeddable":true,"href":"https:\/\/www.europesays.com\/it\/wp-json\/wp\/v2\/users\/3"}],"replies":[{"embeddable":true,"href":"https:\/\/www.europesays.com\/it\/wp-json\/wp\/v2\/comments?post=275213"}],"version-history":[{"count":0,"href":"https:\/\/www.europesays.com\/it\/wp-json\/wp\/v2\/posts\/275213\/revisions"}],"wp:featuredmedia":[{"embeddable":true,"href":"https:\/\/www.europesays.com\/it\/wp-json\/wp\/v2\/media\/275214"}],"wp:attachment":[{"href":"https:\/\/www.europesays.com\/it\/wp-json\/wp\/v2\/media?parent=275213"}],"wp:term":[{"taxonomy":"category","embeddable":true,"href":"https:\/\/www.europesays.com\/it\/wp-json\/wp\/v2\/categories?post=275213"},{"taxonomy":"post_tag","embeddable":true,"href":"https:\/\/www.europesays.com\/it\/wp-json\/wp\/v2\/tags?post=275213"}],"curies":[{"name":"wp","href":"https:\/\/api.w.org\/{rel}","templated":true}]}}