{"id":275219,"date":"2025-12-24T07:46:21","date_gmt":"2025-12-24T07:46:21","guid":{"rendered":"https:\/\/www.europesays.com\/it\/275219\/"},"modified":"2025-12-24T07:46:21","modified_gmt":"2025-12-24T07:46:21","slug":"un-altro-natale-in-bici-in-giro-per-il-mondo-ma-stavolta-monica-e-vicina-a-casa","status":"publish","type":"post","link":"https:\/\/www.europesays.com\/it\/275219\/","title":{"rendered":"Un altro Natale in bici (in giro per il mondo), ma stavolta Monica \u00e8 vicina a casa"},"content":{"rendered":"\n<p>Lazise<\/p>\n<p>Consolini da due anni percorre il pianeta su due ruote: ora \u00e8 arrivata in Spagna. Ritorno previsto il 17 gennaio<\/p>\n<p>    &#13;<br \/>\n    &#13;<br \/>\n                 &#13;<br \/>\n  &#13;<\/p>\n<p>        <img loading=\"lazy\" decoding=\"async\" src=\"https:\/\/www.europesays.com\/it\/wp-content\/uploads\/2025\/12\/Consolini a Ushuaia%2C tappa finale in Sud America.jpg\" data-format=\"16x9\" alt=\"Consolini a Ushuaia, tappa finale in Sud America\" width=\"750\" height=\"421\"\/><br \/>\n      &#13;<\/p>\n<p>&#13;<br \/>\n      Consolini a Ushuaia, tappa finale in Sud America&#13;\n          <\/p>\n<p>    &#13;<br \/>\n    &#13;<br \/>\n                 &#13;<br \/>\n  &#13;<\/p>\n<p>        <img loading=\"lazy\" decoding=\"async\" src=\"https:\/\/www.europesays.com\/it\/wp-content\/uploads\/2025\/12\/Consolini a Ushuaia%2C tappa finale in Sud America.jpg\" data-format=\"16x9\" alt=\"Consolini a Ushuaia, tappa finale in Sud America\" width=\"750\" height=\"421\"\/><br \/>\n      &#13;<\/p>\n<p>&#13;<br \/>\n      Consolini a Ushuaia, tappa finale in Sud America&#13;\n          <\/p>\n<p>\u00a0Il pandoro \u00e8 gi\u00e0 stato sfornato e anche assaggiato, il resto del menu \u00e8 in corso di definizione. \u00abDi solito a casa preparo sempre il pandoro a Natale e anche a Ferragosto\u00bb, racconta Monica Consolini, originaria di Lazise, da due anni in viaggio per il mondo con la sua <strong>bicicletta \u00abPapasia\u00bb<\/strong>. Da inizio dicembre si trova a Los Montesinos, a una cinquantina di chilometri da Alicante, sulla Costa Blanca, ospite di una coppia italiana che da quattro anni si \u00e8 trasferita in Spagna. \u00abIl resto del menu \u00e8 ancora da definire. L&#8217;idea \u00e8 fare un picnic in spiaggia, ma le previsioni danno brutto tempo perci\u00f2 \u00e8 probabile che resteremo in casa\u00bb, prosegue Monica. Di certo non mancheranno le prelibatezze.<\/p>\n<p>&#13;<br \/>\n\u00abSia Arianna che suo marito sono degli ottimi cuochi e io in questi giorni<strong> ho preparato piatti peruviani, georgiani, uzbeki\u00bb<\/strong>, ricordi di alcuni dei luoghi attraversati. Arianna fa parte del gruppo di amici del \u00abCampo base\u00bb che in questi due anni di viaggio ha assistito e seguito Monica da remoto. \u00abLei mi ha dato e mi sta dando una mano a gestire la parte emozionale e psicologica del viaggio. \u00c8 counselor, l&#8217;ho conosciuta a un corso di formazione per clown dottori. Mi ha supportata prima di partire, durante il viaggio e mi aiuter\u00e0 al ritorno\u00bb. Per Monica \u00e8 il secondo Natale lontano da casa, anche se ora \u00e8 decisamente pi\u00f9 vicina. Un anno fa si trovava negli Usa a San Diego, al confine con il Messico: aveva trascorso il giorno di Natale pedalando, poi alla sera cena frugale in spiaggia cucinata con il fornelletto da campeggio: linguine al pesto e polenta con salame e formaggio. Ora inizia il conto alla rovescia per il rientro a casa. Il contachilometri \u00e8 arrivato a segnarne 30mila e qualche altro migliaio si aggiunger\u00e0 fino all&#8217;arrivo a Lazise, previsto sabato 17 gennaio, alle 10.30, al centro giovanile parrocchiale da dove \u00e8 partita il 13 gennaio 2024.\u00a0<\/p>\n<p>    &#13;<br \/>\n    &#13;<br \/>\n                 &#13;<br \/>\n  &#13;<\/p>\n<p>        <img loading=\"lazy\" decoding=\"async\" class=\"lazyload\" src=\"https:\/\/www.europesays.com\/it\/wp-content\/uploads\/2025\/12\/In+bici+in+Tagikistan.jpg\" data-format=\"16x9\" alt=\"In bici in Tagikistan\" width=\"750\" height=\"421\"\/><br \/>\n      &#13;<\/p>\n<p>&#13;<br \/>\n      In bici in Tagikistan&#13;\n          <\/p>\n<p>Altre tappe<\/p>\n<p>&#13;<br \/>\nPrima ci sono altre tappe: \u00abVolevo rientrare in Italia seguendo la costa di Spagna e Francia, ma ho cambiato idea per le pioggia che hanno seguito il mio arrivo in Europa. Il 2 gennaio sar\u00f2 a Barcellona per prendere un traghetto che mi porter\u00e0 in Sardegna, dove rimarr\u00f2 tre giorni pedalando da Porto Torres a Santa Teresa di Gallura. <strong>Da l\u00ec un altro traghetto mi porter\u00e0 in Corsica e il 9 entrer\u00f2 nell\u2019Italia continentale, a Livorno<\/strong>\u00bb. Il percorso prevede poi tappa a Chiavari, l&#8217;attraversamento degli Appennini, sosta a Codogno, quindi Bergamo, Brescia e Peschiera, dove trascorrer\u00e0 l&#8217;ultima notte fuori casa, ospite di amici.<\/p>\n<p>Torner\u00e0 arricchita da tante esperienze e legami intessuti. I pochi giorni che restano per completare il suo giro del mondo sono animati da emozioni contrastanti, tra la malinconia per un capitolo che si chiude (almeno per ora) e il desiderio di rimettere radici. \u00abHo voglia di tornare perch\u00e9 ho la sensazione di dover rielaborare quanto vissuto\u00bb, spiega Monica, che in questi mesi ha avuto la possibilit\u00e0 di riabbracciare familiari e amici che l&#8217;hanno raggiunta in alcune tappe del percorso. Tra le ultime esperienze da ricordare, quelle legate a<strong> Los Montesinos,<\/strong> tra le escursioni in bici con un abitante del posto e l&#8217;accoglienza d&#8217;onore che le \u00e8 stata riservata dalle autorit\u00e0 locali.<\/p>\n<p>\u00abGrazie ad Arianna e a una sua amica sono stata ricevuta dall&#8217;assessora allo sport, che ha organizzato una chiacchierata con alcuni cittadini per raccontare il mio viaggio e mi ha fatto firmare l&#8217;albo d&#8217;oro del Comune\u00bb. \u00c8 possibile seguire<strong> Monica sui social,<\/strong> dov\u2019\u00e8 presente con il suo progetto \u00abRidesmiles\u00bb.<\/p>\n","protected":false},"excerpt":{"rendered":"Lazise Consolini da due anni percorre il pianeta su due ruote: ora \u00e8 arrivata in Spagna. Ritorno previsto&hellip;\n","protected":false},"author":3,"featured_media":275220,"comment_status":"","ping_status":"","sticky":false,"template":"","format":"standard","meta":{"footnotes":""},"categories":[1456],"tags":[1824,1825,1537,90,89,245,244],"class_list":{"0":"post-275219","1":"post","2":"type-post","3":"status-publish","4":"format-standard","5":"has-post-thumbnail","7":"category-ciclismo","8":"tag-ciclismo","9":"tag-cycling","10":"tag-it","11":"tag-italia","12":"tag-italy","13":"tag-sport","14":"tag-sports"},"share_on_mastodon":{"url":"https:\/\/pubeurope.com\/@it\/115773439475570967","error":""},"_links":{"self":[{"href":"https:\/\/www.europesays.com\/it\/wp-json\/wp\/v2\/posts\/275219","targetHints":{"allow":["GET"]}}],"collection":[{"href":"https:\/\/www.europesays.com\/it\/wp-json\/wp\/v2\/posts"}],"about":[{"href":"https:\/\/www.europesays.com\/it\/wp-json\/wp\/v2\/types\/post"}],"author":[{"embeddable":true,"href":"https:\/\/www.europesays.com\/it\/wp-json\/wp\/v2\/users\/3"}],"replies":[{"embeddable":true,"href":"https:\/\/www.europesays.com\/it\/wp-json\/wp\/v2\/comments?post=275219"}],"version-history":[{"count":0,"href":"https:\/\/www.europesays.com\/it\/wp-json\/wp\/v2\/posts\/275219\/revisions"}],"wp:featuredmedia":[{"embeddable":true,"href":"https:\/\/www.europesays.com\/it\/wp-json\/wp\/v2\/media\/275220"}],"wp:attachment":[{"href":"https:\/\/www.europesays.com\/it\/wp-json\/wp\/v2\/media?parent=275219"}],"wp:term":[{"taxonomy":"category","embeddable":true,"href":"https:\/\/www.europesays.com\/it\/wp-json\/wp\/v2\/categories?post=275219"},{"taxonomy":"post_tag","embeddable":true,"href":"https:\/\/www.europesays.com\/it\/wp-json\/wp\/v2\/tags?post=275219"}],"curies":[{"name":"wp","href":"https:\/\/api.w.org\/{rel}","templated":true}]}}