{"id":275323,"date":"2025-12-24T09:17:17","date_gmt":"2025-12-24T09:17:17","guid":{"rendered":"https:\/\/www.europesays.com\/it\/275323\/"},"modified":"2025-12-24T09:17:17","modified_gmt":"2025-12-24T09:17:17","slug":"inarritu-sta-tornando-la-data-di-uscita-e-il-titolo-del-suo-nuovo-film-con-protagonista-tom-cruise","status":"publish","type":"post","link":"https:\/\/www.europesays.com\/it\/275323\/","title":{"rendered":"I\u00f1\u00e1rritu sta tornando: la data di uscita (e il titolo) del suo nuovo film con protagonista Tom Cruise"},"content":{"rendered":"<p>Lo abbiamo atteso, lo abbiamo aspettato e ora \u00e8 ufficiale: il nuovo film di <strong>Alejandro Gonz\u00e1lez I\u00f1\u00e1rritu<\/strong> ha un titolo e una data di uscita. Sono stati lunghi questi mesi di indizi, rumor e indiscrezioni da parte di chi cercava di indagare sulla natura della nuova opera del regista cinque volte Premio Oscar. Finalmente, <strong>un comunicato ufficiale di Warner Bros.<\/strong> ha dissipato ogni dubbio, svelando non solo il titolo ma anche la data di uscita. C&#8217;\u00e8 di pi\u00f9: il protagonista del nuovo film di I\u00f1\u00e1rritu \u00e8 nientemeno che <strong>Tom Cruise,<\/strong> alla sua prima collaborazione con il regista messicano.<\/p>\n<p><strong>Trama, data di uscita e titolo del nuovo film di I\u00f1\u00e1rritu con Tom Cruise<\/strong><\/p>\n<p>Un video diffuso sui canali social ufficiali della Warner ha svelato il titolo: &#8220;<strong>Digger&#8221;<\/strong>. Le prime informazioni descrivono la pellicola come una &#8220;<strong>commedia di proporzioni catastrofiche&#8221; <\/strong>e, vista la predisposizione di I\u00f1\u00e1rritu per le tragedie umane, non \u00e8 difficile crederci. Il protagonista, interpretato da <strong>Tom Cruise, <\/strong>\u00e8 il misterioso Digger Rockwell, presentato con stivaloni e pala, come mostrato nel trailer ufficiale. La sceneggiatura risale al 2023 e porta la firma, oltre che dello stesso regista, anche di Nicol\u00e1s Giacobone e Alexander Dinelaris, gi\u00e0 co-sceneggiatori di Birdman.<\/p>\n<p>            <img decoding=\"async\" class=\"rounded-2xl rounded-tl-none w-full \" loading=\"lazy\" src=\"https:\/\/www.europesays.com\/it\/wp-content\/uploads\/2025\/12\/eyJidWNrZXQiOiJyZWFsbHliYWQiLCJrZXkiOiJtZWRpYS1saWJyYXJ5XC8zOTk2OTlcL2Ftb3Jlcy1wZXJyb3MtYmFkdGFzdGUu.jpeg\"  \/><br \/>\n                 Copyright by production studio and\/or distributor<\/p>\n<p>Nonostante i premi Oscar di Alejandro Gonz\u00e1lez I\u00f1\u00e1rritu risalgano alla sua produzione pi\u00f9 recente, il regista messicano \u00e8 attivo da oltre vent&#8217;anni. Il suo stile crudo e la profondit\u00e0 emotiva e sociale delle tematiche scelte sono presenti fin dal suo incredibile debutto: nel 2000, infatti, esce <strong>&#8220;Amores Perros&#8221;<\/strong>. Sin da questo primo lavoro \u00e8 evidente la predisposizione di I\u00f1\u00e1rritu nello scavare nella tragedia umana, pur mantenendo uno stile visuale estremamente pulito e sognante. Ed \u00e8 proprio questo che rende i suoi film cos\u00ec terribilmente emozionanti.<\/p>\n<p>La presenza di I\u00f1\u00e1rritu ad Hollywood assume inoltre un&#8217;importanza politica: \u00e8 infatti il primo messicano a vincere il Premio Oscar per il miglior film e tutte le sue opere hanno ricevuto almeno una nomination. Un primato che lo rende uno dei nomi pi\u00f9 influenti della storia del cinema moderno.<\/p>\n<p>Il suo primo lavoro con un cast internazionale, e non esclusivamente messicano, \u00e8 <strong>&#8220;21 grammi&#8221;,<\/strong> un esordio internazionale con attori stellari come <strong>Sean Penn, Naomi Watts e Benicio del Toro<\/strong>. Da l\u00ec l&#8217;ascesa \u00e8 continua: <strong>nel 2006 esce&#8221;Babel&#8221;<\/strong> con Brad Pitt e Cate Blanchett, poi &#8220;<strong>Birdman&#8221;<\/strong> nel 2014 e &#8220;<strong>The Revenant&#8221;,<\/strong> che finalmente garantisce un premio Oscar a Leonardo DiCaprio.<\/p>\n<p>Per il prossimo lavoro di I\u00f1\u00e1rritu,<strong> &#8220;Digger&#8221;,<\/strong> la data di uscita ufficiale annunciata da Warner Bros.<strong> \u00e8 il 2 ottobre 2026.<\/strong><\/p>\n","protected":false},"excerpt":{"rendered":"Lo abbiamo atteso, lo abbiamo aspettato e ora \u00e8 ufficiale: il nuovo film di Alejandro Gonz\u00e1lez I\u00f1\u00e1rritu ha&hellip;\n","protected":false},"author":3,"featured_media":275324,"comment_status":"","ping_status":"","sticky":false,"template":"","format":"standard","meta":{"footnotes":""},"categories":[1442],"tags":[203,454,204,1537,90,89,1521],"class_list":{"0":"post-275323","1":"post","2":"type-post","3":"status-publish","4":"format-standard","5":"has-post-thumbnail","7":"category-film","8":"tag-entertainment","9":"tag-film","10":"tag-intrattenimento","11":"tag-it","12":"tag-italia","13":"tag-italy","14":"tag-movies"},"share_on_mastodon":{"url":"https:\/\/pubeurope.com\/@it\/115773797000800725","error":""},"_links":{"self":[{"href":"https:\/\/www.europesays.com\/it\/wp-json\/wp\/v2\/posts\/275323","targetHints":{"allow":["GET"]}}],"collection":[{"href":"https:\/\/www.europesays.com\/it\/wp-json\/wp\/v2\/posts"}],"about":[{"href":"https:\/\/www.europesays.com\/it\/wp-json\/wp\/v2\/types\/post"}],"author":[{"embeddable":true,"href":"https:\/\/www.europesays.com\/it\/wp-json\/wp\/v2\/users\/3"}],"replies":[{"embeddable":true,"href":"https:\/\/www.europesays.com\/it\/wp-json\/wp\/v2\/comments?post=275323"}],"version-history":[{"count":0,"href":"https:\/\/www.europesays.com\/it\/wp-json\/wp\/v2\/posts\/275323\/revisions"}],"wp:featuredmedia":[{"embeddable":true,"href":"https:\/\/www.europesays.com\/it\/wp-json\/wp\/v2\/media\/275324"}],"wp:attachment":[{"href":"https:\/\/www.europesays.com\/it\/wp-json\/wp\/v2\/media?parent=275323"}],"wp:term":[{"taxonomy":"category","embeddable":true,"href":"https:\/\/www.europesays.com\/it\/wp-json\/wp\/v2\/categories?post=275323"},{"taxonomy":"post_tag","embeddable":true,"href":"https:\/\/www.europesays.com\/it\/wp-json\/wp\/v2\/tags?post=275323"}],"curies":[{"name":"wp","href":"https:\/\/api.w.org\/{rel}","templated":true}]}}