{"id":275450,"date":"2025-12-24T11:03:15","date_gmt":"2025-12-24T11:03:15","guid":{"rendered":"https:\/\/www.europesays.com\/it\/275450\/"},"modified":"2025-12-24T11:03:15","modified_gmt":"2025-12-24T11:03:15","slug":"le-fotografie-e-le-parole-in-46-pannelli-poi-il-tour","status":"publish","type":"post","link":"https:\/\/www.europesays.com\/it\/275450\/","title":{"rendered":"Le fotografie e le parole in 46 pannelli. Poi il tour"},"content":{"rendered":"<p>Bologna, 23 dicembre 2025 \u2013 A coronamento degli ultimi mesi di<strong> festeggiamenti per i 140 anni del nostro quotidiano<\/strong>, ha aperto la <strong>mostra Occhi sulla storia<\/strong>. Le foto, le notizie, i 140 anni de Il Resto del Carlino. Un viaggio attraverso le fotografie e le parole dei cronisti \u2013 che da quel lontano 1885 non hanno mai smesso di raccontare il mondo e i piccoli territori \u2013 che si pu\u00f2 percorrere<strong> fino al 14 gennaio 2026<\/strong>. I 46 pannelli, che suggeriscono l\u2019idea della bobina di carta, sono esposti nella sala Convegni Banca di Bologna, nel prestigioso Palazzo De\u2019 Toschi, in piazza Minghetti. Ecco <strong>gli orari per visitare la mostra, totalmente gratuita<\/strong>.<\/p>\n<p><a rel=\"follow nofollow noopener\" href=\"https:\/\/140anni.ilrestodelcarlino.it\/\" target=\"_blank\">Leggi il nostro speciale<\/a><\/p>\n<p>Oggi, dalle 15 alle 18. Dopo la chiusura del 24, 25 e 26 dicembre, porte aperte di nuovo sabato 27 dicembre(15\u2013 18) e domenica 28 dicembre(10-14). La mostra \u00e8 chiusa luned\u00ec 29 dicembre (e tutti i luned\u00ec non festivi), ma riapre marted\u00ec 30 (15\u2013 18). Giorni di riposo anche mercoled\u00ec 31 dicembre e gioved\u00ec 1 gennaio 2026, mentre le visite tornano venerd\u00ec 2 gennaio (10-14); sabato 3 (15 \u2013 18) e domenica 4 gennaio(10 \u2013 14). La mostra \u00e8 chiusa luned\u00ec 5 gennaio e riapre marted\u00ec 6 (15 \u2013 18); mercoled\u00ec 7 (10 \u2013 14); gioved\u00ec 8 (15 \u2013 18); venerd\u00ec 9 gennaio (10 \u2013 14); sabato 10 (15 \u2013 18) e domenica 11 (10 \u201314). Ultime visite marted\u00ec 13 gennaio(15 \u2013 18) e mercoled\u00ec 14 (10 \u2013 14). Ma non \u00e8 finita qui, perch\u00e9 dopo l\u2019allestimento bolognese, il viaggio non finisce: la mostra infatti <strong>va in tour per raccontare 140 anni \u2018Con gli occhi sulla storia\u2019, in altre citt\u00e0 dell\u2019Emilia-Romagna e delle Marche<\/strong>: <strong>Modena, Ravenna, Imola, Faenza, Rimini e Pesaro<\/strong>. Guerre ed eventi tragici, ma anche racconti meravigliosi e imprese eccezionali.<\/p>\n<p>Una mostra che attraversa i grandi fatti e le personalit\u00e0 pi\u00f9 influenti del Paese e del mondo, attraverso una selezione delle pi\u00f9 significatice tra le oltre 50mila prime pagine pubblicate nella storia del quotidiano. A completare l\u2019esposizione, una saletta multimediale in cui vengono esplorati anche i nuovi linguaggi dei media.<\/p>\n","protected":false},"excerpt":{"rendered":"Bologna, 23 dicembre 2025 \u2013 A coronamento degli ultimi mesi di festeggiamenti per i 140 anni del nostro&hellip;\n","protected":false},"author":3,"featured_media":275451,"comment_status":"","ping_status":"","sticky":false,"template":"","format":"standard","meta":{"footnotes":""},"categories":[1446],"tags":[1615,1613,1614,1611,1610,1612,203,21869,204,1537,90,89,47874,4979,3555],"class_list":{"0":"post-275450","1":"post","2":"type-post","3":"status-publish","4":"format-standard","5":"has-post-thumbnail","7":"category-arte-e-design","8":"tag-arte","9":"tag-arte-e-design","10":"tag-arteedesign","11":"tag-arts","12":"tag-arts-and-design","13":"tag-design","14":"tag-entertainment","15":"tag-fotografie","16":"tag-intrattenimento","17":"tag-it","18":"tag-italia","19":"tag-italy","20":"tag-pannelli","21":"tag-parole","22":"tag-tour"},"share_on_mastodon":{"url":"https:\/\/pubeurope.com\/@it\/115774213555746643","error":""},"_links":{"self":[{"href":"https:\/\/www.europesays.com\/it\/wp-json\/wp\/v2\/posts\/275450","targetHints":{"allow":["GET"]}}],"collection":[{"href":"https:\/\/www.europesays.com\/it\/wp-json\/wp\/v2\/posts"}],"about":[{"href":"https:\/\/www.europesays.com\/it\/wp-json\/wp\/v2\/types\/post"}],"author":[{"embeddable":true,"href":"https:\/\/www.europesays.com\/it\/wp-json\/wp\/v2\/users\/3"}],"replies":[{"embeddable":true,"href":"https:\/\/www.europesays.com\/it\/wp-json\/wp\/v2\/comments?post=275450"}],"version-history":[{"count":0,"href":"https:\/\/www.europesays.com\/it\/wp-json\/wp\/v2\/posts\/275450\/revisions"}],"wp:featuredmedia":[{"embeddable":true,"href":"https:\/\/www.europesays.com\/it\/wp-json\/wp\/v2\/media\/275451"}],"wp:attachment":[{"href":"https:\/\/www.europesays.com\/it\/wp-json\/wp\/v2\/media?parent=275450"}],"wp:term":[{"taxonomy":"category","embeddable":true,"href":"https:\/\/www.europesays.com\/it\/wp-json\/wp\/v2\/categories?post=275450"},{"taxonomy":"post_tag","embeddable":true,"href":"https:\/\/www.europesays.com\/it\/wp-json\/wp\/v2\/tags?post=275450"}],"curies":[{"name":"wp","href":"https:\/\/api.w.org\/{rel}","templated":true}]}}