{"id":275711,"date":"2025-12-24T15:19:13","date_gmt":"2025-12-24T15:19:13","guid":{"rendered":"https:\/\/www.europesays.com\/it\/275711\/"},"modified":"2025-12-24T15:19:13","modified_gmt":"2025-12-24T15:19:13","slug":"il-galatasaray-punta-sul-palleggiatore-usa-ivolley-magazine","status":"publish","type":"post","link":"https:\/\/www.europesays.com\/it\/275711\/","title":{"rendered":"il Galatasaray punta sul palleggiatore Usa \u2013 iVolley Magazine"},"content":{"rendered":"<p>Il mercato della pallavolo internazionale si focalizza nuovamente sulla Turchia con il ritorno di Micah Ma\u2019a nella Efeler Ligi. Il palleggiatore statunitense, dopo la significativa esperienza con l\u2019Halkbank Ankara, avrebbe raggiunto un accordo con il Galatasaray per la prossima stagione. L\u2019operazione, se con conclusa, segnerebbe il rientro del regista in un campionato che conosce bene e dove ha gi\u00e0 dimostrato il proprio valore, diventando uno dei nomi pi\u00f9 seguiti per la costruzione del nuovo sestetto giallorosso di Istanbul.<\/p>\n<p>Attualmente in forza al Fakel Novy Urengoy, nella Super League russa, dove divide il campo con l\u2019opposto italiano Yuri Roman\u00f2, Ma\u2019a \u00e8 un punto fermo della nazionale degli Stati Uniti. Classe 1997, il palleggiatore \u00e8 riconosciuto per la precisione nella distribuzione e per la capacit\u00e0 di gestire il gioco con ritmi elevati. Il Galatasaray, oggi allenato da Andrea Gardini, avrebbe scelto di puntare sulla sua esperienza per elevare il livello tecnico della squadra e competere ai vertici delle competizioni nazionali e continentali<\/p>\n<p>Fonte: voleybolunsesi.com<\/p>\n","protected":false},"excerpt":{"rendered":"Il mercato della pallavolo internazionale si focalizza nuovamente sulla Turchia con il ritorno di Micah Ma\u2019a nella Efeler&hellip;\n","protected":false},"author":3,"featured_media":275712,"comment_status":"","ping_status":"","sticky":false,"template":"","format":"standard","meta":{"footnotes":""},"categories":[1474],"tags":[1537,90,89,245,244,1869],"class_list":{"0":"post-275711","1":"post","2":"type-post","3":"status-publish","4":"format-standard","5":"has-post-thumbnail","7":"category-volley","8":"tag-it","9":"tag-italia","10":"tag-italy","11":"tag-sport","12":"tag-sports","13":"tag-volley"},"share_on_mastodon":{"url":"https:\/\/pubeurope.com\/@it\/115775220181975084","error":""},"_links":{"self":[{"href":"https:\/\/www.europesays.com\/it\/wp-json\/wp\/v2\/posts\/275711","targetHints":{"allow":["GET"]}}],"collection":[{"href":"https:\/\/www.europesays.com\/it\/wp-json\/wp\/v2\/posts"}],"about":[{"href":"https:\/\/www.europesays.com\/it\/wp-json\/wp\/v2\/types\/post"}],"author":[{"embeddable":true,"href":"https:\/\/www.europesays.com\/it\/wp-json\/wp\/v2\/users\/3"}],"replies":[{"embeddable":true,"href":"https:\/\/www.europesays.com\/it\/wp-json\/wp\/v2\/comments?post=275711"}],"version-history":[{"count":0,"href":"https:\/\/www.europesays.com\/it\/wp-json\/wp\/v2\/posts\/275711\/revisions"}],"wp:featuredmedia":[{"embeddable":true,"href":"https:\/\/www.europesays.com\/it\/wp-json\/wp\/v2\/media\/275712"}],"wp:attachment":[{"href":"https:\/\/www.europesays.com\/it\/wp-json\/wp\/v2\/media?parent=275711"}],"wp:term":[{"taxonomy":"category","embeddable":true,"href":"https:\/\/www.europesays.com\/it\/wp-json\/wp\/v2\/categories?post=275711"},{"taxonomy":"post_tag","embeddable":true,"href":"https:\/\/www.europesays.com\/it\/wp-json\/wp\/v2\/tags?post=275711"}],"curies":[{"name":"wp","href":"https:\/\/api.w.org\/{rel}","templated":true}]}}