{"id":275733,"date":"2025-12-24T15:37:11","date_gmt":"2025-12-24T15:37:11","guid":{"rendered":"https:\/\/www.europesays.com\/it\/275733\/"},"modified":"2025-12-24T15:37:11","modified_gmt":"2025-12-24T15:37:11","slug":"meta-sospenda-le-condizioni-che-escludono-la-concorrenza","status":"publish","type":"post","link":"https:\/\/www.europesays.com\/it\/275733\/","title":{"rendered":"Meta sospenda le condizioni che escludono la concorrenza"},"content":{"rendered":"\n<p>L&#8217;Antitrust ha adottato la misura cautelare nei confronti di Meta. L&#8217;istruttoria era stata avviata a luglio 2025 per presunto abuso di posizione dominante perch\u00e9 la societ\u00e0 ha integrato il <strong>servizio Meta AI<\/strong> nell&#8217;app di messaggistica <strong>WhatsApp<\/strong>, in posizione preminente rispetto ai servizi dei concorrenti.\u00a0<\/p>\n<p>\u201cIl procedimento \u00e8 stato ampliato oggettivamente il 25 novembre scorso, con contestuale avvio del sub-procedimento cautelare, in merito all&#8217;applicazione delle <strong>nuove condizioni contrattuali<\/strong> previste dai WhatsApp Business Solution Terms, introdotte il 15 ottobre e la cui piena efficacia si dispiegher\u00e0 entro il 15 gennaio 2026\u201d.<\/p>\n<p>Lo scrive l&#8217;Antitrust ricordando che queste condizioni contrattuali <strong>escludono <\/strong>del tutto dalla piattaforma WhatsApp le i<strong>mprese concorrenti <\/strong>di Meta AI nel mercato dei servizi di Chatbot AI.<\/p>\n<p>&#8220;Al termine del procedimento per l&#8217;adozione delle misure cautelari ex art. 14-bis della legge n. 287\/1990, dopo la presentazione delle memorie scritte e l&#8217;audizione delle parti, si legge nella nota, l&#8217;Autorit\u00e0 &#8220;ha ritenuto che sussistano i requisiti necessari per l&#8217;adozione della misura cautelare in relazione agli effetti della condotta sul territorio italiano&#8221;.<\/p>\n<p>Secondo l&#8217;Antitrust, infatti, &#8220;la condotta di Meta sembra avere natura abusiva, perch\u00e9 <strong>suscettibile di limitare la produzione, gli sbocchi o lo sviluppo tecnico nel mercato dei servizi di Chatbot AI<\/strong>, a danno dei consumatori. Inoltre, il comportamento di Meta pu\u00f2 arrecare un danno grave e irreparabile, durante il tempo necessario per lo svolgimento dell&#8217;istruttoria, alle dinamiche competitive nel mercato interessato, pregiudicandone la contendibilit\u00e0.<\/p>\n<p>Pertanto, l&#8217;Autorit\u00e0 ha disposto che Meta <strong>sospenda immediatamente le condizioni contrattuali<\/strong> dei WhatsApp Business Solution Terms cos\u00ec da preservare l&#8217;accesso alla piattaforma WhatsApp ai Chatbot AI concorrenti di Meta AI&#8221;.<\/p>\n<p>L&#8217;Autorit\u00e0 italiana &#8211; conclude la nota &#8211; \u00e8 in coordinamento con la Commissione europea per assicurare che la condotta di Meta venga affrontata nella maniera pi\u00f9 efficace.<\/p>\n<p>Meta: decisione infondata, faremo ricorso<\/p>\n<p>&#8220;La decisione dell&#8217;Autorit\u00e0 Garante della Concorrenza e del Mercato \u00e8 infondata. L&#8217;emergere di chatbot di intelligenza artificiale sulle nostre Business API <strong>ha messo sotto pressione i nostri sistemi<\/strong>, che non erano stati progettati per supportare questo tipo di utilizzo. <strong>L&#8217;Autorit\u00e0 italiana parte dal presupposto che WhatsApp sia, in qualche modo, un app store di fatto<\/strong>. I canali di accesso al mercato per le aziende di IA sono gli app store, i loro siti web e le partnership di settore, non la piattaforma WhatsApp Business. Faremo ricorso&#8221;.\u00a0<\/p>\n<p>Lo ha affermato all&#8217;Ansa un portavoce di Meta.<br \/>\u00a0<\/p>\n","protected":false},"excerpt":{"rendered":"L&#8217;Antitrust ha adottato la misura cautelare nei confronti di Meta. L&#8217;istruttoria era stata avviata a luglio 2025 per&hellip;\n","protected":false},"author":3,"featured_media":275734,"comment_status":"","ping_status":"","sticky":false,"template":"","format":"standard","meta":{"footnotes":""},"categories":[172],"tags":[178,177,1537,90,89],"class_list":{"0":"post-275733","1":"post","2":"type-post","3":"status-publish","4":"format-standard","5":"has-post-thumbnail","7":"category-affari","8":"tag-affari","9":"tag-business","10":"tag-it","11":"tag-italia","12":"tag-italy"},"share_on_mastodon":{"url":"https:\/\/pubeurope.com\/@it\/115775291064209075","error":""},"_links":{"self":[{"href":"https:\/\/www.europesays.com\/it\/wp-json\/wp\/v2\/posts\/275733","targetHints":{"allow":["GET"]}}],"collection":[{"href":"https:\/\/www.europesays.com\/it\/wp-json\/wp\/v2\/posts"}],"about":[{"href":"https:\/\/www.europesays.com\/it\/wp-json\/wp\/v2\/types\/post"}],"author":[{"embeddable":true,"href":"https:\/\/www.europesays.com\/it\/wp-json\/wp\/v2\/users\/3"}],"replies":[{"embeddable":true,"href":"https:\/\/www.europesays.com\/it\/wp-json\/wp\/v2\/comments?post=275733"}],"version-history":[{"count":0,"href":"https:\/\/www.europesays.com\/it\/wp-json\/wp\/v2\/posts\/275733\/revisions"}],"wp:featuredmedia":[{"embeddable":true,"href":"https:\/\/www.europesays.com\/it\/wp-json\/wp\/v2\/media\/275734"}],"wp:attachment":[{"href":"https:\/\/www.europesays.com\/it\/wp-json\/wp\/v2\/media?parent=275733"}],"wp:term":[{"taxonomy":"category","embeddable":true,"href":"https:\/\/www.europesays.com\/it\/wp-json\/wp\/v2\/categories?post=275733"},{"taxonomy":"post_tag","embeddable":true,"href":"https:\/\/www.europesays.com\/it\/wp-json\/wp\/v2\/tags?post=275733"}],"curies":[{"name":"wp","href":"https:\/\/api.w.org\/{rel}","templated":true}]}}