{"id":275760,"date":"2025-12-24T16:07:14","date_gmt":"2025-12-24T16:07:14","guid":{"rendered":"https:\/\/www.europesays.com\/it\/275760\/"},"modified":"2025-12-24T16:07:14","modified_gmt":"2025-12-24T16:07:14","slug":"sonia-bruganelli-alla-figlia-silvia-ho-avuto-paura-di-perderti-tu-mi-hai-persa-piu-volte-sei-molto-piu-di-cio-che-avrei-mai-immaginato-sono-stata-molto-meno-di-cio-che-avresti-meritato","status":"publish","type":"post","link":"https:\/\/www.europesays.com\/it\/275760\/","title":{"rendered":"Sonia Bruganelli alla figlia Silvia: \u00abHo avuto paura di perderti, tu mi hai persa pi\u00f9 volte. Sei molto pi\u00f9 di ci\u00f2 che avrei mai immaginato, sono stata molto meno di ci\u00f2 che avresti meritato\u00bb"},"content":{"rendered":"<p class=\"has-dropcap\"><strong>Silvia<\/strong>, la primogenita di a <a href=\"https:\/\/www.vanityfair.it\/article\/sonia-bruganelli-figlia-silvia-grazie-per-avermi-amata-anche-quando-non-lo-facevo-io\" rel=\"nofollow noopener\" target=\"_blank\"><strong>Sonia Bruganelli<\/strong><\/a> e del suo ex marito <a href=\"https:\/\/www.vanityfair.it\/article\/paolo-bonolis-la-vita-privata-che-ha-sempre-difeso-gossip\" rel=\"nofollow noopener\" target=\"_blank\"><strong>Paolo Bonolis<\/strong><\/a>, ha <strong>compiuto 22 anni<\/strong>. E la mamma, per festeggiarla, ha pubblicato su Instagram alcune sue foto accompagnate da toccanti parole: \u00abMi hai reso madre. Hai stravolto la mia vita.\u00a0Mi hai sorriso dopo mesi. Ti ho sorriso dopo mesi. <strong>Ho avuto paura di perderti. Mi hai persa pi\u00f9 volte<\/strong>. Sei molto ma molto di pi\u00f9 di ci\u00f2 che avrei mai immaginato. Sono stata molto ma molto meno di ci\u00f2 che avresti meritato da subito. Sono anni ormai che siamo finalmente \u201cNoi\u201d e <strong>oggi per me il 23 dicembre \u00e8 il giorno in cui la Vita ha voluto regalarmi me stessa<\/strong>\u00bb. Parole ricche di significato, specie alla luce dei problemi di salute che Silvia ha dovuto affrontare fin dalla nascita.<\/p>\n<p>Quando Sonia era incinta, infatti, si scopr\u00ec che la bambina era affetta da\u00a0una <strong>grave<\/strong> <strong>cardiopatia<\/strong> e che sarebbe stata operata appena nata: \u00abQuel giorno \u00e8 cambiata completamente la mia vita. <strong>L\u2019ultimo mese di gravidanza \u00e8 stato allucinante, non ho foto di Silvia appena nata perch\u00e9 avevo paura in qualche modo di affezionarmi<\/strong>\u00bb, aveva rivelato Bruganelli tempo fa. Subito dopo la nascita la bambina sub\u00ec dunque un delicato intervento chirurgico. Poi, qualche giorno dopo, ebbe un&#8217;ipossia che le caus\u00f2 <strong>danni neurologici permanenti<\/strong>. Sonia ebbe \u00abun crollo: avevo 27 anni, lei era la mia prima figlia (\u2026) Paolo aveva 40 anni e spalle pi\u00f9 larghe, si \u00e8 occupato lui di tutto\u00bb.<\/p>\n<p>Anche oggi per Silvia tutto \u00e8 conquista, tanto che Bruganelli ha raccontato: <strong>\u00abQuando mi dice \u201cmamma ti amo\u201d \u00e8 meraviglioso\u00bb<\/strong>. Ma le pi\u00f9 grandi preoccupazioni di Sonia, come ha spiegato lei stessa al Corriere della Sera, riguardano \u00abil futuro\u00bb della figlia, \u00abperch\u00e9 <strong>non \u00e8 ancora autosufficiente e avr\u00e0 sempre bisogno di qualcuno che l\u2019aiuti<\/strong>. Per\u00f2 penso anche che non sar\u00e0 mai sola, perch\u00e9 ha quattro fratelli (oltre a Davide e Adele, avuti con Bonolis, ci sono i due precedenti figli di lui, Stefano e Martina; ndr). Chi si occuper\u00e0 di lei avr\u00e0 una disponibilit\u00e0 economica per non farle mancare niente, e questa \u00e8 una grande fortuna, nella disgrazia\u00bb. Oggi Silvia \u00abcomincia a fare gli aperitivi, <strong>fa ippoterapia, stiamo dando molta importanza alla sua indipendenza fisica e motoria,<\/strong> alla percezione che ha di s\u00e9, alla sua autostima\u00bb. E la <a href=\"https:\/\/www.vanityfair.it\/article\/paolo-bonolis-separazione-sonia-bruganelli-l-ho-subita-pur-condividendola\" rel=\"nofollow noopener\" target=\"_blank\">separazione dei genitori<\/a>, annunciata nel 2023, non ha avuto sulla vita della ragazza un impatto negativo: \u00abNo, al contrario. <strong>Io e Paolo viviamo in due appartamenti diversi di palazzi comunicanti attraverso un terrazzo e la stanza di Silvia.<\/strong> Lei \u00e8 il nostro trait d\u2019union. Ora sono molto pi\u00f9 vicina a lei di quando abitavamo nello stesso appartamento, io e il padre al piano di sopra e lei con i fratelli sotto\u00bb.<\/p>\n<p>Paolo e Sonia per Silvia ci sono sempre stati. E continuano ad esserci, naturalmente, anche ora che le loro strade si sono separate e lei ha <a href=\"https:\/\/www.vanityfair.it\/article\/angelo-madonia-amo-sonia-bruganelli-paolo-bonolis-non-fantasma-nostra-relazione\" rel=\"nofollow noopener\" target=\"_blank\">ritrovato l&#8217;amore con Angelo Madonia<\/a>. L&#8217;anno scorso, per dire, il conduttore durante l&#8217;ultima puntata di Ciao Darwin 9 si era lasciato andare a un momento intimo e familiare proprio per dedicare <strong>un saluto alla primogenita<\/strong>, che era seduta tra il pubblico con la madre: \u00ab<a href=\"https:\/\/www.vanityfair.it\/article\/paolo-bonolis-saluto-figlia-ciao-darwin-9-silvia-amore-mio\" rel=\"nofollow noopener\" target=\"_blank\">Silvia, amore mio\u00bb<\/a>, aveva detto Bonolis dal palco. Anche pap\u00e0 Paolo, come mamma Sonia, ha parlato spesso della primogenita: Ad esempio qualche anno fa in un&#8217;intervista ha dichiarato: \u00ab<strong>Sono felicissimo di Silvia, felicissimo di come \u00e8 sempre allegra, le voglio un bene dell\u2019anima<\/strong>, mi diverte, \u00e8 piena di energia. Per\u00f2 quello che \u00e8 successo \u00e8 successo, e come disse il Marchese del Grillo: potr\u00f2 essere ancora un po\u2019 incazzato per \u2018sto fatto? <strong>Mi fa rabbia perch\u00e9 non ho armi per affrontarlo se non l\u2019accettazione e l\u2019amore<\/strong>. Per\u00f2 a me fa male. Tutto qua\u00bb.<\/p>\n","protected":false},"excerpt":{"rendered":"Silvia, la primogenita di a Sonia Bruganelli e del suo ex marito Paolo Bonolis, ha compiuto 22 anni.&hellip;\n","protected":false},"author":3,"featured_media":275761,"comment_status":"","ping_status":"","sticky":false,"template":"","format":"standard","meta":{"footnotes":""},"categories":[174],"tags":[203,204,1537,90,89,8533,6123,6124],"class_list":{"0":"post-275760","1":"post","2":"type-post","3":"status-publish","4":"format-standard","5":"has-post-thumbnail","7":"category-intrattenimento","8":"tag-entertainment","9":"tag-intrattenimento","10":"tag-it","11":"tag-italia","12":"tag-italy","13":"tag-people","14":"tag-textabovecenterfullbleed","15":"tag-web"},"share_on_mastodon":{"url":"https:\/\/pubeurope.com\/@it\/115775408983360012","error":""},"_links":{"self":[{"href":"https:\/\/www.europesays.com\/it\/wp-json\/wp\/v2\/posts\/275760","targetHints":{"allow":["GET"]}}],"collection":[{"href":"https:\/\/www.europesays.com\/it\/wp-json\/wp\/v2\/posts"}],"about":[{"href":"https:\/\/www.europesays.com\/it\/wp-json\/wp\/v2\/types\/post"}],"author":[{"embeddable":true,"href":"https:\/\/www.europesays.com\/it\/wp-json\/wp\/v2\/users\/3"}],"replies":[{"embeddable":true,"href":"https:\/\/www.europesays.com\/it\/wp-json\/wp\/v2\/comments?post=275760"}],"version-history":[{"count":0,"href":"https:\/\/www.europesays.com\/it\/wp-json\/wp\/v2\/posts\/275760\/revisions"}],"wp:featuredmedia":[{"embeddable":true,"href":"https:\/\/www.europesays.com\/it\/wp-json\/wp\/v2\/media\/275761"}],"wp:attachment":[{"href":"https:\/\/www.europesays.com\/it\/wp-json\/wp\/v2\/media?parent=275760"}],"wp:term":[{"taxonomy":"category","embeddable":true,"href":"https:\/\/www.europesays.com\/it\/wp-json\/wp\/v2\/categories?post=275760"},{"taxonomy":"post_tag","embeddable":true,"href":"https:\/\/www.europesays.com\/it\/wp-json\/wp\/v2\/tags?post=275760"}],"curies":[{"name":"wp","href":"https:\/\/api.w.org\/{rel}","templated":true}]}}