{"id":275775,"date":"2025-12-24T16:21:14","date_gmt":"2025-12-24T16:21:14","guid":{"rendered":"https:\/\/www.europesays.com\/it\/275775\/"},"modified":"2025-12-24T16:21:14","modified_gmt":"2025-12-24T16:21:14","slug":"lidl-trek-quinn-simmons-e-importante-far-divertire-il-pubblico-veniamo-pagati-solo-perche-ce-la-tv","status":"publish","type":"post","link":"https:\/\/www.europesays.com\/it\/275775\/","title":{"rendered":"Lidl-Trek, Quinn Simmons: &#8220;\u00c8 importante far divertire il pubblico, veniamo pagati solo perch\u00e9 c&#8217;\u00e8 la TV&#8221;"},"content":{"rendered":"<p>\t\t<img width=\"1200\" height=\"800\" src=\"https:\/\/www.europesays.com\/it\/wp-content\/uploads\/2025\/07\/Quinn-Simmons-Tappa-20-Tour-de-France-2025.jpg\" class=\"attachment-full size-full wp-post-image\" alt=\"\" data-main-img=\"1\" decoding=\"async\" fetchpriority=\"high\"  \/><\/p>\n<p>\t\t\t\t\t\t\t \u00a9 Sirotti<\/p>\n<p>\t\t\t\t\t<a href=\"https:\/\/cyclingpro.net\/spaziociclismo\/altro\/scopri-lapp-ufficiale-di-spaziociclismo\/\" title=\"\" rel=\"nofollow noopener\" target=\"_blank\"><br \/>\n\t\t\t\t\t\t<img loading=\"lazy\" decoding=\"async\" src=\"https:\/\/www.europesays.com\/it\/wp-content\/uploads\/2025\/09\/1758060682_662_Banner-App-SpazioCiclismo.png\" alt=\"\" width=\"728\" height=\"91\"\/><br \/>\n\t\t\t\t\t<\/a><\/p>\n<p><strong><a href=\"https:\/\/cyclingpro.net\/spaziociclismo\/worldtour\/lidl-trek-quinn-simmons-in-gruppo-sono-tutti-troppo-perfetti-su-dieci-interviste-nove-volte-si-dicono-le-stesse-cose\/\" target=\"_blank\" rel=\"noopener nofollow\">Quinn Simmons<\/a>\u00a0<\/strong>non vuole smettere di dare spettacolo al pubblico. In questa stagione, il corridore della <strong>Lidl-Trek\u00a0<\/strong>\u00e8 stato pi\u00f9 volte protagonista di attacchi anche da lontano per animare la corsa, soprattutto quando era consapevole di avere poche possibilit\u00e0 di vittoria restando in gruppo. La strategia ha funzionato abbastanza bene a\u00a0<strong>Il Lombardia 2025<\/strong>, dove lo statunitense \u00e8 riuscito a raccogliere la quarta posizione in un percorso probabilmente poco adatto alle sue caratteristiche, di certo non da scalatore puro. In un 2025 che lo ha visto vincere una tappa alla <strong>Vuelta a Catalunya<\/strong>, una al <strong>Giro di Svizzera<\/strong> e il <strong>campionato nazionale in linea<\/strong>, il classe 2001 ha fatto vedere qualche risultato importante anche in alcune classiche, con il terzo posto al\u00a0<strong>GP de Montr\u00e9al 2025<\/strong>. I risultati, per\u00f2, non gli faranno cambiare strategia nel 2026.<\/p>\n<p>Nel media day della <strong>Lidl-Trek <\/strong>infatti il 24enne ha espresso la sua opinione sul ciclismo, ricordando che lo spettacolo \u00e8 parte integrante dello sport: \u201c<strong>Penso che sia importante far divertire il pubblico perch\u00e9 alla fine veniamo pagati soltanto perch\u00e9 c\u2019\u00e8 la TV<\/strong>. Devi ottenere un risultato, ma devi anche farlo bene. Non puoi fare cose stupide. <strong>Questo \u00e8 uno sport in cui pi\u00f9 occhi ci sono su di noi e sul team e sugli sponsor, pi\u00f9 soldi faremo<\/strong>. Abbiamo soltanto 10 anni per ottenere il massimo. E devi dare qualcosa al pubblico con cui divertirsi: lo devi al team, agli sponsor, a te stesso. L\u2019attacco al Lombardia? <strong>Penso che per me arrivare sul podio o quarto non abbia importanza<\/strong>. Sarebbe stato bello avere una foto sul podio, ma comunque penso di essermi spiegato. Nel 2025 ho fatto un passo in avanti\u201d.<\/p>\n<p>Dopo aver parlato del suo <strong>programma 2026<\/strong>, che si concentrer\u00e0 soprattutto su <strong>Strade Bianche<\/strong>, <strong>Amstel Gold Race <\/strong>e <strong>Tour de France<\/strong>, <a href=\"https:\/\/cyclingpro.net\/spaziociclismo\/tour-2025\/tour-de-france-2025-quinn-simmons-eletto-anche-super-gregario\/\" target=\"_blank\" rel=\"noopener nofollow\"><strong>Quinn Simmons <\/strong><\/a>ha fissato gli obiettivi: \u201c<strong>Se dovessi nominare il mio obiettivo pi\u00f9 grande, sarebbe ottenere quella vittoria di tappa al Tour che mi \u00e8 mancata quest\u2019anno<\/strong>. Ma penso che in generale fare un\u2019altra stagione allo stesso livello del 2025 sarebbe gi\u00e0 un successo. Il Mondiale? Con 4.000 metri di dislivello positivo e il mio peso, essere l\u00ec nel finale al Lombardia ha aumentato la mia fiducia. <strong>Penso che potremmo riuscire a mettere un corridore statunitense sul podio<\/strong> in quello che consideriamo i nostri Mondiali di casa, anche se si corrono in Canada, che \u00e8 vicino\u201d.<\/p>\n<p>Seguici<\/p>\n<p>\t\t\t\t\t\t\t\t\t\t<a href=\"https:\/\/news.google.com\/publications\/CAAqBwgKMNaVhQswhaiCAw?hl=it&amp;gl=IT&amp;ceid=IT%3Ait\" title=\"Google News\" target=\"_blank\" rel=\"nofollow noopener\" class=\"post-followus-btn google-new-btn\"><br \/>\n\t\t\t\t\t\t<img decoding=\"async\" src=\"https:\/\/cyclingpro.net\/spaziociclismo\/wp-content\/themes\/jannah\/assets\/images\/google-news.svg\" alt=\"Google News\" loading=\"lazy\" width=\"120\" height=\"22\"\/><br \/>\n\t\t\t\t\t<\/a><br \/>\n\t\t\t\t\t\t\t\t\t\t<a href=\"https:\/\/flipboard.com\/@SpazioCiclismo\" title=\"Flipboard\" target=\"_blank\" rel=\"nofollow noopener\" class=\"post-followus-btn flipboard-btn\"><br \/>\n\t\t\t\t\t\t<img decoding=\"async\" src=\"https:\/\/cyclingpro.net\/spaziociclismo\/wp-content\/themes\/jannah\/assets\/images\/flipboard.svg\" alt=\"Flipboard\" loading=\"lazy\" width=\"152\" height=\"30\"\/><br \/>\n\t\t\t\t\t<\/a><\/p>\n","protected":false},"excerpt":{"rendered":"\u00a9 Sirotti Quinn Simmons\u00a0non vuole smettere di dare spettacolo al pubblico. In questa stagione, il corridore della Lidl-Trek\u00a0\u00e8&hellip;\n","protected":false},"author":3,"featured_media":11913,"comment_status":"","ping_status":"","sticky":false,"template":"","format":"standard","meta":{"footnotes":""},"categories":[1456],"tags":[1824,1825,1537,90,89,15119,7684,245,244],"class_list":{"0":"post-275775","1":"post","2":"type-post","3":"status-publish","4":"format-standard","5":"has-post-thumbnail","7":"category-ciclismo","8":"tag-ciclismo","9":"tag-cycling","10":"tag-it","11":"tag-italia","12":"tag-italy","13":"tag-lidl-trek-2025","14":"tag-quinn-simmons","15":"tag-sport","16":"tag-sports"},"share_on_mastodon":{"url":"https:\/\/pubeurope.com\/@it\/115775464318625401","error":""},"_links":{"self":[{"href":"https:\/\/www.europesays.com\/it\/wp-json\/wp\/v2\/posts\/275775","targetHints":{"allow":["GET"]}}],"collection":[{"href":"https:\/\/www.europesays.com\/it\/wp-json\/wp\/v2\/posts"}],"about":[{"href":"https:\/\/www.europesays.com\/it\/wp-json\/wp\/v2\/types\/post"}],"author":[{"embeddable":true,"href":"https:\/\/www.europesays.com\/it\/wp-json\/wp\/v2\/users\/3"}],"replies":[{"embeddable":true,"href":"https:\/\/www.europesays.com\/it\/wp-json\/wp\/v2\/comments?post=275775"}],"version-history":[{"count":0,"href":"https:\/\/www.europesays.com\/it\/wp-json\/wp\/v2\/posts\/275775\/revisions"}],"wp:featuredmedia":[{"embeddable":true,"href":"https:\/\/www.europesays.com\/it\/wp-json\/wp\/v2\/media\/11913"}],"wp:attachment":[{"href":"https:\/\/www.europesays.com\/it\/wp-json\/wp\/v2\/media?parent=275775"}],"wp:term":[{"taxonomy":"category","embeddable":true,"href":"https:\/\/www.europesays.com\/it\/wp-json\/wp\/v2\/categories?post=275775"},{"taxonomy":"post_tag","embeddable":true,"href":"https:\/\/www.europesays.com\/it\/wp-json\/wp\/v2\/tags?post=275775"}],"curies":[{"name":"wp","href":"https:\/\/api.w.org\/{rel}","templated":true}]}}