{"id":275781,"date":"2025-12-24T16:29:16","date_gmt":"2025-12-24T16:29:16","guid":{"rendered":"https:\/\/www.europesays.com\/it\/275781\/"},"modified":"2025-12-24T16:29:16","modified_gmt":"2025-12-24T16:29:16","slug":"ecco-quando-tornera-in-onda-il-daily-di-rai-1","status":"publish","type":"post","link":"https:\/\/www.europesays.com\/it\/275781\/","title":{"rendered":"ecco quando torner\u00e0 in onda il daily di Rai 1"},"content":{"rendered":"<p class=\"subtitle fw-normal mb-3 lh-sm text-secondary\">La soap di Rai 1 si \u00e8 gi\u00e0 fermata per le feste di Natale, ma a quanto pare sembra allungare di qualche giorno lo stop. Quando potremo vedere i nuovi episodi?<\/p>\n<p>  <img decoding=\"async\" src=\"https:\/\/www.europesays.com\/it\/wp-content\/uploads\/2025\/12\/il_paradiso_delle_signore_quando_torna_rai_1_jpg_1280x720_crop_q85.jpg\"  alt=\"Il Paradiso delle Signore\"\/><\/p>\n<p>Il grande magazzino pi\u00f9 famoso del pomeriggio televisivo abbassa le serrande per le festivit\u00e0, ma lo fa con tempi pi\u00f9 lunghi del solito. <strong>Il Paradiso delle Signore<\/strong> si ferma per la pausa natalizia e, complice il calendario delle feste di quest&#8217;anno, <strong>la sosta si estende oltre le previsioni<\/strong> iniziali. Si tratta di una scelta di palinsesto che rimescola il daytime di Rai 1 e lascia i fan in attesa di sapere come andr\u00e0 a finire il piano di Adelaide. Ma quindi quando vedremo i nuovi episodi?  <\/p>\n<p>Il Paradiso delle Signore, quando si ferma<\/p>\n<p>    <img decoding=\"async\" alt=\"Paradiso Delle Signore Veneri\" data-caption=\"Il Paradiso delle Signore\" data-gallery-src=\"https:\/\/movieplayer.net-cdn.it\/t\/images\/2025\/04\/08\/paradiso-delle-signore-veneri_jpg_1400x0_crop_q85.jpg\" src=\"https:\/\/www.europesays.com\/it\/wp-content\/uploads\/2025\/12\/paradiso-delle-signore-veneri_jpg_375x0_crop_q85.jpg\" \/><\/p>\n<p>  Il Paradiso delle Signore<\/p>\n<p>Lo <strong>stop<\/strong> scatta a partire da oggi, mercoled\u00ec 24 dicembre, con Vigilia, Natale e Santo Stefano che saranno senza gli episodi inediti della soap. Una sospensione ormai tradizionale &#8211; e infatti <a href=\"https:\/\/movieplayer.it\/news\/il-paradiso-delle-signore-10-ferma-natale-quando-tornera-rai-1_164838\/\" title=\"lo sapevamo gi\u00e0\" rel=\"nofollow noopener\" target=\"_blank\">lo sapevamo gi\u00e0<\/a>. Quello che non sapevamo, per\u00f2, \u00e8 che quest&#8217;anno lo stop si sarebbe <strong>allungato anche al 29, 30 e 31 dicembre<\/strong>. <\/p>\n<p>La causa \u00e8 semplice e riguarda la particolare <strong>collocazione delle festivit\u00e0<\/strong>, cadute nel cuore della settimana sia per quanto riguarda il Natale che Capodanno. Di mezzo poi c&#8217;\u00e8 anche il consueto weekend (in cui <a href=\"https:\/\/movieplayer.it\/serietv\/il-paradiso-delle-signore_4705\/\" title=\"Il paradiso delle signore\" rel=\"nofollow noopener\" target=\"_blank\">Il paradiso delle signore<\/a> non va in onda) e, guardando alla programmazione ufficiale di RaiPlay, l&#8217;assenza della soap daily sembra protrarsi anche nei giorni successivi.  <\/p>\n<p>Secondo le indicazioni della guida tv Rai, infatti, tra luned\u00ec 29 e mercoled\u00ec 31 dicembre non risultano nuove puntate in onda nel consueto slot pomeridiano. Al loro posto trovano spazio <strong>appuntamenti speciali<\/strong> de La volta buona e film per accompagnare il pubblico verso Capodanno, confermando una <strong>riprogrammazione<\/strong> pi\u00f9 ampia del solito per il daytime festivo.  <\/p>\n<p>\t\t<a class=\"fw-bold\" href=\"https:\/\/movieplayer.it\/news\/natale-2025-in-tv-calendario-film-24-dicembre-6-gennaio-2026_165001\/\" title=\"Natale 2025 in TV: il calendario dei film da guardare dal 24 dicembre al 6 gennaio\" rel=\"nofollow noopener\" target=\"_blank\"><br \/>\n      Natale 2025 in TV: il calendario dei film da guardare dal 24 dicembre al 6 gennaio<\/p>\n<p>        <img loading=\"lazy\" decoding=\"async\" alt=\"Natale 2025 in TV: il calendario dei film da guardare dal 24 dicembre al 6 gennaio\" class=\"lazyload\" src=\"https:\/\/www.europesays.com\/it\/wp-content\/uploads\/2025\/12\/film_natale_2025_in_tv_jpg_200x150_crop_q85.jpg\" height=\"150\" width=\"200\"\/><\/p>\n<p>    <\/a><\/p>\n<p>Quando torna in onda Il Paradiso delle Signore<\/p>\n<p>Salvo variazioni dell&#8217;ultimo minuto, il ritorno della soap con le puntate inedite \u00e8 previsto per <strong>luned\u00ec 5 gennaio<\/strong>. Una data che segna la ripresa della programmazione regolare e il ritorno del Paradiso delle Signore nel suo classico appuntamento pomeridiano delle ore 16.00 destinato a proseguire <strong>senza interruzioni fino alla primavera<\/strong>. Ma rimanete sintonizzati per eventuali ulteriori modifiche del palinsesto.<\/p>\n<p>La lunga pausa diventa cos\u00ec una parentesi di attesa strategica, che accompagna il pubblico fino all&#8217;Epifania e rilancia le trame nella fase centrale della stagione.    <\/p>\n<p>\t\t<a class=\"fw-bold\" href=\"https:\/\/movieplayer.it\/news\/il-paradiso-delle-signore-anticipazioni-23-dicembre-rosa-spazientita_164892\/\" title=\"Il Paradiso delle Signore, anticipazioni 23 dicembre: Marcello tira la corda, Rosa si spazientisce\" rel=\"nofollow noopener\" target=\"_blank\"><br \/>\n      Il Paradiso delle Signore, anticipazioni 23 dicembre: Marcello tira la corda, Rosa si spazientisce<\/p>\n<p>        <img loading=\"lazy\" decoding=\"async\" alt=\"Il Paradiso delle Signore, anticipazioni 23 dicembre: Marcello tira la corda, Rosa si spazientisce\" class=\"lazyload\" src=\"https:\/\/www.europesays.com\/it\/wp-content\/uploads\/2025\/12\/il_paradiso_delle_signore__23_dicembre_jpg_200x150_crop_q85.jpg\" height=\"150\" width=\"200\"\/><\/p>\n<p>    <\/a><\/p>\n<p>Le storie lasciate in sospeso prima dello stop<\/p>\n<p>L&#8217;ultima settimana prima della pausa ha lasciato diversi nodi irrisolti. A partire dalle dinamiche tra <strong>Adelaide, Marcello e Umberto<\/strong>, sicuramente le pi\u00f9 attese dai fedelissimi della soap. Le scelte dei personaggi sembrano destinate ad avere conseguenze importanti nei <strong>nuovi episodi<\/strong>, dal momento che la Contessa sta tessendo gi\u00e0 da tempo la sua tela intorno al suo ex promesso sposo. E Rosa&#8230;come la prender\u00e0?<\/p>\n<p>In questi giorni la mancanza si far\u00e0 sentire (tanto) e la <strong>curiosit\u00e0<\/strong> per cosa accadr\u00e0 a casa Guarnieri e al grande magazzino milanese arriver\u00e0 alle stelle. Non ci resta che pazientare e segnare in agenda la data del 5 gennaio.<\/p>\n","protected":false},"excerpt":{"rendered":"La soap di Rai 1 si \u00e8 gi\u00e0 fermata per le feste di Natale, ma a quanto pare&hellip;\n","protected":false},"author":3,"featured_media":275782,"comment_status":"","ping_status":"","sticky":false,"template":"","format":"standard","meta":{"footnotes":""},"categories":[1444],"tags":[203,204,1537,90,89,253],"class_list":{"0":"post-275781","1":"post","2":"type-post","3":"status-publish","4":"format-standard","5":"has-post-thumbnail","7":"category-tv","8":"tag-entertainment","9":"tag-intrattenimento","10":"tag-it","11":"tag-italia","12":"tag-italy","13":"tag-tv"},"share_on_mastodon":{"url":"https:\/\/pubeurope.com\/@it\/115775496277790777","error":""},"_links":{"self":[{"href":"https:\/\/www.europesays.com\/it\/wp-json\/wp\/v2\/posts\/275781","targetHints":{"allow":["GET"]}}],"collection":[{"href":"https:\/\/www.europesays.com\/it\/wp-json\/wp\/v2\/posts"}],"about":[{"href":"https:\/\/www.europesays.com\/it\/wp-json\/wp\/v2\/types\/post"}],"author":[{"embeddable":true,"href":"https:\/\/www.europesays.com\/it\/wp-json\/wp\/v2\/users\/3"}],"replies":[{"embeddable":true,"href":"https:\/\/www.europesays.com\/it\/wp-json\/wp\/v2\/comments?post=275781"}],"version-history":[{"count":0,"href":"https:\/\/www.europesays.com\/it\/wp-json\/wp\/v2\/posts\/275781\/revisions"}],"wp:featuredmedia":[{"embeddable":true,"href":"https:\/\/www.europesays.com\/it\/wp-json\/wp\/v2\/media\/275782"}],"wp:attachment":[{"href":"https:\/\/www.europesays.com\/it\/wp-json\/wp\/v2\/media?parent=275781"}],"wp:term":[{"taxonomy":"category","embeddable":true,"href":"https:\/\/www.europesays.com\/it\/wp-json\/wp\/v2\/categories?post=275781"},{"taxonomy":"post_tag","embeddable":true,"href":"https:\/\/www.europesays.com\/it\/wp-json\/wp\/v2\/tags?post=275781"}],"curies":[{"name":"wp","href":"https:\/\/api.w.org\/{rel}","templated":true}]}}