{"id":275805,"date":"2025-12-24T16:52:15","date_gmt":"2025-12-24T16:52:15","guid":{"rendered":"https:\/\/www.europesays.com\/it\/275805\/"},"modified":"2025-12-24T16:52:15","modified_gmt":"2025-12-24T16:52:15","slug":"milan-il-retroscena-svelato-da-rabiot-tre-anni-fa-maignan","status":"publish","type":"post","link":"https:\/\/www.europesays.com\/it\/275805\/","title":{"rendered":"Milan, il retroscena svelato da Rabiot: &#8220;Tre anni fa Maignan&#8230;&#8221;"},"content":{"rendered":"<p>Adrien Rabiot \u00e8 arrivato in estate al Milan ma, secondo quanto racconta il francese, l&#8217;approdo a Milano sarebbe potuto arrivare ben prima: &#8220;Tre-quattro anni fa Maignan ha provato a farmi venire al Milan. \u00c8 un amico e un portiere fortissimo, ci sono pochi portieri come lui. Quando una squadra ha il giocatore pi\u00f9 forte lo vuole per s\u00e9.\u00a0Spero che rimanga, i compagni hanno bisogno di lui. Abbiamo visto che pu\u00f2 decidere le partite. Non so cosa succeder\u00e0, \u00e8 al Milan da tanti anni ed \u00e8 un giocatore che conta&#8221;.<\/p>\n","protected":false},"excerpt":{"rendered":"Adrien Rabiot \u00e8 arrivato in estate al Milan ma, secondo quanto racconta il francese, l&#8217;approdo a Milano sarebbe&hellip;\n","protected":false},"author":3,"featured_media":3278,"comment_status":"","ping_status":"","sticky":false,"template":"","format":"standard","meta":{"footnotes":""},"categories":[1452],"tags":[721,1740,1537,90,89,1739,245,244],"class_list":{"0":"post-275805","1":"post","2":"type-post","3":"status-publish","4":"format-standard","5":"has-post-thumbnail","7":"category-calcio","8":"tag-calcio","9":"tag-football","10":"tag-it","11":"tag-italia","12":"tag-italy","13":"tag-soccer","14":"tag-sport","15":"tag-sports"},"share_on_mastodon":{"url":"https:\/\/pubeurope.com\/@it\/115775585964646922","error":""},"_links":{"self":[{"href":"https:\/\/www.europesays.com\/it\/wp-json\/wp\/v2\/posts\/275805","targetHints":{"allow":["GET"]}}],"collection":[{"href":"https:\/\/www.europesays.com\/it\/wp-json\/wp\/v2\/posts"}],"about":[{"href":"https:\/\/www.europesays.com\/it\/wp-json\/wp\/v2\/types\/post"}],"author":[{"embeddable":true,"href":"https:\/\/www.europesays.com\/it\/wp-json\/wp\/v2\/users\/3"}],"replies":[{"embeddable":true,"href":"https:\/\/www.europesays.com\/it\/wp-json\/wp\/v2\/comments?post=275805"}],"version-history":[{"count":0,"href":"https:\/\/www.europesays.com\/it\/wp-json\/wp\/v2\/posts\/275805\/revisions"}],"wp:featuredmedia":[{"embeddable":true,"href":"https:\/\/www.europesays.com\/it\/wp-json\/wp\/v2\/media\/3278"}],"wp:attachment":[{"href":"https:\/\/www.europesays.com\/it\/wp-json\/wp\/v2\/media?parent=275805"}],"wp:term":[{"taxonomy":"category","embeddable":true,"href":"https:\/\/www.europesays.com\/it\/wp-json\/wp\/v2\/categories?post=275805"},{"taxonomy":"post_tag","embeddable":true,"href":"https:\/\/www.europesays.com\/it\/wp-json\/wp\/v2\/tags?post=275805"}],"curies":[{"name":"wp","href":"https:\/\/api.w.org\/{rel}","templated":true}]}}