{"id":275858,"date":"2025-12-24T17:41:10","date_gmt":"2025-12-24T17:41:10","guid":{"rendered":"https:\/\/www.europesays.com\/it\/275858\/"},"modified":"2025-12-24T17:41:10","modified_gmt":"2025-12-24T17:41:10","slug":"trentino-volley-11","status":"publish","type":"post","link":"https:\/\/www.europesays.com\/it\/275858\/","title":{"rendered":"Trentino Volley"},"content":{"rendered":"<p>&#13;<br \/>\n&#13;<br \/>\n&#13;<br \/>\n&#13;<br \/>\n&#13;<br \/>\n&#13;<br \/>\n\t&#13;<br \/>\n&#13;<br \/>\n    &#13;<br \/>\n&#13;<br \/>\n    &#13;<br \/>\n&#13;<br \/>\n&#13;<br \/>\n\tTrentino Volley&#13;<br \/>\n    &#13;<br \/>\n&#13;<br \/>\n&#13;<br \/>\n&#13;<br \/>\n\t\t&#13;<br \/>\n&#13;<br \/>\n\t&#13;<br \/>\n    \t&#13;<br \/>\n\t&#13;<br \/>\n&#13;<br \/>\n&#13;<br \/>\n\t\t&#13;<br \/>\n\t&#13;<br \/>\n&#13;<br \/>\n&#13;<br \/>\n\t\t&#13;<br \/>\n\t&#13;<br \/>\n\t&#13;<br \/>\n&#13;<br \/>\n&#13;<br \/>\n\t&#13;<br \/>\n&#13;<br \/>\n&#13;<br \/>\n\t\t&#13;<br \/>\n\t&#13;<br \/>\n&#13;<br \/>\n\t\t&#13;<br \/>\n\t&#13;<br \/>\n\t&#13;<br \/>\n&#13;<br \/>\n\t\t&#13;<br \/>\n\t&#13;<br \/>\n\t&#13;<br \/>\n&#13;<\/p>\n<p>&#13;<br \/>\n\t&#13;<br \/>\n&#13;<br \/>\n&#13;<br \/>\n&#13;<br \/>\n&#13;<br \/>\n\t&#13;<br \/>\n&#13;<br \/>\n&#13;<br \/>\n&#13;<br \/>\n&#13;<br \/>\n&#13;<br \/>\n&#13;<br \/>\n&#13;<br \/>\n&#13;<br \/>\n&#13;<br \/>\n&#13;<br \/>\n&#13;<br \/>\n&#13;<br \/>\n&#13;<br \/>\n&#13;<br \/>\n&#13;<br \/>\n&#13;<br \/>\n&#13;<br \/>\n &#13;<br \/>\n&#13;<br \/>\n    &#13;<br \/>\n&#13;<br \/>\n&#13;<\/p>\n<p class=\"LuogoData\">Trento, 23 Dicembre 2025<\/p>\n<p>Come vuole la tradizione, la SuperLega Credem Banca non si ferma durante le festivit\u00e0 natalizie e nel giorno di Santo Stefano propone il tredicesimo turno, il secondo girone di ritorno, di regular season 2025\/26. In questa occasione l\u2019Itas Trentino sar\u00e0 impegnata alla OpiquadArena di Monza, per affrontare la Vero Volley padrona di casa. Fischio d\u2019inizio fissato per le ore 18 di venerd\u00ec 26 dicembre; diretta su Radio Dolomiti e live streaming su DAZN e VBTV.<br \/><strong>QUI ITAS TRENTINO<\/strong> I Campioni d\u2019Italia affronteranno nella giornata successiva al Natale la seconda trasferta consecutiva di inizio girone di ritorno con l\u2019obiettivo di allungare ulteriormente la striscia positiva di nove vittorie consecutive fra campionato e Champions League e per confermarsi in vetta alla classifica.<br \/>\u201cSar\u00e0 il primo di due confronti che giocheremo con Monza nel giro di tre giorni, pur in competizioni differenti \u2013 sottolinea l\u2019allenatore dell\u2019Itas Trentino <strong>Marcelo Mendez<\/strong> \u2013 ; in situazioni di questo tipo bisogna porre molta attenzione all\u2019approccio ad ogni singola gara che sar\u00e0 sicuramente differente dalla precedente per tanti motivi. Vogliamo per\u00f2 pensare ad un impegno alla volta e concentrarci solo sulla sfida in trasferta che nasconde diverse insidie come \u00e8 normale che sia in SuperLega. La Vero Volley oltretutto in casa ha raccolto punti in quattro delle sei partite giocate e nell\u2019ultimo periodo ha trovato maggior ritmo e fluidit\u00e0 di gioco, conquistando meritatamente l\u2019accesso ai quarti di Coppa Italia. Mi aspetto quindi una partita difficile, da affrontare subito con la mentalit\u00e0 giusta, dimostrandosi immediatamente aggressivi in battuta ed in attacco\u201d.<br \/>Per preparare l\u2019appuntamento la squadra si allener\u00e0 sia nel pomeriggio della Vigilia di Natale sia nel giorno di Natale stesso e raggiunger\u00e0 la Brianza in serata. Unico indisponibile lo schiacciatore Lavia, che verr\u00e0 sostituito nel roster dal baby Giani.<br \/><strong>QUINDICESIMA PARTITA DELLA STORIA GIALLOBLU\u2019 NEL GIORNO DI SANTO STEFANO<\/strong> Giocare il giorno immediatamente successivo al Natale \u00e8 diventata negli anni una piacevole abitudine per Trentino Volley, che in venticinque precedenti stagioni di attivit\u00e0 \u00e8 gi\u00e0 scesa in campo a Santo Stefano ben quattordici volte; il bilancio dei match giocati in tale data vede i giallobl\u00f9 a segno in undici circostanze: 3-1 su Verona nel 2005 e 2022, 3-0 su Treviso nel 2010, 3-1 a Belluno nel 2011, 3-1 con Perugia nel 2012, 3-0 proprio a Monza nel 2014, 3-1 con Padova nel 2016, 3-1 con Monza nel 2017, \u00a03-1 a Siena nel 2018, 3-0 a Padova nel 2023 e 3-0 con Milano nel 2024. In trasferta le uniche tre sconfitte: 1-3 a Modena nel 2006, 1-3 a Treviso nel 2007, 2-3 a Verona nel 2021. In una occasione Trento ha giocato anche il 25 dicembre: vittoria casalinga per 3-1 con Ravenna nel giorno di Natale 2019. Venerd\u00ec Trentino Volley disputer\u00e0 il match ufficiale numero 1.109 di sempre e andr\u00e0 alla ricerca della 780^ vittoria, eventualmente la 451^ in regular season.<br \/><strong>GLI AVVERSARI<\/strong> Dopo aver forzatamente riposato domenica scorsa, avendo giocato ancora il 26 novembre la sfida con Perugia valevole per la prima di ritorno, la Vero Volley Monza il giorno di Santo Stefano torner\u00e0 in campo alla ricerca di conferme dopo la buona serie di risultati ottenuti nell\u2019ultimo periodo. Le vittorie casalinghe con Civitanova (3-1) e Grottazzolina (3-2), inframezzate dal successo esterno a Padova, hanno infatti rivitalizzato la classifica brianzola, consentendo alla squadra di Eccheli di staccare in extremis il biglietto per i quarti di finale di Coppa Italia, mancato nella precedente stagione. Le quotazioni dei biancobl\u00f9 sono cresciute di pari passo con il rendimento dell\u2019opposto ungherese Padar (170 punti nelle prime dodici partite) e con il maggior apporto offerto in questo periodo dagli schiacciatori di posto 4 Rohrs e Velichkov (22 punti nell\u2019ultima partita). All\u2019OpiquadArena di Monza, oltretutto, i padroni di casa hanno quasi sempre mosso la classifica, lasciando l\u2019intera posta in palio solo a Perugia e Piacenza.<\/p>\n<p>                                                <img decoding=\"async\" class=\"PaddingPiccolo ImgMax100\" src=\"https:\/\/www.europesays.com\/it\/wp-content\/uploads\/2025\/12\/23122025tnmoz.jpg\" alt=\"\"\/><\/p>\n<p class=\"TestoDidascalia\">Il muro a tre Itas Trentino si oppone a Velichkov nella gara d&#8217;andata (16 novembre &#8211; foto Trabalza)<\/p>\n<p><strong>I PRECEDENTI<\/strong> Sar\u00e0 il quarantunesimo incontro ufficiale fra i due Club, che luned\u00ec 29 si sfideranno nuovamente per il quarto di finale di Coppa Italia da giocare a Trento. Il bilancio complessivo \u00e8 di 33-7 per Trento, con i brianzoli che hanno perso sempre in tre set le ultime quattro partite giocate: 21 settembre 2024 a Firenze, 24 novembre 2024 a Trento, 15 febbraio 2025 a Monza e 16 novembre 2025 a Trento nella gara del girone d\u2019andata (parziali di 25-20, 25-22, 25-20 e Faure mvp). Il penultimo precedente giocato in Brianza \u00e8 stato per\u00f2 favorevole ai padroni di casa, vittoriosi per 3-1 l\u201911 aprile 2024 in gara 4 di Semifinale Play Off. Alla Arena di Monza Trentino Volley ha superato il Vero Volley in dodici delle sedici partite giocate.<br \/><strong>GLI ARBITRI<\/strong> La direzione dell\u2019incontro sar\u00e0 affidata a Ubaldo Luciani di Ancona (in Serie A dal 2010) e Ilaria Vagni di Perugia (di ruolo dal 2003 e internazionale dal 2013), alla seconda partita congiunta di SuperLega nella loro carriera. Il fischietto marchigiano \u00e8 alla sesta partita stagionale di campionato e con Trentino Volley vanta sei precedenti, l\u2019ultimo dei quali a Padova il 2 marzo scorso (vittoria per 3-0). Vagni invece \u00e8 alla quinta gara personale di regular season 2025\/26, la trentasettesima rispetto a Trento (diretta l\u2019ultima volta il 30 novembre a Milano); in archivio vanta due sfide fra Itas Trentino e Vero Volley Monza, entrambe disputate nel 2024 ed entrambe finite al tie break in favore dei brianzoli.<br \/><strong>MEDIA <\/strong>La partita sar\u00e0 raccontata in cronaca diretta da Radio Dolomiti, media partner di Trentino Volley. Le frequenze per ascoltare il network regionale sono consultabili sul sito <a href=\"https:\/\/www.radiodolomiti.com\" target=\"_blank\" rel=\"noopener nofollow\">www.radiodolomiti.com<\/a>, dove sar\u00e0 inoltre possibile seguire la radiocronaca live anche in streaming.<br \/>Confermata pure la diretta su due piattaforme OTT distinte: VBTV e DAZN; il servizio \u00e8 a pagamento per entrambe. In televisione una sintesi della gara andr\u00e0 in onda in chiaro luned\u00ec 29 dicembre alle ore 21.45 circa, su RTTR \u2013 tv partner di Trentino Volley.<br \/>Su internet gli aggiornamenti punto a punto saranno curati dal sito della Lega Pallavolo Serie A (<a href=\"https:\/\/www.legavolley.it\" target=\"_blank\" rel=\"noopener nofollow\">www.legavolley.it<\/a>) e da <a href=\"https:\/\/www.trentinovolley.it\" rel=\"nofollow noopener\" target=\"_blank\">www.trentinovolley.it<\/a> e saranno sempre attivi sui Social Network giallobl\u00f9 (<a href=\"https:\/\/www.trentinovolley.it\/instagram\" target=\"_blank\" rel=\"noopener nofollow\">www.trentinovolley.it\/instagram<\/a> e <a href=\"https:\/\/www.trentinovolley.it\/twitter\" target=\"_blank\" rel=\"noopener nofollow\">www.trentinovolley.it\/twitter<\/a>).<\/p>\n<p>Ufficio Stampa<br \/>&#13;<br \/>\nTrentino Volley Srl<\/p>\n<p>&#13;<br \/>\n                                                                                                                        &#13;\n                                                        <\/p>\n<p>&#13;<br \/>\n                                                                                                                        &#13;\n                                                        <\/p>\n<p>&#13;<br \/>\n                                                                                                                        &#13;\n                                                        <\/p>\n<p>                                                                    &#13;<br \/>\n                                        &#13;<br \/>\n                                        Previous&#13;<\/p>\n<p>                                    &#13;<br \/>\n                                        &#13;<br \/>\n                                        Next&#13;<\/p>\n<p>                        SuperLega, Santo Stefano in campo a Monza per la seconda di ritorno&#13;<\/p>\n<p>        &#13;<\/p>\n<p>                                <a class=\"VediImg\" href=\"https:\/\/www.europesays.com\/it\/wp-content\/uploads\/2025\/12\/Attacco di Bartha.jpg\" data-lightbox=\"remote-gallery\" data-title=\"Attacco di Bartha\">&#13;<br \/>\n                                    <img decoding=\"async\" src=\"https:\/\/www.europesays.com\/it\/wp-content\/uploads\/2025\/12\/Attacco di Bartha.jpg\" class=\"d-block w-100\" alt=\"Attacco di Bartha\"\/>&#13;<br \/>\n                                <\/a><\/p>\n<p>Attacco di Bartha<\/p>\n<p>                                <a class=\"VediImg\" href=\"https:\/\/www.europesays.com\/it\/wp-content\/uploads\/2025\/12\/Attacco di Michieletto.jpg\" data-lightbox=\"remote-gallery\" data-title=\"Attacco di Michieletto\">&#13;<br \/>\n                                    <img decoding=\"async\" src=\"https:\/\/www.europesays.com\/it\/wp-content\/uploads\/2025\/12\/Attacco di Michieletto.jpg\" class=\"d-block w-100\" alt=\"Attacco di Michieletto\"\/>&#13;<br \/>\n                                <\/a><\/p>\n<p>Attacco di Michieletto<\/p>\n<p>                                <a class=\"VediImg\" href=\"https:\/\/www.europesays.com\/it\/wp-content\/uploads\/2025\/12\/Attacco di Ramon.jpg\" data-lightbox=\"remote-gallery\" data-title=\"Attacco di Ramon\">&#13;<br \/>\n                                    <img decoding=\"async\" src=\"https:\/\/www.europesays.com\/it\/wp-content\/uploads\/2025\/12\/Attacco di Ramon.jpg\" class=\"d-block w-100\" alt=\"Attacco di Ramon\"\/>&#13;<br \/>\n                                <\/a><\/p>\n<p>Attacco di Ramon<\/p>\n<p>                                <a class=\"VediImg\" href=\"https:\/\/www.europesays.com\/it\/wp-content\/uploads\/2025\/12\/Bartha attacca in primo tempo.jpg\" data-lightbox=\"remote-gallery\" data-title=\"Bartha attacca in primo tempo\">&#13;<br \/>\n                                    <img decoding=\"async\" src=\"https:\/\/www.europesays.com\/it\/wp-content\/uploads\/2025\/12\/Bartha attacca in primo tempo.jpg\" class=\"d-block w-100\" alt=\"Bartha attacca in primo tempo\"\/>&#13;<br \/>\n                                <\/a><\/p>\n<p>Bartha attacca in primo tempo<\/p>\n<p>                                <a class=\"VediImg\" href=\"https:\/\/www.europesays.com\/it\/wp-content\/uploads\/2025\/12\/Bartha e Michieletto.jpg\" data-lightbox=\"remote-gallery\" data-title=\"Bartha e Michieletto\">&#13;<br \/>\n                                    <img decoding=\"async\" src=\"https:\/\/www.europesays.com\/it\/wp-content\/uploads\/2025\/12\/Bartha e Michieletto.jpg\" class=\"d-block w-100\" alt=\"Bartha e Michieletto\"\/>&#13;<br \/>\n                                <\/a><\/p>\n<p>Bartha e Michieletto<\/p>\n<p>                                <a class=\"VediImg\" href=\"https:\/\/www.europesays.com\/it\/wp-content\/uploads\/2025\/12\/Coreografie in curva.jpg\" data-lightbox=\"remote-gallery\" data-title=\"Coreografie in curva\">&#13;<br \/>\n                                    <img decoding=\"async\" src=\"https:\/\/www.europesays.com\/it\/wp-content\/uploads\/2025\/12\/Coreografie in curva.jpg\" class=\"d-block w-100\" alt=\"Coreografie in curva\"\/>&#13;<br \/>\n                                <\/a><\/p>\n<p>Coreografie in curva<\/p>\n<p>                                <a class=\"VediImg\" href=\"https:\/\/www.europesays.com\/it\/wp-content\/uploads\/2025\/12\/Esultanza di Faure.jpg\" data-lightbox=\"remote-gallery\" data-title=\"Esultanza di Faure\">&#13;<br \/>\n                                    <img decoding=\"async\" src=\"https:\/\/www.europesays.com\/it\/wp-content\/uploads\/2025\/12\/Esultanza di Faure.jpg\" class=\"d-block w-100\" alt=\"Esultanza di Faure\"\/>&#13;<br \/>\n                                <\/a><\/p>\n<p>Esultanza di Faure<\/p>\n<p>                                <a class=\"VediImg\" href=\"https:\/\/www.europesays.com\/it\/wp-content\/uploads\/2025\/12\/Esultanza di Flavio e Pesaresi.jpg\" data-lightbox=\"remote-gallery\" data-title=\"Esultanza di Flavio e Pesaresi\">&#13;<br \/>\n                                    <img decoding=\"async\" src=\"https:\/\/www.europesays.com\/it\/wp-content\/uploads\/2025\/12\/Esultanza di Flavio e Pesaresi.jpg\" class=\"d-block w-100\" alt=\"Esultanza di Flavio e Pesaresi\"\/>&#13;<br \/>\n                                <\/a><\/p>\n<p>Esultanza di Flavio e Pesaresi<\/p>\n<p>                                <a class=\"VediImg\" href=\"https:\/\/www.europesays.com\/it\/wp-content\/uploads\/2025\/12\/Esultanza di Flavio.jpg\" data-lightbox=\"remote-gallery\" data-title=\"Esultanza di Flavio\">&#13;<br \/>\n                                    <img decoding=\"async\" src=\"https:\/\/www.europesays.com\/it\/wp-content\/uploads\/2025\/12\/Esultanza di Flavio.jpg\" class=\"d-block w-100\" alt=\"Esultanza di Flavio\"\/>&#13;<br \/>\n                                <\/a><\/p>\n<p>Esultanza di Flavio<\/p>\n<p>                                <a class=\"VediImg\" href=\"https:\/\/www.europesays.com\/it\/wp-content\/uploads\/2025\/12\/Esultanza di Laurenzano.jpg\" data-lightbox=\"remote-gallery\" data-title=\"Esultanza di Laurenzano\">&#13;<br \/>\n                                    <img decoding=\"async\" src=\"https:\/\/www.europesays.com\/it\/wp-content\/uploads\/2025\/12\/Esultanza di Laurenzano.jpg\" class=\"d-block w-100\" alt=\"Esultanza di Laurenzano\"\/>&#13;<br \/>\n                                <\/a><\/p>\n<p>Esultanza di Laurenzano<\/p>\n<p>                                <a class=\"VediImg\" href=\"https:\/\/www.europesays.com\/it\/wp-content\/uploads\/2025\/12\/Esultanza di Ramon.jpg\" data-lightbox=\"remote-gallery\" data-title=\"Esultanza di Ramon\">&#13;<br \/>\n                                    <img decoding=\"async\" src=\"https:\/\/www.europesays.com\/it\/wp-content\/uploads\/2025\/12\/Esultanza di Ramon.jpg\" class=\"d-block w-100\" alt=\"Esultanza di Ramon\"\/>&#13;<br \/>\n                                <\/a><\/p>\n<p>Esultanza di Ramon<\/p>\n<p>                                <a class=\"VediImg\" href=\"https:\/\/www.europesays.com\/it\/wp-content\/uploads\/2025\/12\/Esultanza finale.jpg\" data-lightbox=\"remote-gallery\" data-title=\"Esultanza finale\">&#13;<br \/>\n                                    <img decoding=\"async\" src=\"https:\/\/www.europesays.com\/it\/wp-content\/uploads\/2025\/12\/Esultanza finale.jpg\" class=\"d-block w-100\" alt=\"Esultanza finale\"\/>&#13;<br \/>\n                                <\/a><\/p>\n<p>Esultanza finale<\/p>\n<p>                                <a class=\"VediImg\" href=\"https:\/\/www.europesays.com\/it\/wp-content\/uploads\/2025\/12\/Faure al servizio.jpg\" data-lightbox=\"remote-gallery\" data-title=\"Faure al servizio\">&#13;<br \/>\n                                    <img decoding=\"async\" src=\"https:\/\/www.europesays.com\/it\/wp-content\/uploads\/2025\/12\/Faure al servizio.jpg\" class=\"d-block w-100\" alt=\"Faure al servizio\"\/>&#13;<br \/>\n                                <\/a><\/p>\n<p>Faure al servizio<\/p>\n<p>                                <a class=\"VediImg\" href=\"https:\/\/www.europesays.com\/it\/wp-content\/uploads\/2025\/12\/Faure esulta.jpg\" data-lightbox=\"remote-gallery\" data-title=\"Faure esulta\">&#13;<br \/>\n                                    <img decoding=\"async\" src=\"https:\/\/www.europesays.com\/it\/wp-content\/uploads\/2025\/12\/Faure esulta.jpg\" class=\"d-block w-100\" alt=\"Faure esulta\"\/>&#13;<br \/>\n                                <\/a><\/p>\n<p>Faure esulta<\/p>\n<p>                                <a class=\"VediImg\" href=\"https:\/\/www.europesays.com\/it\/wp-content\/uploads\/2025\/12\/Faure in attaccvo.jpg\" data-lightbox=\"remote-gallery\" data-title=\"Faure in attaccvo\">&#13;<br \/>\n                                    <img decoding=\"async\" src=\"https:\/\/www.europesays.com\/it\/wp-content\/uploads\/2025\/12\/Faure in attaccvo.jpg\" class=\"d-block w-100\" alt=\"Faure in attaccvo\"\/>&#13;<br \/>\n                                <\/a><\/p>\n<p>Faure in attaccvo<\/p>\n<p>                                <a class=\"VediImg\" href=\"https:\/\/www.europesays.com\/it\/wp-content\/uploads\/2025\/12\/Flavio e Faure a muro.jpg\" data-lightbox=\"remote-gallery\" data-title=\"Flavio e Faure a muro\">&#13;<br \/>\n                                    <img decoding=\"async\" src=\"https:\/\/www.europesays.com\/it\/wp-content\/uploads\/2025\/12\/Flavio e Faure a muro.jpg\" class=\"d-block w-100\" alt=\"Flavio e Faure a muro\"\/>&#13;<br \/>\n                                <\/a><\/p>\n<p>Flavio e Faure a muro<\/p>\n<p>                                <a class=\"VediImg\" href=\"https:\/\/www.europesays.com\/it\/wp-content\/uploads\/2025\/12\/Flavio in primo tempo.jpg\" data-lightbox=\"remote-gallery\" data-title=\"Flavio in primo tempo\">&#13;<br \/>\n                                    <img decoding=\"async\" src=\"https:\/\/www.europesays.com\/it\/wp-content\/uploads\/2025\/12\/Flavio in primo tempo.jpg\" class=\"d-block w-100\" alt=\"Flavio in primo tempo\"\/>&#13;<br \/>\n                                <\/a><\/p>\n<p>Flavio in primo tempo<\/p>\n<p>                                <a class=\"VediImg\" href=\"https:\/\/www.europesays.com\/it\/wp-content\/uploads\/2025\/12\/Itas Trentino.jpg\" data-lightbox=\"remote-gallery\" data-title=\"Itas Trentino\">&#13;<br \/>\n                                    <img decoding=\"async\" src=\"https:\/\/www.europesays.com\/it\/wp-content\/uploads\/2025\/12\/Itas Trentino.jpg\" class=\"d-block w-100\" alt=\"Itas Trentino\"\/>&#13;<br \/>\n                                <\/a><\/p>\n<p>Itas Trentino<\/p>\n<p>                                <a class=\"VediImg\" href=\"https:\/\/www.europesays.com\/it\/wp-content\/uploads\/2025\/12\/La grinta di Bartha.jpg\" data-lightbox=\"remote-gallery\" data-title=\"La grinta di Bartha\">&#13;<br \/>\n                                    <img decoding=\"async\" src=\"https:\/\/www.europesays.com\/it\/wp-content\/uploads\/2025\/12\/La grinta di Bartha.jpg\" class=\"d-block w-100\" alt=\"La grinta di Bartha\"\/>&#13;<br \/>\n                                <\/a><\/p>\n<p>La grinta di Bartha<\/p>\n<p>                                <a class=\"VediImg\" href=\"https:\/\/www.europesays.com\/it\/wp-content\/uploads\/2025\/12\/La grinta di Faure.jpg\" data-lightbox=\"remote-gallery\" data-title=\"La grinta di Faure\">&#13;<br \/>\n                                    <img decoding=\"async\" src=\"https:\/\/www.europesays.com\/it\/wp-content\/uploads\/2025\/12\/La grinta di Faure.jpg\" class=\"d-block w-100\" alt=\"La grinta di Faure\"\/>&#13;<br \/>\n                                <\/a><\/p>\n<p>La grinta di Faure<\/p>\n<p>                                <a class=\"VediImg\" href=\"https:\/\/www.europesays.com\/it\/wp-content\/uploads\/2025\/12\/La grinta di Laurenzano.jpg\" data-lightbox=\"remote-gallery\" data-title=\"La grinta di Laurenzano\">&#13;<br \/>\n                                    <img decoding=\"async\" src=\"https:\/\/www.europesays.com\/it\/wp-content\/uploads\/2025\/12\/La grinta di Laurenzano.jpg\" class=\"d-block w-100\" alt=\"La grinta di Laurenzano\"\/>&#13;<br \/>\n                                <\/a><\/p>\n<p>La grinta di Laurenzano<\/p>\n<p>                                <a class=\"VediImg\" href=\"https:\/\/www.europesays.com\/it\/wp-content\/uploads\/2025\/12\/La grinta di raqmon e Flavio.jpg\" data-lightbox=\"remote-gallery\" data-title=\"La grinta di raqmon e Flavio\">&#13;<br \/>\n                                    <img decoding=\"async\" src=\"https:\/\/www.europesays.com\/it\/wp-content\/uploads\/2025\/12\/La grinta di raqmon e Flavio.jpg\" class=\"d-block w-100\" alt=\"La grinta di raqmon e Flavio\"\/>&#13;<br \/>\n                                <\/a><\/p>\n<p>La grinta di raqmon e Flavio<\/p>\n<p>                                <a class=\"VediImg\" href=\"https:\/\/www.europesays.com\/it\/wp-content\/uploads\/2025\/12\/Mendez e Laurenzano .jpg\" data-lightbox=\"remote-gallery\" data-title=\"Mendez e Laurenzano \">&#13;<br \/>\n                                    <img decoding=\"async\" src=\"https:\/\/www.europesays.com\/it\/wp-content\/uploads\/2025\/12\/Mendez e Laurenzano .jpg\" class=\"d-block w-100\" alt=\"Mendez e Laurenzano \"\/>&#13;<br \/>\n                                <\/a><\/p>\n<p>Mendez e Laurenzano <\/p>\n<p>                                <a class=\"VediImg\" href=\"https:\/\/www.europesays.com\/it\/wp-content\/uploads\/2025\/12\/Michieletto al servizio.jpg\" data-lightbox=\"remote-gallery\" data-title=\"Michieletto al servizio\">&#13;<br \/>\n                                    <img decoding=\"async\" src=\"https:\/\/www.europesays.com\/it\/wp-content\/uploads\/2025\/12\/Michieletto al servizio.jpg\" class=\"d-block w-100\" alt=\"Michieletto al servizio\"\/>&#13;<br \/>\n                                <\/a><\/p>\n<p>Michieletto al servizio<\/p>\n<p>                                <a class=\"VediImg\" href=\"https:\/\/www.europesays.com\/it\/wp-content\/uploads\/2025\/12\/Michieletto e Ramon esultano.jpg\" data-lightbox=\"remote-gallery\" data-title=\"Michieletto e Ramon esultano\">&#13;<br \/>\n                                    <img decoding=\"async\" src=\"https:\/\/www.europesays.com\/it\/wp-content\/uploads\/2025\/12\/Michieletto e Ramon esultano.jpg\" class=\"d-block w-100\" alt=\"Michieletto e Ramon esultano\"\/>&#13;<br \/>\n                                <\/a><\/p>\n<p>Michieletto e Ramon esultano<\/p>\n<p>                                <a class=\"VediImg\" href=\"https:\/\/www.europesays.com\/it\/wp-content\/uploads\/2025\/12\/Michieletto in pallonetto.jpg\" data-lightbox=\"remote-gallery\" data-title=\"Michieletto in pallonetto\">&#13;<br \/>\n                                    <img decoding=\"async\" src=\"https:\/\/www.europesays.com\/it\/wp-content\/uploads\/2025\/12\/Michieletto in pallonetto.jpg\" class=\"d-block w-100\" alt=\"Michieletto in pallonetto\"\/>&#13;<br \/>\n                                <\/a><\/p>\n<p>Michieletto in pallonetto<\/p>\n<p>                                <a class=\"VediImg\" href=\"https:\/\/www.europesays.com\/it\/wp-content\/uploads\/2025\/12\/Michieletto vincente in attacco.jpg\" data-lightbox=\"remote-gallery\" data-title=\"Michieletto vincente in attacco\">&#13;<br \/>\n                                    <img decoding=\"async\" src=\"https:\/\/www.europesays.com\/it\/wp-content\/uploads\/2025\/12\/Michieletto vincente in attacco.jpg\" class=\"d-block w-100\" alt=\"Michieletto vincente in attacco\"\/>&#13;<br \/>\n                                <\/a><\/p>\n<p>Michieletto vincente in attacco<\/p>\n<p>                                <a class=\"VediImg\" href=\"https:\/\/www.europesays.com\/it\/wp-content\/uploads\/2025\/12\/Muro Itas Trentino.jpg\" data-lightbox=\"remote-gallery\" data-title=\"Muro Itas Trentino\">&#13;<br \/>\n                                    <img decoding=\"async\" src=\"https:\/\/www.europesays.com\/it\/wp-content\/uploads\/2025\/12\/Muro Itas Trentino.jpg\" class=\"d-block w-100\" alt=\"Muro Itas Trentino\"\/>&#13;<br \/>\n                                <\/a><\/p>\n<p>Muro Itas Trentino<\/p>\n<p>                                <a class=\"VediImg\" href=\"https:\/\/www.europesays.com\/it\/wp-content\/uploads\/2025\/12\/Muro di Faure.jpg\" data-lightbox=\"remote-gallery\" data-title=\"Muro di Faure\">&#13;<br \/>\n                                    <img decoding=\"async\" src=\"https:\/\/www.europesays.com\/it\/wp-content\/uploads\/2025\/12\/Muro di Faure.jpg\" class=\"d-block w-100\" alt=\"Muro di Faure\"\/>&#13;<br \/>\n                                <\/a><\/p>\n<p>Muro di Faure<\/p>\n<p>                                <a class=\"VediImg\" href=\"https:\/\/www.europesays.com\/it\/wp-content\/uploads\/2025\/12\/Muro vincente di Faure e Bartha.jpg\" data-lightbox=\"remote-gallery\" data-title=\"Muro vincente di Faure e Bartha\">&#13;<br \/>\n                                    <img decoding=\"async\" src=\"https:\/\/www.europesays.com\/it\/wp-content\/uploads\/2025\/12\/Muro vincente di Faure e Bartha.jpg\" class=\"d-block w-100\" alt=\"Muro vincente di Faure e Bartha\"\/>&#13;<br \/>\n                                <\/a><\/p>\n<p>Muro vincente di Faure e Bartha<\/p>\n<p>                                <a class=\"VediImg\" href=\"https:\/\/www.europesays.com\/it\/wp-content\/uploads\/2025\/12\/Palleggio di Sbertoli in posto due.jpg\" data-lightbox=\"remote-gallery\" data-title=\"Palleggio di Sbertoli in posto due\">&#13;<br \/>\n                                    <img decoding=\"async\" src=\"https:\/\/www.europesays.com\/it\/wp-content\/uploads\/2025\/12\/Palleggio di Sbertoli in posto due.jpg\" class=\"d-block w-100\" alt=\"Palleggio di Sbertoli in posto due\"\/>&#13;<br \/>\n                                <\/a><\/p>\n<p>Palleggio di Sbertoli in posto due<\/p>\n<p>                                <a class=\"VediImg\" href=\"https:\/\/www.europesays.com\/it\/wp-content\/uploads\/2025\/12\/Pallonetto di Michieletto.jpg\" data-lightbox=\"remote-gallery\" data-title=\"Pallonetto di Michieletto\">&#13;<br \/>\n                                    <img decoding=\"async\" src=\"https:\/\/www.europesays.com\/it\/wp-content\/uploads\/2025\/12\/Pallonetto di Michieletto.jpg\" class=\"d-block w-100\" alt=\"Pallonetto di Michieletto\"\/>&#13;<br \/>\n                                <\/a><\/p>\n<p>Pallonetto di Michieletto<\/p>\n<p>                                <a class=\"VediImg\" href=\"https:\/\/www.europesays.com\/it\/wp-content\/uploads\/2025\/12\/Primo tempo di Bartha.jpg\" data-lightbox=\"remote-gallery\" data-title=\"Primo tempo di Bartha\">&#13;<br \/>\n                                    <img decoding=\"async\" src=\"https:\/\/www.europesays.com\/it\/wp-content\/uploads\/2025\/12\/Primo tempo di Bartha.jpg\" class=\"d-block w-100\" alt=\"Primo tempo di Bartha\"\/>&#13;<br \/>\n                                <\/a><\/p>\n<p>Primo tempo di Bartha<\/p>\n<p>                                <a class=\"VediImg\" href=\"https:\/\/www.europesays.com\/it\/wp-content\/uploads\/2025\/12\/Primo tempo di Flavio.jpg\" data-lightbox=\"remote-gallery\" data-title=\"Primo tempo di Flavio\">&#13;<br \/>\n                                    <img decoding=\"async\" src=\"https:\/\/www.europesays.com\/it\/wp-content\/uploads\/2025\/12\/Primo tempo di Flavio.jpg\" class=\"d-block w-100\" alt=\"Primo tempo di Flavio\"\/>&#13;<br \/>\n                                <\/a><\/p>\n<p>Primo tempo di Flavio<\/p>\n<p>                                <a class=\"VediImg\" href=\"https:\/\/www.europesays.com\/it\/wp-content\/uploads\/2025\/12\/Ramon al servizio.jpg\" data-lightbox=\"remote-gallery\" data-title=\"Ramon al servizio\">&#13;<br \/>\n                                    <img decoding=\"async\" src=\"https:\/\/www.europesays.com\/it\/wp-content\/uploads\/2025\/12\/Ramon al servizio.jpg\" class=\"d-block w-100\" alt=\"Ramon al servizio\"\/>&#13;<br \/>\n                                <\/a><\/p>\n<p>Ramon al servizio<\/p>\n<p>                                <a class=\"VediImg\" href=\"https:\/\/www.europesays.com\/it\/wp-content\/uploads\/2025\/12\/Ramon esulta.jpg\" data-lightbox=\"remote-gallery\" data-title=\"Ramon esulta\">&#13;<br \/>\n                                    <img decoding=\"async\" src=\"https:\/\/www.europesays.com\/it\/wp-content\/uploads\/2025\/12\/Ramon esulta.jpg\" class=\"d-block w-100\" alt=\"Ramon esulta\"\/>&#13;<br \/>\n                                <\/a><\/p>\n<p>Ramon esulta<\/p>\n<p>                                <a class=\"VediImg\" href=\"https:\/\/www.europesays.com\/it\/wp-content\/uploads\/2025\/12\/Ramon in attacco supera il muro di Zimmermann.jpg\" data-lightbox=\"remote-gallery\" data-title=\"Ramon in attacco supera il muro di Zimmermann\">&#13;<br \/>\n                                    <img decoding=\"async\" src=\"https:\/\/www.europesays.com\/it\/wp-content\/uploads\/2025\/12\/Ramon in attacco supera il muro di Zimmermann.jpg\" class=\"d-block w-100\" alt=\"Ramon in attacco supera il muro di Zimmermann\"\/>&#13;<br \/>\n                                <\/a><\/p>\n<p>Ramon in attacco supera il muro di Zimmermann<\/p>\n<p>                                <a class=\"VediImg\" href=\"https:\/\/www.europesays.com\/it\/wp-content\/uploads\/2025\/12\/Ramon in attacco.jpg\" data-lightbox=\"remote-gallery\" data-title=\"Ramon in attacco\">&#13;<br \/>\n                                    <img decoding=\"async\" src=\"https:\/\/www.europesays.com\/it\/wp-content\/uploads\/2025\/12\/Ramon in attacco.jpg\" class=\"d-block w-100\" alt=\"Ramon in attacco\"\/>&#13;<br \/>\n                                <\/a><\/p>\n<p>Ramon in attacco<\/p>\n<p>                                <a class=\"VediImg\" href=\"https:\/\/www.europesays.com\/it\/wp-content\/uploads\/2025\/12\/Ramon in pallonetto.jpg\" data-lightbox=\"remote-gallery\" data-title=\"Ramon in pallonetto\">&#13;<br \/>\n                                    <img decoding=\"async\" src=\"https:\/\/www.europesays.com\/it\/wp-content\/uploads\/2025\/12\/Ramon in pallonetto.jpg\" class=\"d-block w-100\" alt=\"Ramon in pallonetto\"\/>&#13;<br \/>\n                                <\/a><\/p>\n<p>Ramon in pallonetto<\/p>\n<p>                                <a class=\"VediImg\" href=\"https:\/\/www.europesays.com\/it\/wp-content\/uploads\/2025\/12\/Ramon vincente in attacco da seconda linea.jpg\" data-lightbox=\"remote-gallery\" data-title=\"Ramon vincente in attacco da seconda linea\">&#13;<br \/>\n                                    <img decoding=\"async\" src=\"https:\/\/www.europesays.com\/it\/wp-content\/uploads\/2025\/12\/Ramon vincente in attacco da seconda linea.jpg\" class=\"d-block w-100\" alt=\"Ramon vincente in attacco da seconda linea\"\/>&#13;<br \/>\n                                <\/a><\/p>\n<p>Ramon vincente in attacco da seconda linea<\/p>\n<p>                                <a class=\"VediImg\" href=\"https:\/\/www.europesays.com\/it\/wp-content\/uploads\/2025\/12\/Sbertoli al palleggio.jpg\" data-lightbox=\"remote-gallery\" data-title=\"Sbertoli al palleggio\">&#13;<br \/>\n                                    <img decoding=\"async\" src=\"https:\/\/www.europesays.com\/it\/wp-content\/uploads\/2025\/12\/Sbertoli al palleggio.jpg\" class=\"d-block w-100\" alt=\"Sbertoli al palleggio\"\/>&#13;<br \/>\n                                <\/a><\/p>\n<p>Sbertoli al palleggio<\/p>\n<p>                                <a class=\"VediImg\" href=\"https:\/\/www.europesays.com\/it\/wp-content\/uploads\/2025\/12\/Sbertoli smista il gioco.jpg\" data-lightbox=\"remote-gallery\" data-title=\"Sbertoli smista il gioco\">&#13;<br \/>\n                                    <img decoding=\"async\" src=\"https:\/\/www.europesays.com\/it\/wp-content\/uploads\/2025\/12\/Sbertoli smista il gioco.jpg\" class=\"d-block w-100\" alt=\"Sbertoli smista il gioco\"\/>&#13;<br \/>\n                                <\/a><\/p>\n<p>Sbertoli smista il gioco<\/p>\n<p>                                <a class=\"VediImg\" href=\"https:\/\/www.europesays.com\/it\/wp-content\/uploads\/2025\/12\/Striscioni in curva.jpg\" data-lightbox=\"remote-gallery\" data-title=\"Striscioni in curva\">&#13;<br \/>\n                                    <img decoding=\"async\" src=\"https:\/\/www.europesays.com\/it\/wp-content\/uploads\/2025\/12\/Striscioni in curva.jpg\" class=\"d-block w-100\" alt=\"Striscioni in curva\"\/>&#13;<br \/>\n                                <\/a><\/p>\n<p>Striscioni in curva<\/p>\n<p>                                <a class=\"VediImg\" href=\"https:\/\/www.europesays.com\/it\/wp-content\/uploads\/2025\/12\/Time out Itas Trentino.jpg\" data-lightbox=\"remote-gallery\" data-title=\"Time out Itas Trentino\">&#13;<br \/>\n                                    <img decoding=\"async\" src=\"https:\/\/www.europesays.com\/it\/wp-content\/uploads\/2025\/12\/Time out Itas Trentino.jpg\" class=\"d-block w-100\" alt=\"Time out Itas Trentino\"\/>&#13;<br \/>\n                                <\/a><\/p>\n<p>Time out Itas Trentino<\/p>\n<p>                    &#13;<br \/>\n                        &#13;<br \/>\n                        Previous&#13;<\/p>\n<p>                    &#13;<br \/>\n                        &#13;<br \/>\n                        Next&#13;<\/p>\n<p>                              <a class=\"VediImg\" href=\"https:\/\/www.europesays.com\/it\/wp-content\/uploads\/2025\/12\/Attacco di Bartha.jpg\" data-lightbox=\"remote-gallery\" data-title=\"Attacco di Bartha\">&#13;<br \/>\n                                  <img decoding=\"async\" src=\"https:\/\/www.europesays.com\/it\/wp-content\/uploads\/2025\/12\/Attacco di Bartha.jpg\" class=\"d-block w-100\" alt=\"Attacco di Bartha\"\/>&#13;<br \/>\n                              <\/a><\/p>\n<p>Attacco di Bartha<\/p>\n<p>                              <a class=\"VediImg\" href=\"https:\/\/www.europesays.com\/it\/wp-content\/uploads\/2025\/12\/Attacco di Michieletto.jpg\" data-lightbox=\"remote-gallery\" data-title=\"Attacco di Michieletto\">&#13;<br \/>\n                                  <img decoding=\"async\" src=\"https:\/\/www.europesays.com\/it\/wp-content\/uploads\/2025\/12\/Attacco di Michieletto.jpg\" class=\"d-block w-100\" alt=\"Attacco di Michieletto\"\/>&#13;<br \/>\n                              <\/a><\/p>\n<p>Attacco di Michieletto<\/p>\n<p>                              <a class=\"VediImg\" href=\"https:\/\/www.europesays.com\/it\/wp-content\/uploads\/2025\/12\/Attacco di Ramon.jpg\" data-lightbox=\"remote-gallery\" data-title=\"Attacco di Ramon\">&#13;<br \/>\n                                  <img decoding=\"async\" src=\"https:\/\/www.europesays.com\/it\/wp-content\/uploads\/2025\/12\/Attacco di Ramon.jpg\" class=\"d-block w-100\" alt=\"Attacco di Ramon\"\/>&#13;<br \/>\n                              <\/a><\/p>\n<p>Attacco di Ramon<\/p>\n<p>                              <a class=\"VediImg\" href=\"https:\/\/www.europesays.com\/it\/wp-content\/uploads\/2025\/12\/Bartha attacca in primo tempo.jpg\" data-lightbox=\"remote-gallery\" data-title=\"Bartha attacca in primo tempo\">&#13;<br \/>\n                                  <img decoding=\"async\" src=\"https:\/\/www.europesays.com\/it\/wp-content\/uploads\/2025\/12\/Bartha attacca in primo tempo.jpg\" class=\"d-block w-100\" alt=\"Bartha attacca in primo tempo\"\/>&#13;<br \/>\n                              <\/a><\/p>\n<p>Bartha attacca in primo tempo<\/p>\n<p>                              <a class=\"VediImg\" href=\"https:\/\/www.europesays.com\/it\/wp-content\/uploads\/2025\/12\/Bartha e Michieletto.jpg\" data-lightbox=\"remote-gallery\" data-title=\"Bartha e Michieletto\">&#13;<br \/>\n                                  <img decoding=\"async\" src=\"https:\/\/www.europesays.com\/it\/wp-content\/uploads\/2025\/12\/Bartha e Michieletto.jpg\" class=\"d-block w-100\" alt=\"Bartha e Michieletto\"\/>&#13;<br \/>\n                              <\/a><\/p>\n<p>Bartha e Michieletto<\/p>\n<p>                              <a class=\"VediImg\" href=\"https:\/\/www.europesays.com\/it\/wp-content\/uploads\/2025\/12\/Coreografie in curva.jpg\" data-lightbox=\"remote-gallery\" data-title=\"Coreografie in curva\">&#13;<br \/>\n                                  <img decoding=\"async\" src=\"https:\/\/www.europesays.com\/it\/wp-content\/uploads\/2025\/12\/Coreografie in curva.jpg\" class=\"d-block w-100\" alt=\"Coreografie in curva\"\/>&#13;<br \/>\n                              <\/a><\/p>\n<p>Coreografie in curva<\/p>\n<p>                              <a class=\"VediImg\" href=\"https:\/\/www.europesays.com\/it\/wp-content\/uploads\/2025\/12\/Esultanza di Faure.jpg\" data-lightbox=\"remote-gallery\" data-title=\"Esultanza di Faure\">&#13;<br \/>\n                                  <img decoding=\"async\" src=\"https:\/\/www.europesays.com\/it\/wp-content\/uploads\/2025\/12\/Esultanza di Faure.jpg\" class=\"d-block w-100\" alt=\"Esultanza di Faure\"\/>&#13;<br \/>\n                              <\/a><\/p>\n<p>Esultanza di Faure<\/p>\n<p>                              <a class=\"VediImg\" href=\"https:\/\/www.europesays.com\/it\/wp-content\/uploads\/2025\/12\/Esultanza di Flavio e Pesaresi.jpg\" data-lightbox=\"remote-gallery\" data-title=\"Esultanza di Flavio e Pesaresi\">&#13;<br \/>\n                                  <img decoding=\"async\" src=\"https:\/\/www.europesays.com\/it\/wp-content\/uploads\/2025\/12\/Esultanza di Flavio e Pesaresi.jpg\" class=\"d-block w-100\" alt=\"Esultanza di Flavio e Pesaresi\"\/>&#13;<br \/>\n                              <\/a><\/p>\n<p>Esultanza di Flavio e Pesaresi<\/p>\n<p>                              <a class=\"VediImg\" href=\"https:\/\/www.europesays.com\/it\/wp-content\/uploads\/2025\/12\/Esultanza di Flavio.jpg\" data-lightbox=\"remote-gallery\" data-title=\"Esultanza di Flavio\">&#13;<br \/>\n                                  <img decoding=\"async\" src=\"https:\/\/www.europesays.com\/it\/wp-content\/uploads\/2025\/12\/Esultanza di Flavio.jpg\" class=\"d-block w-100\" alt=\"Esultanza di Flavio\"\/>&#13;<br \/>\n                              <\/a><\/p>\n<p>Esultanza di Flavio<\/p>\n<p>                              <a class=\"VediImg\" href=\"https:\/\/www.europesays.com\/it\/wp-content\/uploads\/2025\/12\/Esultanza di Laurenzano.jpg\" data-lightbox=\"remote-gallery\" data-title=\"Esultanza di Laurenzano\">&#13;<br \/>\n                                  <img decoding=\"async\" src=\"https:\/\/www.europesays.com\/it\/wp-content\/uploads\/2025\/12\/Esultanza di Laurenzano.jpg\" class=\"d-block w-100\" alt=\"Esultanza di Laurenzano\"\/>&#13;<br \/>\n                              <\/a><\/p>\n<p>Esultanza di Laurenzano<\/p>\n<p>                              <a class=\"VediImg\" href=\"https:\/\/www.europesays.com\/it\/wp-content\/uploads\/2025\/12\/Esultanza di Ramon.jpg\" data-lightbox=\"remote-gallery\" data-title=\"Esultanza di Ramon\">&#13;<br \/>\n                                  <img decoding=\"async\" src=\"https:\/\/www.europesays.com\/it\/wp-content\/uploads\/2025\/12\/Esultanza di Ramon.jpg\" class=\"d-block w-100\" alt=\"Esultanza di Ramon\"\/>&#13;<br \/>\n                              <\/a><\/p>\n<p>Esultanza di Ramon<\/p>\n<p>                              <a class=\"VediImg\" href=\"https:\/\/www.europesays.com\/it\/wp-content\/uploads\/2025\/12\/Esultanza finale.jpg\" data-lightbox=\"remote-gallery\" data-title=\"Esultanza finale\">&#13;<br \/>\n                                  <img decoding=\"async\" src=\"https:\/\/www.europesays.com\/it\/wp-content\/uploads\/2025\/12\/Esultanza finale.jpg\" class=\"d-block w-100\" alt=\"Esultanza finale\"\/>&#13;<br \/>\n                              <\/a><\/p>\n<p>Esultanza finale<\/p>\n<p>                              <a class=\"VediImg\" href=\"https:\/\/www.europesays.com\/it\/wp-content\/uploads\/2025\/12\/Faure al servizio.jpg\" data-lightbox=\"remote-gallery\" data-title=\"Faure al servizio\">&#13;<br \/>\n                                  <img decoding=\"async\" src=\"https:\/\/www.europesays.com\/it\/wp-content\/uploads\/2025\/12\/Faure al servizio.jpg\" class=\"d-block w-100\" alt=\"Faure al servizio\"\/>&#13;<br \/>\n                              <\/a><\/p>\n<p>Faure al servizio<\/p>\n<p>                              <a class=\"VediImg\" href=\"https:\/\/www.europesays.com\/it\/wp-content\/uploads\/2025\/12\/Faure esulta.jpg\" data-lightbox=\"remote-gallery\" data-title=\"Faure esulta\">&#13;<br \/>\n                                  <img decoding=\"async\" src=\"https:\/\/www.europesays.com\/it\/wp-content\/uploads\/2025\/12\/Faure esulta.jpg\" class=\"d-block w-100\" alt=\"Faure esulta\"\/>&#13;<br \/>\n                              <\/a><\/p>\n<p>Faure esulta<\/p>\n<p>                              <a class=\"VediImg\" href=\"https:\/\/www.europesays.com\/it\/wp-content\/uploads\/2025\/12\/Faure in attaccvo.jpg\" data-lightbox=\"remote-gallery\" data-title=\"Faure in attaccvo\">&#13;<br \/>\n                                  <img decoding=\"async\" src=\"https:\/\/www.europesays.com\/it\/wp-content\/uploads\/2025\/12\/Faure in attaccvo.jpg\" class=\"d-block w-100\" alt=\"Faure in attaccvo\"\/>&#13;<br \/>\n                              <\/a><\/p>\n<p>Faure in attaccvo<\/p>\n<p>                              <a class=\"VediImg\" href=\"https:\/\/www.europesays.com\/it\/wp-content\/uploads\/2025\/12\/Flavio e Faure a muro.jpg\" data-lightbox=\"remote-gallery\" data-title=\"Flavio e Faure a muro\">&#13;<br \/>\n                                  <img decoding=\"async\" src=\"https:\/\/www.europesays.com\/it\/wp-content\/uploads\/2025\/12\/Flavio e Faure a muro.jpg\" class=\"d-block w-100\" alt=\"Flavio e Faure a muro\"\/>&#13;<br \/>\n                              <\/a><\/p>\n<p>Flavio e Faure a muro<\/p>\n<p>                              <a class=\"VediImg\" href=\"https:\/\/www.europesays.com\/it\/wp-content\/uploads\/2025\/12\/Flavio in primo tempo.jpg\" data-lightbox=\"remote-gallery\" data-title=\"Flavio in primo tempo\">&#13;<br \/>\n                                  <img decoding=\"async\" src=\"https:\/\/www.europesays.com\/it\/wp-content\/uploads\/2025\/12\/Flavio in primo tempo.jpg\" class=\"d-block w-100\" alt=\"Flavio in primo tempo\"\/>&#13;<br \/>\n                              <\/a><\/p>\n<p>Flavio in primo tempo<\/p>\n<p>                              <a class=\"VediImg\" href=\"https:\/\/www.europesays.com\/it\/wp-content\/uploads\/2025\/12\/Itas Trentino.jpg\" data-lightbox=\"remote-gallery\" data-title=\"Itas Trentino\">&#13;<br \/>\n                                  <img decoding=\"async\" src=\"https:\/\/www.europesays.com\/it\/wp-content\/uploads\/2025\/12\/Itas Trentino.jpg\" class=\"d-block w-100\" alt=\"Itas Trentino\"\/>&#13;<br \/>\n                              <\/a><\/p>\n<p>Itas Trentino<\/p>\n<p>                              <a class=\"VediImg\" href=\"https:\/\/www.europesays.com\/it\/wp-content\/uploads\/2025\/12\/La grinta di Bartha.jpg\" data-lightbox=\"remote-gallery\" data-title=\"La grinta di Bartha\">&#13;<br \/>\n                                  <img decoding=\"async\" src=\"https:\/\/www.europesays.com\/it\/wp-content\/uploads\/2025\/12\/La grinta di Bartha.jpg\" class=\"d-block w-100\" alt=\"La grinta di Bartha\"\/>&#13;<br \/>\n                              <\/a><\/p>\n<p>La grinta di Bartha<\/p>\n<p>                              <a class=\"VediImg\" href=\"https:\/\/www.europesays.com\/it\/wp-content\/uploads\/2025\/12\/La grinta di Faure.jpg\" data-lightbox=\"remote-gallery\" data-title=\"La grinta di Faure\">&#13;<br \/>\n                                  <img decoding=\"async\" src=\"https:\/\/www.europesays.com\/it\/wp-content\/uploads\/2025\/12\/La grinta di Faure.jpg\" class=\"d-block w-100\" alt=\"La grinta di Faure\"\/>&#13;<br \/>\n                              <\/a><\/p>\n<p>La grinta di Faure<\/p>\n<p>                              <a class=\"VediImg\" href=\"https:\/\/www.europesays.com\/it\/wp-content\/uploads\/2025\/12\/La grinta di Laurenzano.jpg\" data-lightbox=\"remote-gallery\" data-title=\"La grinta di Laurenzano\">&#13;<br \/>\n                                  <img decoding=\"async\" src=\"https:\/\/www.europesays.com\/it\/wp-content\/uploads\/2025\/12\/La grinta di Laurenzano.jpg\" class=\"d-block w-100\" alt=\"La grinta di Laurenzano\"\/>&#13;<br \/>\n                              <\/a><\/p>\n<p>La grinta di Laurenzano<\/p>\n<p>                              <a class=\"VediImg\" href=\"https:\/\/www.europesays.com\/it\/wp-content\/uploads\/2025\/12\/La grinta di raqmon e Flavio.jpg\" data-lightbox=\"remote-gallery\" data-title=\"La grinta di raqmon e Flavio\">&#13;<br \/>\n                                  <img decoding=\"async\" src=\"https:\/\/www.europesays.com\/it\/wp-content\/uploads\/2025\/12\/La grinta di raqmon e Flavio.jpg\" class=\"d-block w-100\" alt=\"La grinta di raqmon e Flavio\"\/>&#13;<br \/>\n                              <\/a><\/p>\n<p>La grinta di raqmon e Flavio<\/p>\n<p>                              <a class=\"VediImg\" href=\"https:\/\/www.europesays.com\/it\/wp-content\/uploads\/2025\/12\/Mendez e Laurenzano .jpg\" data-lightbox=\"remote-gallery\" data-title=\"Mendez e Laurenzano \">&#13;<br \/>\n                                  <img decoding=\"async\" src=\"https:\/\/www.europesays.com\/it\/wp-content\/uploads\/2025\/12\/Mendez e Laurenzano .jpg\" class=\"d-block w-100\" alt=\"Mendez e Laurenzano \"\/>&#13;<br \/>\n                              <\/a><\/p>\n<p>Mendez e Laurenzano <\/p>\n<p>                              <a class=\"VediImg\" href=\"https:\/\/www.europesays.com\/it\/wp-content\/uploads\/2025\/12\/Michieletto al servizio.jpg\" data-lightbox=\"remote-gallery\" data-title=\"Michieletto al servizio\">&#13;<br \/>\n                                  <img decoding=\"async\" src=\"https:\/\/www.europesays.com\/it\/wp-content\/uploads\/2025\/12\/Michieletto al servizio.jpg\" class=\"d-block w-100\" alt=\"Michieletto al servizio\"\/>&#13;<br \/>\n                              <\/a><\/p>\n<p>Michieletto al servizio<\/p>\n<p>                              <a class=\"VediImg\" href=\"https:\/\/www.europesays.com\/it\/wp-content\/uploads\/2025\/12\/Michieletto e Ramon esultano.jpg\" data-lightbox=\"remote-gallery\" data-title=\"Michieletto e Ramon esultano\">&#13;<br \/>\n                                  <img decoding=\"async\" src=\"https:\/\/www.europesays.com\/it\/wp-content\/uploads\/2025\/12\/Michieletto e Ramon esultano.jpg\" class=\"d-block w-100\" alt=\"Michieletto e Ramon esultano\"\/>&#13;<br \/>\n                              <\/a><\/p>\n<p>Michieletto e Ramon esultano<\/p>\n<p>                              <a class=\"VediImg\" href=\"https:\/\/www.europesays.com\/it\/wp-content\/uploads\/2025\/12\/Michieletto in pallonetto.jpg\" data-lightbox=\"remote-gallery\" data-title=\"Michieletto in pallonetto\">&#13;<br \/>\n                                  <img decoding=\"async\" src=\"https:\/\/www.europesays.com\/it\/wp-content\/uploads\/2025\/12\/Michieletto in pallonetto.jpg\" class=\"d-block w-100\" alt=\"Michieletto in pallonetto\"\/>&#13;<br \/>\n                              <\/a><\/p>\n<p>Michieletto in pallonetto<\/p>\n<p>                              <a class=\"VediImg\" href=\"https:\/\/www.europesays.com\/it\/wp-content\/uploads\/2025\/12\/Michieletto vincente in attacco.jpg\" data-lightbox=\"remote-gallery\" data-title=\"Michieletto vincente in attacco\">&#13;<br \/>\n                                  <img decoding=\"async\" src=\"https:\/\/www.europesays.com\/it\/wp-content\/uploads\/2025\/12\/Michieletto vincente in attacco.jpg\" class=\"d-block w-100\" alt=\"Michieletto vincente in attacco\"\/>&#13;<br \/>\n                              <\/a><\/p>\n<p>Michieletto vincente in attacco<\/p>\n<p>                              <a class=\"VediImg\" href=\"https:\/\/www.europesays.com\/it\/wp-content\/uploads\/2025\/12\/Muro Itas Trentino.jpg\" data-lightbox=\"remote-gallery\" data-title=\"Muro Itas Trentino\">&#13;<br \/>\n                                  <img decoding=\"async\" src=\"https:\/\/www.europesays.com\/it\/wp-content\/uploads\/2025\/12\/Muro Itas Trentino.jpg\" class=\"d-block w-100\" alt=\"Muro Itas Trentino\"\/>&#13;<br \/>\n                              <\/a><\/p>\n<p>Muro Itas Trentino<\/p>\n<p>                              <a class=\"VediImg\" href=\"https:\/\/www.europesays.com\/it\/wp-content\/uploads\/2025\/12\/Muro di Faure.jpg\" data-lightbox=\"remote-gallery\" data-title=\"Muro di Faure\">&#13;<br \/>\n                                  <img decoding=\"async\" src=\"https:\/\/www.europesays.com\/it\/wp-content\/uploads\/2025\/12\/Muro di Faure.jpg\" class=\"d-block w-100\" alt=\"Muro di Faure\"\/>&#13;<br \/>\n                              <\/a><\/p>\n<p>Muro di Faure<\/p>\n<p>                              <a class=\"VediImg\" href=\"https:\/\/www.europesays.com\/it\/wp-content\/uploads\/2025\/12\/Muro vincente di Faure e Bartha.jpg\" data-lightbox=\"remote-gallery\" data-title=\"Muro vincente di Faure e Bartha\">&#13;<br \/>\n                                  <img decoding=\"async\" src=\"https:\/\/www.europesays.com\/it\/wp-content\/uploads\/2025\/12\/Muro vincente di Faure e Bartha.jpg\" class=\"d-block w-100\" alt=\"Muro vincente di Faure e Bartha\"\/>&#13;<br \/>\n                              <\/a><\/p>\n<p>Muro vincente di Faure e Bartha<\/p>\n<p>                              <a class=\"VediImg\" href=\"https:\/\/www.europesays.com\/it\/wp-content\/uploads\/2025\/12\/Palleggio di Sbertoli in posto due.jpg\" data-lightbox=\"remote-gallery\" data-title=\"Palleggio di Sbertoli in posto due\">&#13;<br \/>\n                                  <img decoding=\"async\" src=\"https:\/\/www.europesays.com\/it\/wp-content\/uploads\/2025\/12\/Palleggio di Sbertoli in posto due.jpg\" class=\"d-block w-100\" alt=\"Palleggio di Sbertoli in posto due\"\/>&#13;<br \/>\n                              <\/a><\/p>\n<p>Palleggio di Sbertoli in posto due<\/p>\n<p>                              <a class=\"VediImg\" href=\"https:\/\/www.europesays.com\/it\/wp-content\/uploads\/2025\/12\/Pallonetto di Michieletto.jpg\" data-lightbox=\"remote-gallery\" data-title=\"Pallonetto di Michieletto\">&#13;<br \/>\n                                  <img decoding=\"async\" src=\"https:\/\/www.europesays.com\/it\/wp-content\/uploads\/2025\/12\/Pallonetto di Michieletto.jpg\" class=\"d-block w-100\" alt=\"Pallonetto di Michieletto\"\/>&#13;<br \/>\n                              <\/a><\/p>\n<p>Pallonetto di Michieletto<\/p>\n<p>                              <a class=\"VediImg\" href=\"https:\/\/www.europesays.com\/it\/wp-content\/uploads\/2025\/12\/Primo tempo di Bartha.jpg\" data-lightbox=\"remote-gallery\" data-title=\"Primo tempo di Bartha\">&#13;<br \/>\n                                  <img decoding=\"async\" src=\"https:\/\/www.europesays.com\/it\/wp-content\/uploads\/2025\/12\/Primo tempo di Bartha.jpg\" class=\"d-block w-100\" alt=\"Primo tempo di Bartha\"\/>&#13;<br \/>\n                              <\/a><\/p>\n<p>Primo tempo di Bartha<\/p>\n<p>                              <a class=\"VediImg\" href=\"https:\/\/www.europesays.com\/it\/wp-content\/uploads\/2025\/12\/Primo tempo di Flavio.jpg\" data-lightbox=\"remote-gallery\" data-title=\"Primo tempo di Flavio\">&#13;<br \/>\n                                  <img decoding=\"async\" src=\"https:\/\/www.europesays.com\/it\/wp-content\/uploads\/2025\/12\/Primo tempo di Flavio.jpg\" class=\"d-block w-100\" alt=\"Primo tempo di Flavio\"\/>&#13;<br \/>\n                              <\/a><\/p>\n<p>Primo tempo di Flavio<\/p>\n<p>                              <a class=\"VediImg\" href=\"https:\/\/www.europesays.com\/it\/wp-content\/uploads\/2025\/12\/Ramon al servizio.jpg\" data-lightbox=\"remote-gallery\" data-title=\"Ramon al servizio\">&#13;<br \/>\n                                  <img decoding=\"async\" src=\"https:\/\/www.europesays.com\/it\/wp-content\/uploads\/2025\/12\/Ramon al servizio.jpg\" class=\"d-block w-100\" alt=\"Ramon al servizio\"\/>&#13;<br \/>\n                              <\/a><\/p>\n<p>Ramon al servizio<\/p>\n<p>                              <a class=\"VediImg\" href=\"https:\/\/www.europesays.com\/it\/wp-content\/uploads\/2025\/12\/Ramon esulta.jpg\" data-lightbox=\"remote-gallery\" data-title=\"Ramon esulta\">&#13;<br \/>\n                                  <img decoding=\"async\" src=\"https:\/\/www.europesays.com\/it\/wp-content\/uploads\/2025\/12\/Ramon esulta.jpg\" class=\"d-block w-100\" alt=\"Ramon esulta\"\/>&#13;<br \/>\n                              <\/a><\/p>\n<p>Ramon esulta<\/p>\n<p>                              <a class=\"VediImg\" href=\"https:\/\/www.europesays.com\/it\/wp-content\/uploads\/2025\/12\/Ramon in attacco supera il muro di Zimmermann.jpg\" data-lightbox=\"remote-gallery\" data-title=\"Ramon in attacco supera il muro di Zimmermann\">&#13;<br \/>\n                                  <img decoding=\"async\" src=\"https:\/\/www.europesays.com\/it\/wp-content\/uploads\/2025\/12\/Ramon in attacco supera il muro di Zimmermann.jpg\" class=\"d-block w-100\" alt=\"Ramon in attacco supera il muro di Zimmermann\"\/>&#13;<br \/>\n                              <\/a><\/p>\n<p>Ramon in attacco supera il muro di Zimmermann<\/p>\n<p>                              <a class=\"VediImg\" href=\"https:\/\/www.europesays.com\/it\/wp-content\/uploads\/2025\/12\/Ramon in attacco.jpg\" data-lightbox=\"remote-gallery\" data-title=\"Ramon in attacco\">&#13;<br \/>\n                                  <img decoding=\"async\" src=\"https:\/\/www.europesays.com\/it\/wp-content\/uploads\/2025\/12\/Ramon in attacco.jpg\" class=\"d-block w-100\" alt=\"Ramon in attacco\"\/>&#13;<br \/>\n                              <\/a><\/p>\n<p>Ramon in attacco<\/p>\n<p>                              <a class=\"VediImg\" href=\"https:\/\/www.europesays.com\/it\/wp-content\/uploads\/2025\/12\/Ramon in pallonetto.jpg\" data-lightbox=\"remote-gallery\" data-title=\"Ramon in pallonetto\">&#13;<br \/>\n                                  <img decoding=\"async\" src=\"https:\/\/www.europesays.com\/it\/wp-content\/uploads\/2025\/12\/Ramon in pallonetto.jpg\" class=\"d-block w-100\" alt=\"Ramon in pallonetto\"\/>&#13;<br \/>\n                              <\/a><\/p>\n<p>Ramon in pallonetto<\/p>\n<p>                              <a class=\"VediImg\" href=\"https:\/\/www.europesays.com\/it\/wp-content\/uploads\/2025\/12\/Ramon vincente in attacco da seconda linea.jpg\" data-lightbox=\"remote-gallery\" data-title=\"Ramon vincente in attacco da seconda linea\">&#13;<br \/>\n                                  <img decoding=\"async\" src=\"https:\/\/www.europesays.com\/it\/wp-content\/uploads\/2025\/12\/Ramon vincente in attacco da seconda linea.jpg\" class=\"d-block w-100\" alt=\"Ramon vincente in attacco da seconda linea\"\/>&#13;<br \/>\n                              <\/a><\/p>\n<p>Ramon vincente in attacco da seconda linea<\/p>\n<p>                              <a class=\"VediImg\" href=\"https:\/\/www.europesays.com\/it\/wp-content\/uploads\/2025\/12\/Sbertoli al palleggio.jpg\" data-lightbox=\"remote-gallery\" data-title=\"Sbertoli al palleggio\">&#13;<br \/>\n                                  <img decoding=\"async\" src=\"https:\/\/www.europesays.com\/it\/wp-content\/uploads\/2025\/12\/Sbertoli al palleggio.jpg\" class=\"d-block w-100\" alt=\"Sbertoli al palleggio\"\/>&#13;<br \/>\n                              <\/a><\/p>\n<p>Sbertoli al palleggio<\/p>\n<p>                              <a class=\"VediImg\" href=\"https:\/\/www.europesays.com\/it\/wp-content\/uploads\/2025\/12\/Sbertoli smista il gioco.jpg\" data-lightbox=\"remote-gallery\" data-title=\"Sbertoli smista il gioco\">&#13;<br \/>\n                                  <img decoding=\"async\" src=\"https:\/\/www.europesays.com\/it\/wp-content\/uploads\/2025\/12\/Sbertoli smista il gioco.jpg\" class=\"d-block w-100\" alt=\"Sbertoli smista il gioco\"\/>&#13;<br \/>\n                              <\/a><\/p>\n<p>Sbertoli smista il gioco<\/p>\n<p>                              <a class=\"VediImg\" href=\"https:\/\/www.europesays.com\/it\/wp-content\/uploads\/2025\/12\/Striscioni in curva.jpg\" data-lightbox=\"remote-gallery\" data-title=\"Striscioni in curva\">&#13;<br \/>\n                                  <img decoding=\"async\" src=\"https:\/\/www.europesays.com\/it\/wp-content\/uploads\/2025\/12\/Striscioni in curva.jpg\" class=\"d-block w-100\" alt=\"Striscioni in curva\"\/>&#13;<br \/>\n                              <\/a><\/p>\n<p>Striscioni in curva<\/p>\n<p>                              <a class=\"VediImg\" href=\"https:\/\/www.europesays.com\/it\/wp-content\/uploads\/2025\/12\/Time out Itas Trentino.jpg\" data-lightbox=\"remote-gallery\" data-title=\"Time out Itas Trentino\">&#13;<br \/>\n                                  <img decoding=\"async\" src=\"https:\/\/www.europesays.com\/it\/wp-content\/uploads\/2025\/12\/Time out Itas Trentino.jpg\" class=\"d-block w-100\" alt=\"Time out Itas Trentino\"\/>&#13;<br \/>\n                              <\/a><\/p>\n<p>Time out Itas Trentino<\/p>\n<p>                    &#13;<br \/>\n                        &#13;<br \/>\n                        Previous&#13;<\/p>\n<p>                    &#13;<br \/>\n                        &#13;<br \/>\n                        Next&#13;<\/p>\n<p>                            &#13;<\/p>\n<p>                    &#13;<br \/>\n                                &#13;<\/p>\n<p>    &#13;<br \/>\n&#13;<br \/>\n&#13;<br \/>\n&#13;<br \/>\n&#13;<br \/>\n&#13;<br \/>\n&#13;<br \/>\n&#13;<br \/>\n&#13;<br \/>\n&#13;<br \/>\n&#13;<br \/>\n&#13;<\/p>\n<p>                Impostazioni della casella dei cookie\n\t\t\t    <\/p>\n<p>                Impostazioni della casella dei cookie\n\t\t\t    <\/p>\n<p>\t\t\t                 Il nostro sito utilizza cookie individuali e di terze parti per finalit\u00e0 tecniche e, con il tuo consenso, anche per altre finalit\u00e0 come specificato nella\u00a0<a href=\"https:\/\/www.trentinovolley.it\/cookie-policy\" rel=\"nofollow noopener\" target=\"_blank\">cookie policy<\/a>. Puoi liberamente prestare, rifiutare o revocare il consenso a tutti o alcuni dei trattamenti utilizzando i pulsanti \u201c<strong>Accetta tutti<\/strong>\u201d o \u201c<strong>Accetta i selezionati<\/strong>\u201d. Rifiutando tutti i cookie non si garantisce la migliore esperienza di navigazione su questo sito web. <\/p>\n<p>                                Questo sito web lo far\u00e0<\/p>\n<ul class=\"ct-ultimate-gdpr-cookie-modal-slider-able\" style=\"color: #797979;\">\n<li>Ricordare quale gruppo di cookie hai accettato<\/li>\n<\/ul>\n<p>                                Questo sito non lo far\u00e0<\/p>\n<ul class=\"ct-ultimate-gdpr-cookie-modal-slider-not-able\" style=\"color: #797979;\">\n<li>Ricorda i tuoi dettagli d\u2019accesso<\/li>\n<li>Essenziali: Ricorda la tua impostazione sui permessi cookie<\/li>\n<li>Essenziali: Permetti cookie sessione<\/li>\n<li>Essenziali: Raccogli informazioni che inserisci nei form contatti newsletter e altri form su tutte le pagine<\/li>\n<li>Essenziali: Mantieni traccia di quello che inserisci nel carrello<\/li>\n<li>Essenziali: Conferma che sei connesso nel tuo account utente<\/li>\n<li>Essenziali: Ricorda la versione di lingua selezionata<\/li>\n<li>Funzionalit\u00e0: Ricorda impostazioni social media<\/li>\n<li>Funzionalit\u00e0: Ricorda regione e paese selezionati<\/li>\n<li>Analitica: Tieni traccia delle tue pagine visitate e interazioni effettuate<\/li>\n<li>Analitica: Tieni traccia della tua posizione e della regione basato sul tuo numero IP<\/li>\n<li>Analitica: Tieni traccia del tempo speso su ogni pagina<\/li>\n<li>Analitica: Aumenta la qualit\u00e0 dei dati delle funzioni di statistica<\/li>\n<li>Pubblicit\u00e0: Mostra informazioni e pubblicit\u00e0 su misura basandoci sui tuoi interessi per es. il contenuto che hai visitato in passato (In questo momento non usiamo pubblicit\u00e0 mirata o cookie mirati)<\/li>\n<li>Pubblicit\u00e0: Raccogli informazioni personalmente identificabili come nome o informazioni<\/li>\n<\/ul>\n<p>                                Questo sito web lo far\u00e0<\/p>\n<ul class=\"ct-ultimate-gdpr-cookie-modal-slider-able\" style=\"color: #797979;\">\n<li>Essenziali: Ricorda la tua impostazione sui permessi cookie<\/li>\n<li>Essenziali: Permetti cookie sessione<\/li>\n<li>Essenziali: Raccogli informazioni che inserisci nei form contatti newsletter e altri form su tutte le pagine<\/li>\n<li>Essenziali: Mantieni traccia di quello che inserisci nel carrello<\/li>\n<li>Essenziali: Conferma che sei connesso nel tuo account utente<\/li>\n<li>Essenziali: Ricorda la versione di lingua selezionata<\/li>\n<\/ul>\n<p>                                Questo sito non lo far\u00e0<\/p>\n<ul class=\"ct-ultimate-gdpr-cookie-modal-slider-not-able\" style=\"color: #797979;\">\n<li>Ricorda i tuoi dettagli d\u2019accesso<\/li>\n<li>Funzionalit\u00e0: Ricorda impostazioni social media<\/li>\n<li>Funzionalit\u00e0: Ricorda regione e paese selezionati<\/li>\n<li>Analitica: Tieni traccia delle tue pagine visitate e interazioni effettuate<\/li>\n<li>Analitica: Tieni traccia della tua posizione e della regione basato sul tuo numero IP<\/li>\n<li>Analitica: Tieni traccia del tempo speso su ogni pagina<\/li>\n<li>Analitica: Aumenta la qualit\u00e0 dei dati delle funzioni di statistica<\/li>\n<li>Pubblicit\u00e0: Mostra informazioni e pubblicit\u00e0 su misura basandoci sui tuoi interessi per es. il contenuto che hai visitato in passato (In questo momento non usiamo pubblicit\u00e0 mirata o cookie mirati)<\/li>\n<li>Pubblicit\u00e0: Raccogli informazioni personalmente identificabili come nome o informazioni<\/li>\n<\/ul>\n<p>                                Questo sito web lo far\u00e0<\/p>\n<ul class=\"ct-ultimate-gdpr-cookie-modal-slider-able\" style=\"color: #797979;\">\n<li>Essenziali: Ricorda la tua impostazione sui permessi cookie<\/li>\n<li>Essenziali: Permetti cookie sessione<\/li>\n<li>Essenziali: Raccogli informazioni che inserisci nei form contatti newsletter e altri form su tutte le pagine<\/li>\n<li>Essenziali: Mantieni traccia di quello che inserisci nel carrello<\/li>\n<li>Essenziali: Conferma che sei connesso nel tuo account utente<\/li>\n<li>Essenziali: Ricorda la versione di lingua selezionata<\/li>\n<li>Funzionalit\u00e0: Ricorda impostazioni social media<\/li>\n<li>Funzionalit\u00e0: Ricorda regione e paese selezionati<\/li>\n<\/ul>\n<p>                                Questo sito non lo far\u00e0<\/p>\n<ul class=\"ct-ultimate-gdpr-cookie-modal-slider-not-able\" style=\"color: #797979;\">\n<li>Ricorda i tuoi dettagli d\u2019accesso<\/li>\n<li>Analitica: Tieni traccia delle tue pagine visitate e interazioni effettuate<\/li>\n<li>Analitica: Tieni traccia della tua posizione e della regione basato sul tuo numero IP<\/li>\n<li>Analitica: Tieni traccia del tempo speso su ogni pagina<\/li>\n<li>Analitica: Aumenta la qualit\u00e0 dei dati delle funzioni di statistica<\/li>\n<li>Pubblicit\u00e0: Mostra informazioni e pubblicit\u00e0 su misura basandoci sui tuoi interessi per es. il contenuto che hai visitato in passato (In questo momento non usiamo pubblicit\u00e0 mirata o cookie mirati)<\/li>\n<li>Pubblicit\u00e0: Raccogli informazioni personalmente identificabili come nome o informazioni<\/li>\n<\/ul>\n<p>                                Questo sito web lo far\u00e0<\/p>\n<ul class=\"ct-ultimate-gdpr-cookie-modal-slider-able\" style=\"color: #797979;\">\n<li>Essenziali: Ricorda la tua impostazione sui permessi cookie<\/li>\n<li>Essenziali: Permetti cookie sessione<\/li>\n<li>Essenziali: Raccogli informazioni che inserisci nei form contatti newsletter e altri form su tutte le pagine<\/li>\n<li>Essenziali: Mantieni traccia di quello che inserisci nel carrello<\/li>\n<li>Essenziali: Conferma che sei connesso nel tuo account utente<\/li>\n<li>Essenziali: Ricorda la versione di lingua selezionata<\/li>\n<li>Funzionalit\u00e0: Ricorda impostazioni social media<\/li>\n<li>Funzionalit\u00e0: Ricorda regione e paese selezionati<\/li>\n<li>Analitica: Tieni traccia delle tue pagine visitate e interazioni effettuate<\/li>\n<li>Analitica: Tieni traccia della tua posizione e della regione basato sul tuo numero IP<\/li>\n<li>Analitica: Tieni traccia del tempo speso su ogni pagina<\/li>\n<li>Analitica: Aumenta la qualit\u00e0 dei dati delle funzioni di statistica<\/li>\n<\/ul>\n<p>                                Questo sito non lo far\u00e0<\/p>\n<ul class=\"ct-ultimate-gdpr-cookie-modal-slider-not-able\" style=\"color: #797979;\">\n<li>Ricorda i tuoi dettagli d\u2019accesso<\/li>\n<li>Pubblicit\u00e0: Mostra informazioni e pubblicit\u00e0 su misura basandoci sui tuoi interessi per es. il contenuto che hai visitato in passato (In questo momento non usiamo pubblicit\u00e0 mirata o cookie mirati)<\/li>\n<li>Pubblicit\u00e0: Raccogli informazioni personalmente identificabili come nome o informazioni<\/li>\n<\/ul>\n<p>                                Questo sito web lo far\u00e0<\/p>\n<ul class=\"ct-ultimate-gdpr-cookie-modal-slider-able\" style=\"color: #797979;\">\n<li>Essenziali: Ricorda la tua impostazione sui permessi cookie<\/li>\n<li>Essenziali: Permetti cookie sessione<\/li>\n<li>Essenziali: Raccogli informazioni che inserisci nei form contatti newsletter e altri form su tutte le pagine<\/li>\n<li>Essenziali: Mantieni traccia di quello che inserisci nel carrello<\/li>\n<li>Essenziali: Conferma che sei connesso nel tuo account utente<\/li>\n<li>Essenziali: Ricorda la versione di lingua selezionata<\/li>\n<li>Funzionalit\u00e0: Ricorda impostazioni social media<\/li>\n<li>Funzionalit\u00e0: Ricorda regione e paese selezionati<\/li>\n<li>Analitica: Tieni traccia delle tue pagine visitate e interazioni effettuate<\/li>\n<li>Analitica: Tieni traccia della tua posizione e della regione basato sul tuo numero IP<\/li>\n<li>Analitica: Tieni traccia del tempo speso su ogni pagina<\/li>\n<li>Analitica: Aumenta la qualit\u00e0 dei dati delle funzioni di statistica<\/li>\n<li>Pubblicit\u00e0: Mostra informazioni e pubblicit\u00e0 su misura basandoci sui tuoi interessi per es. il contenuto che hai visitato in passato (In questo momento non usiamo pubblicit\u00e0 mirata o cookie mirati)<\/li>\n<li>Pubblicit\u00e0: Raccogli informazioni personalmente identificabili come nome o informazioni<\/li>\n<\/ul>\n<p>                                Questo sito non lo far\u00e0<\/p>\n<ul class=\"ct-ultimate-gdpr-cookie-modal-slider-not-able\" style=\"color: #797979;\">\n<li>Ricorda i tuoi dettagli d\u2019accesso<\/li>\n<\/ul>\n<p>&#13;<br \/>\n&#13;<br \/>\n&#13;<br \/>\n&#13;<br \/>\n&#13;<\/p>\n","protected":false},"excerpt":{"rendered":"&#13; &#13; &#13; &#13; &#13; &#13; &#13; &#13; &#13; &#13; &#13; &#13; &#13; Trentino Volley&#13; &#13; &#13; &#13;&hellip;\n","protected":false},"author":3,"featured_media":275859,"comment_status":"","ping_status":"","sticky":false,"template":"","format":"standard","meta":{"footnotes":""},"categories":[1474],"tags":[1537,90,89,245,244,1869],"class_list":{"0":"post-275858","1":"post","2":"type-post","3":"status-publish","4":"format-standard","5":"has-post-thumbnail","7":"category-volley","8":"tag-it","9":"tag-italia","10":"tag-italy","11":"tag-sport","12":"tag-sports","13":"tag-volley"},"share_on_mastodon":{"url":"https:\/\/pubeurope.com\/@it\/115775797467679847","error":""},"_links":{"self":[{"href":"https:\/\/www.europesays.com\/it\/wp-json\/wp\/v2\/posts\/275858","targetHints":{"allow":["GET"]}}],"collection":[{"href":"https:\/\/www.europesays.com\/it\/wp-json\/wp\/v2\/posts"}],"about":[{"href":"https:\/\/www.europesays.com\/it\/wp-json\/wp\/v2\/types\/post"}],"author":[{"embeddable":true,"href":"https:\/\/www.europesays.com\/it\/wp-json\/wp\/v2\/users\/3"}],"replies":[{"embeddable":true,"href":"https:\/\/www.europesays.com\/it\/wp-json\/wp\/v2\/comments?post=275858"}],"version-history":[{"count":0,"href":"https:\/\/www.europesays.com\/it\/wp-json\/wp\/v2\/posts\/275858\/revisions"}],"wp:featuredmedia":[{"embeddable":true,"href":"https:\/\/www.europesays.com\/it\/wp-json\/wp\/v2\/media\/275859"}],"wp:attachment":[{"href":"https:\/\/www.europesays.com\/it\/wp-json\/wp\/v2\/media?parent=275858"}],"wp:term":[{"taxonomy":"category","embeddable":true,"href":"https:\/\/www.europesays.com\/it\/wp-json\/wp\/v2\/categories?post=275858"},{"taxonomy":"post_tag","embeddable":true,"href":"https:\/\/www.europesays.com\/it\/wp-json\/wp\/v2\/tags?post=275858"}],"curies":[{"name":"wp","href":"https:\/\/api.w.org\/{rel}","templated":true}]}}