{"id":275862,"date":"2025-12-24T17:44:17","date_gmt":"2025-12-24T17:44:17","guid":{"rendered":"https:\/\/www.europesays.com\/it\/275862\/"},"modified":"2025-12-24T17:44:17","modified_gmt":"2025-12-24T17:44:17","slug":"ciclomercato-2026-francisco-galvan-si-ferma-dopo-il-licenziamento-dalla-kern-pharma-lasciare-la-bicicletta-non-mi-fa-male-lo-fa-sentire-di-aver-deluso-i-miei-cari","status":"publish","type":"post","link":"https:\/\/www.europesays.com\/it\/275862\/","title":{"rendered":"CicloMercato 2026, Francisco Galv\u00e1n si ferma dopo il licenziamento dalla Kern Pharma: &#8220;Lasciare la bicicletta non mi fa male, lo fa sentire di aver deluso i miei cari&#8221;"},"content":{"rendered":"<p>\t\t\t\t\t<a href=\"https:\/\/cyclingpro.net\/spaziociclismo\/altro\/scopri-lapp-ufficiale-di-spaziociclismo\/\" title=\"\" rel=\"nofollow noopener\" target=\"_blank\"><br \/>\n\t\t\t\t\t\t<img loading=\"lazy\" decoding=\"async\" src=\"https:\/\/www.europesays.com\/it\/wp-content\/uploads\/2025\/09\/1758060682_662_Banner-App-SpazioCiclismo.png\" alt=\"\" width=\"728\" height=\"91\"\/><br \/>\n\t\t\t\t\t<\/a><\/p>\n<p>A causa di un video diventato virale a inizio ottobre, la carriera di <strong>Francisco Galv\u00e1n<\/strong> sembra essere giunta al termine. Circa tre mesi fa, sui social era stato pubblicato un filmato (postato qui sotto) che riprendeva il corridore spagnolo saltare ripetutamente uno spartitraffico in discesa durante un allenamento, un\u2019azione che, oltre a mettere a rischio la sua incolumit\u00e0, violava le norme di sicurezza stradale. Dopo quel video, la sua squadra, l\u2019<strong>Equipo Kern Pharma<\/strong>, aveva annunciato che avrebbe preso provvedimenti disciplinari contro il 28enne, che nonostante avesse un contratto con il team fino a fine 2026, nelle scorse settimane non \u00e8 stato confermato nella rosa per la prossima stagione, venendo di fatto licenziato. Un licenziamento che ha avuto conseguenze importanti su Galv\u00e1n, che con un post sul proprio profilo <a href=\"https:\/\/www.instagram.com\/kikogalvan\/p\/DSneZF1jO-W\/\" rel=\"nofollow noopener\" target=\"_blank\">Instagram<\/a> ha raccontato com\u2019\u00e8 cambiata la sua vita negli ultimi mesi.<\/p>\n<p>\u201c<strong>Quest\u2019anno ho dovuto vendere la mia auto dopo essere stato espulso dalla squadra<\/strong> \u2013 scrive il 28enne \u2013 Sono uscito dal concessionario e sono tornato a casa a piedi. \u00c8 stato allora che ho capito quanto velocemente possono cambiare le cose. <strong>Da allora mi alleno vestito di nero. Non per estetica, ma perch\u00e9 \u00e8 cos\u00ec che mi sento. Eppure la gente mi riconosce, mi ferma, mi fa domande. E io sorrido, ma dentro di me provo vergogna. Vergogna per aver fallito<\/strong>. Per aver deluso i miei genitori. La mia gente. La mia ragazza, che \u00e8 stata l\u2019unica a sostenermi quando tutto stava crollando\u201d.<\/p>\n<p>\u201cNon scrivo questo per suscitare compassione o per giustificare qualcosa \u2013 prosegue lo spagnolo \u2013 <strong>Ho sbagliato. Un errore ha delle conseguenze e le sto pagando<\/strong>. Chiedo scusa a chiunque si sia sentito coinvolto\u201d. L\u2019ex corridore della Kern Pharma fa intendere che la sua carriera \u00e8 praticamente finita: \u201c<strong>Lasciare la bicicletta non mi fa male<\/strong>. Ho vissuto il ciclismo come volevo: al massimo, con il cuore, senza mezze misure. <strong>Ci\u00f2 che mi fa male \u00e8 sentire di aver deluso i miei cari<\/strong>.<strong> Questa \u00e8 la cosa pi\u00f9 difficile. Oggi non dico addio. Mi fermo e basta<\/strong>. Respiro. E vado avanti, come posso, ma con i piedi per terra. Perch\u00e9 la vita non sempre ti lascia scegliere la strada, ma ti lascia scegliere come percorrerla\u201d.<\/p>\n<blockquote class=\"twitter-tweet\" data-media-max-width=\"560\">\n<p dir=\"ltr\" lang=\"fr\"><a href=\"https:\/\/twitter.com\/hashtag\/Divers?src=hash&amp;ref_src=twsrc%5Etfw\" rel=\"nofollow noopener\" target=\"_blank\">#Divers<\/a> \ud83d\udeb2 \/ Kern Pharma prend des \u201cmesures disciplinaires\u201d contre \ud83c\uddea\ud83c\uddf8 Kiko Galvan pour avoir \u201cenfreint le code de la route\u201d.<\/p>\n<p>L\u2019\u00e9quipe exprime \u201cson indignation\u201d face aux actions de son coureur. <a href=\"https:\/\/t.co\/5tQCRDU55U\" rel=\"nofollow\">pic.twitter.com\/5tQCRDU55U<\/a><\/p>\n<p>\u2014 Renaud Breban (@RenaudB31) <a href=\"https:\/\/twitter.com\/RenaudB31\/status\/1974723355514134565?ref_src=twsrc%5Etfw\" rel=\"nofollow noopener\" target=\"_blank\">October 5, 2025<\/a><\/p>\n<\/blockquote>\n<p>\t\t<script async src=\"https:\/\/platform.twitter.com\/widgets.js\" charset=\"utf-8\"><\/script><script async src=\"\/\/www.instagram.com\/embed.js\"><\/script><\/p>\n","protected":false},"excerpt":{"rendered":"A causa di un video diventato virale a inizio ottobre, la carriera di Francisco Galv\u00e1n sembra essere giunta&hellip;\n","protected":false},"author":3,"featured_media":275863,"comment_status":"","ping_status":"","sticky":false,"template":"","format":"standard","meta":{"footnotes":""},"categories":[1456],"tags":[1824,1849,1825,136308,1537,90,89,245,244],"class_list":{"0":"post-275862","1":"post","2":"type-post","3":"status-publish","4":"format-standard","5":"has-post-thumbnail","7":"category-ciclismo","8":"tag-ciclismo","9":"tag-ciclomercato-2026","10":"tag-cycling","11":"tag-francisco-galvan","12":"tag-it","13":"tag-italia","14":"tag-italy","15":"tag-sport","16":"tag-sports"},"share_on_mastodon":{"url":"https:\/\/pubeurope.com\/@it\/115775797742636059","error":""},"_links":{"self":[{"href":"https:\/\/www.europesays.com\/it\/wp-json\/wp\/v2\/posts\/275862","targetHints":{"allow":["GET"]}}],"collection":[{"href":"https:\/\/www.europesays.com\/it\/wp-json\/wp\/v2\/posts"}],"about":[{"href":"https:\/\/www.europesays.com\/it\/wp-json\/wp\/v2\/types\/post"}],"author":[{"embeddable":true,"href":"https:\/\/www.europesays.com\/it\/wp-json\/wp\/v2\/users\/3"}],"replies":[{"embeddable":true,"href":"https:\/\/www.europesays.com\/it\/wp-json\/wp\/v2\/comments?post=275862"}],"version-history":[{"count":0,"href":"https:\/\/www.europesays.com\/it\/wp-json\/wp\/v2\/posts\/275862\/revisions"}],"wp:featuredmedia":[{"embeddable":true,"href":"https:\/\/www.europesays.com\/it\/wp-json\/wp\/v2\/media\/275863"}],"wp:attachment":[{"href":"https:\/\/www.europesays.com\/it\/wp-json\/wp\/v2\/media?parent=275862"}],"wp:term":[{"taxonomy":"category","embeddable":true,"href":"https:\/\/www.europesays.com\/it\/wp-json\/wp\/v2\/categories?post=275862"},{"taxonomy":"post_tag","embeddable":true,"href":"https:\/\/www.europesays.com\/it\/wp-json\/wp\/v2\/tags?post=275862"}],"curies":[{"name":"wp","href":"https:\/\/api.w.org\/{rel}","templated":true}]}}