{"id":275868,"date":"2025-12-24T17:49:11","date_gmt":"2025-12-24T17:49:11","guid":{"rendered":"https:\/\/www.europesays.com\/it\/275868\/"},"modified":"2025-12-24T17:49:11","modified_gmt":"2025-12-24T17:49:11","slug":"checco-zalone-con-mariangela-ci-siamo-lasciati-ma-non-ci-eravamo-mai-sposati-se-sto-virginia-raffaele-ci-ridiamo-su-non-la-vedevo-dai-tempi-del-covid","status":"publish","type":"post","link":"https:\/\/www.europesays.com\/it\/275868\/","title":{"rendered":"Checco Zalone: \u00abCon Mariangela ci siamo lasciati, ma non ci eravamo mai sposati. Se sto Virginia Raffaele? Ci ridiamo su, non la vedevo dai tempi del Covid\u00bb"},"content":{"rendered":"<p class=\"has-dropcap\">Buen Camino, il film con cui, dopo 5 anni, Checco Zalone &#8211; all\u2019anagrafe Luca Medici &#8211; torna al cinema il giorno di Natale, racconta di <strong>\u00abun pap\u00e0 che segue la figlia lungo il cammino di Santiago\u00bb e \u00abdiventer\u00e0 un percorso di avvicinamento\u00bb<\/strong> a quella figlia.<\/p>\n<p>Il pap\u00e0 \u00e8 lui, che nella vita reale di figlie ne ha due, Gaia (13 anni a febbraio) e Greta (10 a gennaio), e una separazione alle spalle. \u00abIn realt\u00e0 non ci eravamo mai sposati. E siamo in buoni rapporti\u00bb, dice al Corriere della madre delle sue bambine. <strong>La storia con la sua ex compagna Mariangela Eboli era iniziata nel 2005, quando la incontr\u00f2 in un locale<\/strong> di Casamassima, nel Barese, dove lei gestiva il karaoke. Insieme hanno condiviso vita e lavoro, guidando anche la societ\u00e0 cinematografica Mlz, prima del febbraio 2024. Attorno alla separazione si \u00e8 acceso il gossip, e <strong>si diceva che Checco Zalone <a href=\"https:\/\/www.vanityfair.it\/article\/checco-zalone-e-virginia-raffaele-e-nata-una-nuova-coppia\" target=\"_blank\" rel=\"nofollow noopener\">si fosse messo con Virginia Raffaele.<\/a> In realt\u00e0, \u00abl\u2019ho rivista l\u2019altro giorno<\/strong>, per la prima volta dal tempo del video sul Covid e l\u2019immunit\u00e0 di gregge. Ci abbiamo riso su. In realt\u00e0, Virginia sa che non glielo dar\u00f2 mai\u00bb.<\/p>\n<p>Gaia, la sua figlia pi\u00f9 grande, \u00absta giustappunto entrando nella fase adolescenziale\u00bb. E va a cavallo \u00abtutti i giorni\u00bb. \u00abNon \u00e8 il tennis. <strong>Il cavallo lo devi curare, farlo girare ogni giorno.<\/strong> Se ti fai vedere dopo una settimana il cavallo \u00e8 incazzatissimo e te la fa pagare\u00bb. Ma l\u2019impegno \u00e8 anche del pap\u00e0: \u00ab\u00c8 il terzo che le compro. Una cavalla: Etta. <strong>E pensare che io i cavalli ero abituato a mangiarli:<\/strong> da noi in Puglia si fanno le braciole. Ora \u00e8 tab\u00f9\u00bb.<\/p>\n<p>Dalle sue figlie, ha ricevuto la lettera per Babbo Natale, \u00abscritta a mano, fotografata e inviata via whatsapp\u00bb. Le richieste sono precise e ben indirizzate, \u00abmodulate in base al reddito. Nonno Sandro e nonna Tonia: cover bianca dell\u2019I-Pad. Zio Fabio: anello Pandora, Pandora \u00e8 la marca. Zio Checco: anello pi\u00f9 prodotti per skin care. <strong>Pap\u00e0: I-Phone 17. Bianco. Deve essere Pro, con tre foto, grazie<\/strong>\u201d. Col cazzo!\u00bb. Il fratello Fabio \u00e8 identico a lui, \u00abSolo che lui \u00e8 povero, fa lo steward per Air Dolomiti\u00bb. L\u2019altro fratello, Francesco, \u00abcollabora con me a tutte le mie attivit\u00e0, ma vista la stazza pensano che sia la mia guardia del corpo. La gente per fortuna non sa che \u00e8 buonissimo, quindi lo teme. Quando mi manda affanculo, il che accade spesso, si scandalizzano: ma come lo tratta, come si permette!\u00bb. I genitori sono ancora presenti nella sua quotidianit\u00e0: \u00abVivono nella mia prima casa. Gliel\u2019ho lasciata quando non ero ancora ossessionato dal denaro\u00bb.<\/p>\n<p><strong>La sua presunta \u00abossessione per il denaro\u00bb \u00e8 diventata tema pubblico con la rottura professionale con il produttore storico Pietro Valsecchi<\/strong>, che in un&#8217;intervista sul Corriere lo ha accusato di essere diventato \u00abossessivo e molto attento ai soldi\u00bb e di aver cercato il \u00abriconoscimento dell&#8217;intellighenzia di sinistra\u00bb, spendendo molto (24 milioni di euro) nel film Tolo Tolo per questo scopo. \u00abCapisco che possa essere risentito: \u00e8 umano, questo \u00e8 il primo film che non faccio con lui\u00bb. E replica ironico: \u00abSono attento al denaro proprio per poter finalmente piacere all\u2019intelligentsia di sinistra\u00bb.<\/p>\n","protected":false},"excerpt":{"rendered":"Buen Camino, il film con cui, dopo 5 anni, Checco Zalone &#8211; all\u2019anagrafe Luca Medici &#8211; torna al&hellip;\n","protected":false},"author":3,"featured_media":275869,"comment_status":"","ping_status":"","sticky":false,"template":"","format":"standard","meta":{"footnotes":""},"categories":[1451],"tags":[1621,1620,12059,203,204,1537,90,89],"class_list":{"0":"post-275868","1":"post","2":"type-post","3":"status-publish","4":"format-standard","5":"has-post-thumbnail","7":"category-celebrita","8":"tag-celebrita","9":"tag-celebrities","10":"tag-checco-zalone","11":"tag-entertainment","12":"tag-intrattenimento","13":"tag-it","14":"tag-italia","15":"tag-italy"},"share_on_mastodon":{"url":"https:\/\/pubeurope.com\/@it\/115775810193092558","error":""},"_links":{"self":[{"href":"https:\/\/www.europesays.com\/it\/wp-json\/wp\/v2\/posts\/275868","targetHints":{"allow":["GET"]}}],"collection":[{"href":"https:\/\/www.europesays.com\/it\/wp-json\/wp\/v2\/posts"}],"about":[{"href":"https:\/\/www.europesays.com\/it\/wp-json\/wp\/v2\/types\/post"}],"author":[{"embeddable":true,"href":"https:\/\/www.europesays.com\/it\/wp-json\/wp\/v2\/users\/3"}],"replies":[{"embeddable":true,"href":"https:\/\/www.europesays.com\/it\/wp-json\/wp\/v2\/comments?post=275868"}],"version-history":[{"count":0,"href":"https:\/\/www.europesays.com\/it\/wp-json\/wp\/v2\/posts\/275868\/revisions"}],"wp:featuredmedia":[{"embeddable":true,"href":"https:\/\/www.europesays.com\/it\/wp-json\/wp\/v2\/media\/275869"}],"wp:attachment":[{"href":"https:\/\/www.europesays.com\/it\/wp-json\/wp\/v2\/media?parent=275868"}],"wp:term":[{"taxonomy":"category","embeddable":true,"href":"https:\/\/www.europesays.com\/it\/wp-json\/wp\/v2\/categories?post=275868"},{"taxonomy":"post_tag","embeddable":true,"href":"https:\/\/www.europesays.com\/it\/wp-json\/wp\/v2\/tags?post=275868"}],"curies":[{"name":"wp","href":"https:\/\/api.w.org\/{rel}","templated":true}]}}