{"id":275999,"date":"2025-12-24T19:58:23","date_gmt":"2025-12-24T19:58:23","guid":{"rendered":"https:\/\/www.europesays.com\/it\/275999\/"},"modified":"2025-12-24T19:58:23","modified_gmt":"2025-12-24T19:58:23","slug":"lutopia-modernista-sulle-alpi-francesi","status":"publish","type":"post","link":"https:\/\/www.europesays.com\/it\/275999\/","title":{"rendered":"L&#8217;utopia modernista sulle Alpi francesi"},"content":{"rendered":"<p data-journey-content=\"true\" data-node-id=\"1\" class=\"css-6wxqfj emevuu60\">Le <strong data-node-id=\"1.1\">localit\u00e0 sciistiche<\/strong> sono in genere posti incantati fatti di <a href=\"https:\/\/www.elledecor.com\/it\/case\/a69425398\/baita-di-montagna-bellissima-sulle-dolomiti\/\" target=\"_blank\" data-vars-ga-outbound-link=\"https:\/\/www.elledecor.com\/it\/case\/a69425398\/baita-di-montagna-bellissima-sulle-dolomiti\/\" data-vars-ga-ux-element=\"Hyperlink\" data-vars-ga-call-to-action=\"baite\" data-node-id=\"1.3\" class=\"body-link css-15fjk10 emevuu60\" rel=\"nofollow noopener\">baite<\/a> in legno, costruzioni tradizionali e tetti spioventi tra scenari naturali incontaminati. Si tratta di un\u2019estetica cos\u00ec consolidata che in simili contesti l\u2019architettura moderna \u00e8 considerata spesso \u2013 e pi\u00f9 che altrove \u2013 fuori luogo. Centri come <a href=\"https:\/\/www.elledecor.com\/it\/case\/a46672543\/in-vendita-lo-chalet-sulle-alpi-italiane-piu-costoso-di-sempre\/\" target=\"_blank\" data-vars-ga-outbound-link=\"https:\/\/www.elledecor.com\/it\/case\/a46672543\/in-vendita-lo-chalet-sulle-alpi-italiane-piu-costoso-di-sempre\/\" data-vars-ga-ux-element=\"Hyperlink\" data-vars-ga-call-to-action=\"Cervinia\" data-node-id=\"1.5\" class=\"body-link css-15fjk10 emevuu60\" rel=\"nofollow noopener\">Cervinia<\/a> o Sestriere, ad esempio, stridono per la loro edilizia che rifiuta molti di questi clich\u00e9.  Eppure, l<strong data-node-id=\"1.7\">a montagna intesa come luogo di villeggiatura \u00e8 un\u2019invenzione in tutto e per tutto novecentesca<\/strong> anche se la sua architettura non sembra rispecchiarlo.<\/p>\n<p data-journey-content=\"true\" data-node-id=\"4\" class=\"css-6wxqfj emevuu60\">  Antonio De Rossi, nel suo <strong data-node-id=\"4.1.0\">La costruzione delle Alpi<\/strong>, testo straordinario e imprescindibile, ripercorre tutta la <strong data-node-id=\"4.3\">parabola del modernismo ad alta quota<\/strong> individuandone la nascita nel 1917 quando Bruno Taut pubblica Alpine Architektur, l\u2019atto fondativo di un nuovo modo di intendere le Alpi. Da quel momento in poi la conquista della montagna si avvarr\u00e0 della tecnica moderna, delle automobili, degli impianti di risalita. Uno <strong data-node-id=\"4.7\">sfruttamento febbrile e miope<\/strong>, oggi possiamo dirlo, tanto pi\u00f9 che le attuali generazioni pi\u00f9 giovani cresceranno verosimilmente in un mondo in cui gli sport invernali scompariranno o saranno diventati cos\u00ec esotici da essere appannaggio di una ristrettissima \u00e9lite. <\/p>\n<p><img draggable=\"true\" alt=\"france architecture culture heritage\" title=\"FRANCE-ARCHITECTURE-CULTURE-HERITAGE\" loading=\"lazy\" width=\"4394\" height=\"2929\" decoding=\"async\" data-nimg=\"1\" style=\"color:transparent;width:100%;height:auto;\"   src=\"https:\/\/www.europesays.com\/it\/wp-content\/uploads\/2025\/12\/picture-taken-on-february-28-2019-shows-the-ski-resort-of-news-photo-1766401918.pjpeg\" class=\"css-0 e1g79fud0\"\/><a target=\"_blank\" rel=\"noopener nofollow\" data-theme-key=\"base-link\" href=\"https:\/\/pinterest.com\/pin\/create\/button\/?url=https:\/\/www.elledecor.com\/it\/architettura\/a69835493\/architettura-moderna-alpi-francesi\/&amp;description=elledecoritalia&amp;media=https:\/\/hips.hearstapps.com\/hmg-prod\/images\/picture-taken-on-february-28-2019-shows-the-ski-resort-of-news-photo-1766401918.pjpeg?resize=1600:*\" class=\"pinterest css-on9hn5 e1c1bym14\"><img decoding=\"async\" data-dynamic-svg=\"true\" src=\"https:\/\/www.elledecor.com\/_assets\/design-tokens\/fre\/static\/icons\/social\/pinterest.e8cf655.svg?primary=%2523ffffff\" loading=\"lazy\" data-testid=\"dynamic-svg-base\" height=\"auto\" width=\"auto\" alt=\"pinterest\" class=\"css-4lml0h e1mlxuuw1\"\/><\/a><\/p>\n<p>JEAN-PIERRE CLATOT\/\/Getty Images<\/p>\n<p data-journey-content=\"true\" data-node-id=\"7\" class=\"css-6wxqfj emevuu60\">Una perfetta sintesi di tutte queste contraddizioni possiamo trovarla in Savoia; la regione francese sulle Alpi occidentali fu infatti, negli anni Sessanta, un <strong data-node-id=\"7.1\">laboratorio turistico unico al mondo<\/strong> in cui alcuni degli architetti pi\u00f9 importanti del \u2018900 tentarono un esperimento inedito e senza eguali. Bisogna ricordare che non fu quello transalpino il primo caso di localit\u00e0 sciistiche pensate a tavolino, anche ad esempio le gi\u00e0 citate Cervinia e Sestriere o, ancor prima, Meg\u00e8ve avevano questa origine ma, in questi primi casi, si trattava sempre di iniziative private; vere e proprie operazioni immobiliari ispirate da facoltosi personaggi proprio come nel caso della famiglia Agnelli che immagin\u00f2, a partire dagli anni Trenta, la creazione di una localit\u00e0 sciistica d\u2019avanguardia. <\/p>\n<p data-journey-content=\"true\" data-node-id=\"12\" class=\"css-6wxqfj emevuu60\">Quel che avvenne nella Savoia francese ad inizio anni Sessanta fu per\u00f2 qualcosa di<strong data-node-id=\"12.1\"> ben pi\u00f9 ambizioso<\/strong> e per comprenderne appieno il valore dobbiamo mettere da parte i frettolosi giudizi estetici e calarci invece nel contesto di quel periodo storico. Le cosiddette stations int\u00e9gr\u00e9es si sviluppano nell\u2019arco di circa un quindicennio in una porzione di territorio alpino piuttosto limitata. Sono quelli anni in cui <strong data-node-id=\"12.5\">il turismo conosce una vera e propria esplosione<\/strong>, la frenetica crescita economica e lo sviluppo delle prime vacanze di massa rese in quel periodo \u2013 e per la prima volta \u2013 gli sport invernali delle attivit\u00e0 non pi\u00f9 riservate solo all\u2019\u00e9lite economica. Vale la pena ricordare che proprio in quel contesto si afferma il Club M\u00e9diterran\u00e9e, l\u2019azienda di servizi turistici francese, che inaugura in quegli anni una serie di villaggi invernali allargando alla montagna il modello della vacanza all-inclusive. Parallelamente a queste mutazioni, in ambito architettonico, si assiste invece ad un crescente interesse per <strong data-node-id=\"12.11\">utopistiche megastrutture<\/strong>; delle gigantesche macchine architettoniche che promettono di rendere reali le profezie moderniste in cui la citt\u00e0 e l\u2019edificio finiscono per coincidere quasi fossero fantascientifiche astronavi. <\/p>\n<p data-journey-content=\"true\" data-node-id=\"15\" class=\"css-6wxqfj emevuu60\">Cos\u00ec in Francia si mette a punto un ambizioso programma, il <strong data-node-id=\"15.1\">Plan Neige<\/strong>, con l\u2019obiettivo di dotare il paese di una serie di rivoluzionarie stazioni sciistiche che possano soddisfare la crescente domanda. \u00c8 allora che nascono La Plagne, Les Arcs, Avoriaz, Flaine e Les Menuires,  costruite sulle Alpi della Savoia e immaginate da alcuni dei pi\u00f9 importanti architetti del XX secolo. Tutti questi interventi, infatti, hanno in comune una <strong data-node-id=\"15.3\">progettazione integrata<\/strong>, le nuove localit\u00e0 sono cio\u00e8 pensate attorno allo sciatore che deve godere del massimo livello di confort: le piste, spesso tracciate da grandi campioni del passato, raggiungono direttamente il centro laddove sono collocati anche i servizi e gli alloggi, le auto sono invece confinate lontano, spesso in parcheggi sotterranei cosicch\u00e9 per il tempo della villeggiatura lo stress possa essere ridotto al minimo. <\/p>\n<p data-journey-content=\"true\" data-node-id=\"18\" class=\"css-6wxqfj emevuu60\">La Plagne ad esempio nasce nel 1961, ed \u00e8 in realt\u00e0 di un complesso articolato di ben dieci stazioni sciistiche distinte collocate a quote diverse. I numeri sono impressionanti, 50.000 posti letto e oltre 110 impianti di risalita. L\u2019architetto che ne plasmer\u00e0 l\u2019aspetto sar\u00e0 <strong data-node-id=\"18.1\">Michel Bezan\u00e7on<\/strong> che sar\u00e0 anche l\u2019autore dell\u2019edificio simbolo, il cosiddetto paquebot, il <strong data-node-id=\"18.5.0\">transatlantico delle nevi<\/strong>. Una megastruttura-citt\u00e0 inizialmente immaginata appoggiata su possenti pilotis in cemento armato poi rimpiazzati da un basamento meno originale fatto di terrazze aperte dedicate ai servizi. L\u2019edificio realizzato rimane comunque un landmark potentissimo con il suo profilo che riproduce le vette del paesaggio circostante, una sorta di citt\u00e0 lineare, un\u2019evoluzione alpina del concetto di <a href=\"https:\/\/www.elledecor.com\/it\/case\/a21282163\/appartamento-unite-d-habitation-le-corbusier-ristrutturazione-philipp-mohr\/\" target=\"_blank\" data-vars-ga-outbound-link=\"https:\/\/www.elledecor.com\/it\/case\/a21282163\/appartamento-unite-d-habitation-le-corbusier-ristrutturazione-philipp-mohr\/\" data-vars-ga-ux-element=\"Hyperlink\" data-vars-ga-call-to-action=\"Unit\u00e9 d\u2019habitation\" data-node-id=\"18.7\" class=\"body-link css-15fjk10 emevuu60\" rel=\"nofollow noopener\">Unit\u00e9 d\u2019habitation<\/a> di <a href=\"https:\/\/www.elledecor.com\/it\/people\/a37957838\/le-corbusier-biografia-opere\/\" target=\"_blank\" data-vars-ga-outbound-link=\"https:\/\/www.elledecor.com\/it\/people\/a37957838\/le-corbusier-biografia-opere\/\" data-vars-ga-ux-element=\"Hyperlink\" data-vars-ga-call-to-action=\"Le Corbusier\" data-node-id=\"18.9\" class=\"body-link css-15fjk10 emevuu60\" rel=\"nofollow noopener\">Le Corbusier<\/a>. <\/p>\n<p data-journey-content=\"true\" data-node-id=\"21\" class=\"css-6wxqfj emevuu60\">Ancor pi\u00f9 ambizioso, quantomeno dal punto di vista architettonico, \u00e8 il progetto di Flaine. Il programma urbanistico prevedeva di \u201c<strong data-node-id=\"21.1\">raggruppare le automobili in vasti parcheggi sotterranei <\/strong>liberando la stazione dai veicoli, concentrare le residenze e i servizi in un numero limitato di edifici di grandi dimensioni per salvaguardare il paesaggio e favorire gli spostamenti a piedi e sugli sci\u201d. Per quanto riguarda la progettazione architettonica invece viene incaricato addirittura <strong data-node-id=\"21.3\"><a href=\"https:\/\/www.elledecor.com\/it\/people\/a27238950\/marcel-breuer-opere\/\" target=\"_blank\" data-vars-ga-outbound-link=\"https:\/\/www.elledecor.com\/it\/people\/a27238950\/marcel-breuer-opere\/\" data-vars-ga-ux-element=\"Hyperlink\" data-vars-ga-call-to-action=\"Marcel Breuer\" data-node-id=\"21.3.0\" class=\"body-link css-15fjk10 emevuu60\" rel=\"nofollow noopener\">Marcel Breuer<\/a><\/strong>, famosissimo e gi\u00e0 tra i protagonisti del mitico Bauhaus, che impone alla localit\u00e0 un linguaggio modernista fatto di elementi in cemento prefabbricati. L\u2019edificio pi\u00f9 impressionante rimane senza dubbio l\u2019Hotel La Flaine, affacciato su una ripida falesia e con una<strong data-node-id=\"21.5\"> incredibile terrazza in cemento armato paurosamente affacciata sul vuoto sottostante<\/strong>. Notevole anche il design degli interni per i quali l\u2019architetto inventa degli stupefacenti camini-scultura in cemento armato ancora oggi iconici. Flaine era uno degli esempi pi\u00f9 esaustivi del cosiddetto modernismo alpino, un complesso architettonico pensato per lo sci ma caratterizzato da un linguaggio architettonico che permeava ogni aspetto. <strong data-node-id=\"21.7\">Tutto era integrato, persino le opere d\u2019arte<\/strong> per le quali vennero incaricati alcuni degli artisti pi\u00f9 importanti al mondo come Jean Dubuffet, Victor Vasarely e persino Pablo Picasso che realizzarono le grandi sculture che impreziosivano i grandi spazi esterni. <\/p>\n<p><img draggable=\"true\" alt=\"view of town from above. flaine, flaine, france. architect: marcel breuer, 1969.\" title=\"View of town from above. Flaine, Flaine, France. Architect: Marcel Breuer, 1969.\" loading=\"lazy\" width=\"4579\" height=\"3663\" decoding=\"async\" data-nimg=\"1\" style=\"color:transparent;width:100%;height:auto;\"   src=\"https:\/\/www.europesays.com\/it\/wp-content\/uploads\/2025\/12\/view-of-town-from-above-flaine-flaine-france-architect-news-photo-1766401560.pjpeg\" class=\"css-0 e1g79fud0\"\/><a target=\"_blank\" rel=\"noopener nofollow\" data-theme-key=\"base-link\" href=\"https:\/\/pinterest.com\/pin\/create\/button\/?url=https:\/\/www.elledecor.com\/it\/architettura\/a69835493\/architettura-moderna-alpi-francesi\/&amp;description=elledecoritalia&amp;media=https:\/\/hips.hearstapps.com\/hmg-prod\/images\/view-of-town-from-above-flaine-flaine-france-architect-news-photo-1766401560.pjpeg?resize=1600:*\" class=\"pinterest css-on9hn5 e1c1bym14\"><img decoding=\"async\" data-dynamic-svg=\"true\" src=\"https:\/\/www.elledecor.com\/_assets\/design-tokens\/fre\/static\/icons\/social\/pinterest.e8cf655.svg?primary=%2523ffffff\" loading=\"lazy\" data-testid=\"dynamic-svg-base\" height=\"auto\" width=\"auto\" alt=\"pinterest\" class=\"css-4lml0h e1mlxuuw1\"\/><\/a><\/p>\n<p>View Pictures\/\/Getty Images<\/p>\n<p data-journey-content=\"true\" data-node-id=\"24\" class=\"css-6wxqfj emevuu60\">Infine, Les Arcs la cui progettazione viene avviata sempre nel 1961, immaginando un comprensorio composto da tre nuclei distinti ciascuno posizionato a una quota altimetrica diversa. Stavolta <strong data-node-id=\"24.1\">il progetto architettonico \u00e8 affidato a <a href=\"https:\/\/www.elledecor.com\/it\/people\/a24854947\/charlotte-perriand-biografia\/\" target=\"_blank\" data-vars-ga-outbound-link=\"https:\/\/www.elledecor.com\/it\/people\/a24854947\/charlotte-perriand-biografia\/\" data-vars-ga-ux-element=\"Hyperlink\" data-vars-ga-call-to-action=\"Charlotte Perriand\" data-node-id=\"24.1.1\" class=\"body-link css-15fjk10 emevuu60\" rel=\"nofollow noopener\">Charlotte Perriand<\/a><\/strong> che disegna una serie di grandi edifici dallo sviluppo orizzontale disposti secondo l\u2019andamento delle curve di livello attraversati per\u00f2 ortogonalmente \u2013 e qui sta l\u2019aspetto pi\u00f9 innovativo \u2013 da Immeuble en cascade, edifici che seguono invece l\u2019inclinazione del pendio, dall\u2019alto verso il basso, attraversando gli altri blocchi. All\u2019interno di questi edifici costruiti lungo il pendio \u201c<strong data-node-id=\"24.5\">la circolazione collettiva interna \u00e8 affidata a gallerie pubbliche<\/strong> sovente inclinate mentre il prolungamento delle unit\u00e0 abitative verso il paesaggio avviene attraverso le grandi terrazze\u201d. Perriand &#8211; come d\u2019abitudine \u2013 progetta ogni singolo elemento degli edifici e naturalmente anche gli interni, con ovviamente abbondante uso di legno, cucine e mobili integrati nelle pareti e pannelli di resina colorati a decorazione degli spazi. <\/p>\n<p data-journey-content=\"true\" data-node-id=\"27\" class=\"css-6wxqfj emevuu60\">Il Plan Neige francese, di cui questi progetti rappresentano l\u2019eccellenza architettonica, mise in piedi <strong data-node-id=\"27.3\">in poco meno di un ventennio un vero ecosistema turistico sulle montagne della Savoia<\/strong>; una risposta ambiziosa e a tratti fantascientifica ai nuovi bisogni di un mondo che sembrava allora promettere un futuro radioso fatto di risorse inesauribili. Eppure, gi\u00e0 nel 1977 quelle previsioni sembravano andare in frantumi. Quell\u2019anno fu addirittura il presidente francese Val\u00e9ry Giscard d\u2019Estaing a lanciare un accorato monito in cui denunciava la <strong data-node-id=\"27.5\"><a href=\"https:\/\/www.elledecor.com\/it\/architettura\/a62033841\/architettura-alta-montagna-bivacchi-e-rifugi\/\" target=\"_blank\" data-vars-ga-outbound-link=\"https:\/\/www.elledecor.com\/it\/architettura\/a62033841\/architettura-alta-montagna-bivacchi-e-rifugi\/\" data-vars-ga-ux-element=\"Hyperlink\" data-vars-ga-call-to-action=\"fragilit\u00e0\" data-node-id=\"27.5.0\" class=\"body-link css-15fjk10 emevuu60\" rel=\"nofollow noopener\">fragilit\u00e0<\/a> dell\u2019ecosistema alpino<\/strong> che uno sviluppo turistico indiscriminato stava compromettendo. Il Plan Neige fu cos\u00ec ripensato e poi accantonato.<\/p>\n<p data-journey-content=\"true\" data-node-id=\"30\" class=\"css-6wxqfj emevuu60\">Oggi, quasi mezzo secolo pi\u00f9 tardi, le stations int\u00e9gr\u00e9es francesi continuano comunque ad attirare turisti; eppure, <strong data-node-id=\"30.3\">il loro futuro \u00e8 incerto<\/strong>. Pensate attorno allo sci, <strong data-node-id=\"30.5\">rischiano l\u2019abbandono con la progressiva scomparsa delle nevi<\/strong> malgrado questo, tra quattro anni, si preparano ad ospitare la prossima edizione delle Olimpiadi invernali.  <br data-node-id=\"30.7\"\/>Questi centri fatti di megastrutture sembrerebbero prossimi a divenire tetre profezie di un futuro divenuto oggi distopico: <strong data-node-id=\"30.9\">s<\/strong><strong data-node-id=\"30.10\">imbolo di un\u2019epoca eroica<\/strong> in cui tutto sembrava possibile, rimangono oggi una delle pi\u00f9 compiute realizzazioni di un modernismo integrale. In ogni caso una rarit\u00e0. <\/p>\n<p>SAGGI. STORIA E SCIENZE SOCIALI La costruzione delle Alpi. Immagini e scenari del pittoresco alpino (1773-1914)<\/p>\n<p><a target=\"_blank\" rel=\"nofollow noopener\" data-theme-key=\"product-image-wrapper\" href=\"https:\/\/www.amazon.it\/dp\/8855220306?tag=a-decor-21\" aria-label=\"26\u00a0\u20ac su Amazon per La costruzione delle Alpi. Immagini e scenari del pittoresco alpino (1773-1914)\" data-href=\"https:\/\/www.amazon.it\/dp\/8855220306\" data-product-url=\"https:\/\/www.amazon.it\/dp\/8855220306\" data-affiliate=\"true\" data-affiliate-url=\"https:\/\/www.amazon.it\/dp\/8855220306?tag=a-decor-21\" data-affiliate-network=\"{&quot;afflink_redirect&quot;:&quot;\/_p\/afflink\/10qMf\/amazon-la-costruzione-delle-alpi-immagini&quot;,&quot;site_id&quot;:&quot;0550d705-7712-4019-a8b2-0f35da30918c&quot;,&quot;network&quot;:{&quot;name&quot;:&quot;Amazon&quot;},&quot;metadata&quot;:{&quot;links&quot;:{&quot;default&quot;:&quot;https:\/\/www.amazon.it\/dp\/8855220306?tag=a-decor-21&quot;}}}\" data-vars-ga-call-to-action=\"26\u00a0\u20ac su Amazon\" data-vars-ga-media-role=\"\" data-vars-ga-media-type=\"Single Product Embed\" data-vars-ga-outbound-link=\"https:\/\/www.amazon.it\/dp\/8855220306\" data-vars-ga-product-brand=\"SAGGI. STORIA E SCIENZE SOCIALI\" data-vars-ga-product-id=\"77280913-1e3d-4748-b122-6805a6b2294b\" data-vars-ga-product-price=\"26,00\u00a0\u20ac\" data-vars-ga-product-retailer-id=\"18827f2c-3e26-4984-ba10-d8189167b36e\" data-vars-ga-product-sem3-brand=\"SAGGI. STORIA E SCIENZE SOCIALI\" data-vars-ga-link-treatment=\"sale | (not set)\" data-vars-ga-sku=\"8855220306\" data-vars-ga-magento-tracking=\"1\" class=\"product-image-link ebgq4gw2 e1b8bpvs0 css-g6od0w e1c1bym14\"><img  alt=\"La costruzione delle Alpi. Immagini e scenari del pittoresco alpino (1773-1914)\" title=\"La costruzione delle Alpi. Immagini e scenari del pittoresco alpino (1773-1914)\" src=\"https:\/\/www.europesays.com\/it\/wp-content\/uploads\/2025\/12\/1669824476-51ATTjRft2L._SL500_.jpg\" width=\"344\" height=\"500\" decoding=\"async\" loading=\"lazy\"\/><\/a>Related Stories<img src=\"https:\/\/www.europesays.com\/it\/wp-content\/uploads\/2025\/12\/54667b43-73db-4f3c-83d0-9203165498a5_1738837881.file\" alt=\"Headshot of Andrea Bentivegna\" title=\"Headshot of Andrea Bentivegna\" width=\"100%\" height=\"100%\" decoding=\"async\" loading=\"lazy\" class=\"css-o0wq4v ev8dhu53\"\/><\/p>\n<p>Andrea Bentivegna si laurea all\u2019universit\u00e0 La Sapienza di Roma con una tesi sull\u2019architettura di Bogot\u00e0 nel \u2018900 e ha quindi conseguito un dottorato di ricerca in storia dell\u2019architettura al Politecnico di Torino. \u00c8 membro del comitato scientifico del Centro Studi Giorgio Muratore e attualmente collabora anche con Il Foglio. Ha curato le mostre \u201cPortinerie Romane\u201d e \u201cMilano 2: La Profezia del Berlusconismo\u201d oltre ad aver fondato la pagina Il Contrafforte attraverso cui ha redatto un inedito atlante dell\u2019architettura di Roma negli ultimi 150 anni e per il quale ha ricevuto il premio \u201cPremio Bruno Zevi IN\/ARCHITETTURA\u201d della regione Lazio. \u00a0<\/p>\n","protected":false},"excerpt":{"rendered":"Le localit\u00e0 sciistiche sono in genere posti incantati fatti di baite in legno, costruzioni tradizionali e tetti spioventi&hellip;\n","protected":false},"author":3,"featured_media":276000,"comment_status":"","ping_status":"","sticky":false,"template":"","format":"standard","meta":{"footnotes":""},"categories":[1446],"tags":[32518,2670,1615,1613,1614,1611,1610,1612,203,204,93925,1537,90,89,22542,5917,2829,42644,162327],"class_list":{"0":"post-275999","1":"post","2":"type-post","3":"status-publish","4":"format-standard","5":"has-post-thumbnail","7":"category-arte-e-design","8":"tag-alta-quota","9":"tag-architettura","10":"tag-arte","11":"tag-arte-e-design","12":"tag-arteedesign","13":"tag-arts","14":"tag-arts-and-design","15":"tag-design","16":"tag-entertainment","17":"tag-intrattenimento","18":"tag-invernali","19":"tag-it","20":"tag-italia","21":"tag-italy","22":"tag-neve","23":"tag-olimpiadi","24":"tag-savoia","25":"tag-sci","26":"tag-stazione-sciistica"},"share_on_mastodon":{"url":"https:\/\/pubeurope.com\/@it\/115776319061801711","error":""},"_links":{"self":[{"href":"https:\/\/www.europesays.com\/it\/wp-json\/wp\/v2\/posts\/275999","targetHints":{"allow":["GET"]}}],"collection":[{"href":"https:\/\/www.europesays.com\/it\/wp-json\/wp\/v2\/posts"}],"about":[{"href":"https:\/\/www.europesays.com\/it\/wp-json\/wp\/v2\/types\/post"}],"author":[{"embeddable":true,"href":"https:\/\/www.europesays.com\/it\/wp-json\/wp\/v2\/users\/3"}],"replies":[{"embeddable":true,"href":"https:\/\/www.europesays.com\/it\/wp-json\/wp\/v2\/comments?post=275999"}],"version-history":[{"count":0,"href":"https:\/\/www.europesays.com\/it\/wp-json\/wp\/v2\/posts\/275999\/revisions"}],"wp:featuredmedia":[{"embeddable":true,"href":"https:\/\/www.europesays.com\/it\/wp-json\/wp\/v2\/media\/276000"}],"wp:attachment":[{"href":"https:\/\/www.europesays.com\/it\/wp-json\/wp\/v2\/media?parent=275999"}],"wp:term":[{"taxonomy":"category","embeddable":true,"href":"https:\/\/www.europesays.com\/it\/wp-json\/wp\/v2\/categories?post=275999"},{"taxonomy":"post_tag","embeddable":true,"href":"https:\/\/www.europesays.com\/it\/wp-json\/wp\/v2\/tags?post=275999"}],"curies":[{"name":"wp","href":"https:\/\/api.w.org\/{rel}","templated":true}]}}