{"id":27605,"date":"2025-08-04T11:12:10","date_gmt":"2025-08-04T11:12:10","guid":{"rendered":"https:\/\/www.europesays.com\/it\/27605\/"},"modified":"2025-08-04T11:12:10","modified_gmt":"2025-08-04T11:12:10","slug":"in-arrivo-un-anticiclone-africano-da-giovedi-caldo-intenso-notizie","status":"publish","type":"post","link":"https:\/\/www.europesays.com\/it\/27605\/","title":{"rendered":"In arrivo un anticiclone africano, da gioved\u00ec caldo intenso &#8211; Notizie"},"content":{"rendered":"<p>\u00a0 \u00a0Ultimi giorni di temperature gradevoli sul nostro Paese. Da gioved\u00ec \u00e8 in arrivo, infatti, una nuova ondata di calore che potrebbe tenerci compagnia almeno fino a met\u00e0 agosto. E&#8217; quanto afferma Federico Brescia, meteorologo de iLMeteo.it, annunciando l&#8217;ingresso di un&#8217;aggressiva rimonta anticiclonica africana che porter\u00e0 un&#8217;impennata delle temperature.<\/p>\n<p>\u00a0\u00a0\u00a0 A partire da oggi l&#8217;anticiclone delle Azzorre si espander\u00e0 sull&#8217;Italia, portando stabilit\u00e0 e bel tempo ovunque, ad eccezione del Sud, dove si registreranno locali rovesci, specie tra Puglia e Basilicata. Le giornate saranno soleggiate e le temperature gradevoli, con massime che non supereranno i 30-32\u00b0C&#8221;.<\/p>\n<p>\u00a0<\/p>\n<p>\u00a0 \u00a0&#8220;Da gioved\u00ec &#8211; sottolinea &#8211; l&#8217;aria calda proveniente dal Nord Africa si riverser\u00e0 sull&#8217;Italia, provocando un&#8217;impennata notevole delle temperature. Verso il fine settimana, si prevede che in molte zone si supereranno i 35\u00b0C, inclusi i settori pianeggianti del Nord. L&#8217;ondata di calore si far\u00e0 sentire con picchi che potrebbero toccare i 37-38\u00b0C in diverse localit\u00e0 e punte di 40\u00b0C al Sud&#8221;. <\/p>\n<p>\u00a0\u00a0\u00a0 L&#8217;influenza di questo anticiclone africano dovrebbe persistere almeno fino a met\u00e0 agosto, assicurando stabilit\u00e0 e bel tempo in gran parte del Paese. Le temperature si manterranno costantemente al di sopra delle medie stagionali. <\/p>\n<p>\u00a0\u00a0\u00a0 Nel dettaglio: <\/p>\n<p>\u00a0 \u00a0&#8211; <strong>Luned\u00ec 4<\/strong>. Al Nord: sole e temperature massime in aumento. Al Centro: residui rovesci in Abruzzo, sole altrove. Al Sud: variabile con locali rovesci specie su Puglia e Basilicata. <\/p>\n<p>\u00a0 \u00a0 &#8211;<strong> Marted\u00ec 5. <\/strong>Al Nord: sole e temperature in aumento. Al Centro: sereno e temperature in aumento. Al Sud: migliora con ampi spazi soleggiati, temperature in aumento.<\/p>\n<p>\u00a0 \u00a0&#8211; <strong>Mercoled\u00ec 6.<\/strong> Al Nord: sole e caldo. Al Centro: sereno con caldo in deciso aumento. Al Sud: sereno o poco nuvoloso e caldo. <\/p>\n<p>\u00a0\u00a0\u00a0 <strong>Tendenza<\/strong>: anticiclone in rinforzo con sole ovunque e caldo africano sempre pi\u00f9 intenso. \u00a0 \u00a0<\/p>\n<p class=\"article-copyright\">\n<p>Riproduzione riservata \u00a9 Copyright ANSA<\/p>\n","protected":false},"excerpt":{"rendered":"\u00a0 \u00a0Ultimi giorni di temperature gradevoli sul nostro Paese. Da gioved\u00ec \u00e8 in arrivo, infatti, una nuova ondata&hellip;\n","protected":false},"author":3,"featured_media":27606,"comment_status":"","ping_status":"","sticky":false,"template":"","format":"standard","meta":{"footnotes":""},"categories":[6],"tags":[2699,11409,27949,14,8,1537,90,89,7,15,82,9,83,10,27948,105,7497,13,11,80,84,12,81,85],"class_list":{"0":"post-27605","1":"post","2":"type-post","3":"status-publish","4":"format-standard","5":"has-post-thumbnail","7":"category-ultime-notizie","8":"tag-agosto","9":"tag-anticiclone","10":"tag-bel-tempo","11":"tag-cronaca","12":"tag-headlines","13":"tag-it","14":"tag-italia","15":"tag-italy","16":"tag-news","17":"tag-notizie","18":"tag-notizie-di-cronaca","19":"tag-notizie-principali","20":"tag-notiziedicronaca","21":"tag-notizieprincipali","22":"tag-ondata-di-calore","23":"tag-sud","24":"tag-temperatura","25":"tag-titoli","26":"tag-ultime-notizie","27":"tag-ultime-notizie-di-cronaca","28":"tag-ultime-notizie-e-news-di-oggi","29":"tag-ultimenotizie","30":"tag-ultimenotiziedicronaca","31":"tag-ultimenotizieenewsdioggi"},"share_on_mastodon":{"url":"","error":""},"_links":{"self":[{"href":"https:\/\/www.europesays.com\/it\/wp-json\/wp\/v2\/posts\/27605","targetHints":{"allow":["GET"]}}],"collection":[{"href":"https:\/\/www.europesays.com\/it\/wp-json\/wp\/v2\/posts"}],"about":[{"href":"https:\/\/www.europesays.com\/it\/wp-json\/wp\/v2\/types\/post"}],"author":[{"embeddable":true,"href":"https:\/\/www.europesays.com\/it\/wp-json\/wp\/v2\/users\/3"}],"replies":[{"embeddable":true,"href":"https:\/\/www.europesays.com\/it\/wp-json\/wp\/v2\/comments?post=27605"}],"version-history":[{"count":0,"href":"https:\/\/www.europesays.com\/it\/wp-json\/wp\/v2\/posts\/27605\/revisions"}],"wp:featuredmedia":[{"embeddable":true,"href":"https:\/\/www.europesays.com\/it\/wp-json\/wp\/v2\/media\/27606"}],"wp:attachment":[{"href":"https:\/\/www.europesays.com\/it\/wp-json\/wp\/v2\/media?parent=27605"}],"wp:term":[{"taxonomy":"category","embeddable":true,"href":"https:\/\/www.europesays.com\/it\/wp-json\/wp\/v2\/categories?post=27605"},{"taxonomy":"post_tag","embeddable":true,"href":"https:\/\/www.europesays.com\/it\/wp-json\/wp\/v2\/tags?post=27605"}],"curies":[{"name":"wp","href":"https:\/\/api.w.org\/{rel}","templated":true}]}}