{"id":276117,"date":"2025-12-24T22:09:11","date_gmt":"2025-12-24T22:09:11","guid":{"rendered":"https:\/\/www.europesays.com\/it\/276117\/"},"modified":"2025-12-24T22:09:11","modified_gmt":"2025-12-24T22:09:11","slug":"chi-sale-e-chi-chi-sblocca-dopo-il-weekend-sei-nomi-e-la-gestione-al-fanta-da-kean-a-openda","status":"publish","type":"post","link":"https:\/\/www.europesays.com\/it\/276117\/","title":{"rendered":"Chi sale e chi chi sblocca dopo il weekend: sei nomi e la gestione al fanta, da Kean a Openda"},"content":{"rendered":"<p>Bentornato Moise <strong>Kean<\/strong>. Doppietta per il centravanti della Fiorentina contro l&#8217;Udinese, due gol importantissimi soprattutto per il morale del giocatore, che ha raggiunto quota 4 (e 1 assist) in 15 partite a voto. Aveva bisogno della scintilla, di queste due reti, di sbloccarsi nuovamente dopo un momento davvero difficilissimo per lui e per tutta la squadra viola. La Fiorentina rimane ultima in classifica ma \u00e8 finalmente arrivata la prima vittoria in campionato, a fine dicembre ormai. Alla prossima c&#8217;\u00e8 Parma-Fiorentina, poi Fiorentina-Cremonese: pu\u00f2 essere un periodo positivo per Kean e per la Fiorentina. Al fantacalcio non fate l&#8217;errore di tenerlo fuori, non era da fare prima e non \u00e8 da fare nemmeno ora: Kean si mette e basta. E le prossime due partite sono &#8216;invitanti&#8217;.<\/p>\n<p class=\"is-copyright\">\u00a9 RIPRODUZIONE RISERVATA<\/p>\n","protected":false},"excerpt":{"rendered":"Bentornato Moise Kean. Doppietta per il centravanti della Fiorentina contro l&#8217;Udinese, due gol importantissimi soprattutto per il morale&hellip;\n","protected":false},"author":3,"featured_media":276118,"comment_status":"","ping_status":"","sticky":false,"template":"","format":"standard","meta":{"footnotes":"","_share_on_mastodon":"0"},"categories":[1452],"tags":[6315,3077,8235,29736,151096,569,37,162379,587,6300,721,1856,921,12837,8751,1932,4415,6297,57223,6196,162380,719,151094,162381,720,30422,2263,1740,1976,1537,90,89,11505,793,29738,133,4283,151092,3124,1916,8159,902,133445,64043,1739,245,244,1857,577,2817,2424],"class_list":["post-276117","post","type-post","status-publish","format-standard","has-post-thumbnail","category-calcio","tag-arrivata","tag-arrivato","tag-assist","tag-assist-partite","tag-assist-partite-voto","tag-atalanta","tag-bisogno","tag-bisogno-scintilla","tag-bonus","tag-cagliari","tag-calcio","tag-campionato","tag-campo","tag-centravanti","tag-chiaramente","tag-classifica","tag-continuita","tag-cremonese","tag-deludente","tag-errore","tag-errore-tenerlo","tag-fanta","tag-fanta-media","tag-fanta-media-rimane","tag-fantacalcio","tag-fate","tag-fiorentina","tag-football","tag-gol","tag-it","tag-italia","tag-italy","tag-kean","tag-media","tag-openda","tag-ormai","tag-partite","tag-partite-voto","tag-pisa","tag-portato","tag-prossima","tag-rimane","tag-sbloccato","tag-scintilla","tag-soccer","tag-sport","tag-sports","tag-squadra","tag-stagione","tag-udinese","tag-voto"],"share_on_mastodon":{"url":"","error":"Validation failed: Text character limit of 500 exceeded"},"_links":{"self":[{"href":"https:\/\/www.europesays.com\/it\/wp-json\/wp\/v2\/posts\/276117","targetHints":{"allow":["GET"]}}],"collection":[{"href":"https:\/\/www.europesays.com\/it\/wp-json\/wp\/v2\/posts"}],"about":[{"href":"https:\/\/www.europesays.com\/it\/wp-json\/wp\/v2\/types\/post"}],"author":[{"embeddable":true,"href":"https:\/\/www.europesays.com\/it\/wp-json\/wp\/v2\/users\/3"}],"replies":[{"embeddable":true,"href":"https:\/\/www.europesays.com\/it\/wp-json\/wp\/v2\/comments?post=276117"}],"version-history":[{"count":0,"href":"https:\/\/www.europesays.com\/it\/wp-json\/wp\/v2\/posts\/276117\/revisions"}],"wp:featuredmedia":[{"embeddable":true,"href":"https:\/\/www.europesays.com\/it\/wp-json\/wp\/v2\/media\/276118"}],"wp:attachment":[{"href":"https:\/\/www.europesays.com\/it\/wp-json\/wp\/v2\/media?parent=276117"}],"wp:term":[{"taxonomy":"category","embeddable":true,"href":"https:\/\/www.europesays.com\/it\/wp-json\/wp\/v2\/categories?post=276117"},{"taxonomy":"post_tag","embeddable":true,"href":"https:\/\/www.europesays.com\/it\/wp-json\/wp\/v2\/tags?post=276117"}],"curies":[{"name":"wp","href":"https:\/\/api.w.org\/{rel}","templated":true}]}}