{"id":276321,"date":"2025-12-25T02:13:15","date_gmt":"2025-12-25T02:13:15","guid":{"rendered":"https:\/\/www.europesays.com\/it\/276321\/"},"modified":"2025-12-25T02:13:15","modified_gmt":"2025-12-25T02:13:15","slug":"belen-rodriguez-ospite-a-sanremo-2026-con-samurai-jay","status":"publish","type":"post","link":"https:\/\/www.europesays.com\/it\/276321\/","title":{"rendered":"Bel\u00e9n Rodriguez ospite a Sanremo 2026 con Samurai Jay?"},"content":{"rendered":"<p data-journey-content=\"true\" data-node-id=\"1\" class=\"css-6wxqfj emevuu60\">Nonostante all&#8217;inizio del <a href=\"https:\/\/www.cosmopolitan.com\/it\/star\/televisione\/a69846041\/sanremo-2026-co-conduttrici-ballando-con-le-stelle\/\" target=\"_blank\" data-vars-ga-outbound-link=\"https:\/\/www.cosmopolitan.com\/it\/star\/televisione\/a69846041\/sanremo-2026-co-conduttrici-ballando-con-le-stelle\/\" data-vars-ga-ux-element=\"Hyperlink\" data-vars-ga-call-to-action=\"Festival di Sanremo 2026\" data-node-id=\"1.1.0\" class=\"body-link css-103hk4r emevuu60\" rel=\"nofollow noopener\">Festival di Sanremo 2026<\/a> manchino ancora un paio di mesi, gi\u00e0 si sta facendo un gran parlare delle possibili guest star che affiancheranno i Big in gara durante le serate (in quella dei duetti, ma non solo) in programma dal 24 al 28 febbraio prossimi. Si dice, a proposito, che tra i presenti ci sar\u00e0 anche <a href=\"https:\/\/www.cosmopolitan.com\/it\/star\/gossip-news\/a69053575\/belen-rodriguez-oggi-vita-privata-lavoro-radio\/\" target=\"_blank\" data-vars-ga-outbound-link=\"https:\/\/www.cosmopolitan.com\/it\/star\/gossip-news\/a69053575\/belen-rodriguez-oggi-vita-privata-lavoro-radio\/\" data-vars-ga-ux-element=\"Hyperlink\" data-vars-ga-call-to-action=\"Bel\u00e9n Rodriguez\" data-node-id=\"1.5\" class=\"body-link css-103hk4r emevuu60\" rel=\"nofollow noopener\">Bel\u00e9n Rodriguez<\/a>, invitata a tornare sul palco dell&#8217;Ariston in una veste inedita.<\/p>\n<p>Bel\u00e9n Rodriguez sar\u00e0 ospite speciale del Festival di Sanremo 2026?<\/p>\n<p data-journey-content=\"true\" data-node-id=\"8\" class=\"css-6wxqfj emevuu60\">L&#8217;indiscrezione &#8211; chiaramente tutta da confermare &#8211; \u00e8 stata lanciata in anteprima dal giornalista <strong data-node-id=\"8.1\">Luca Dondoni <\/strong>in occasione di una delle pi\u00f9 recenti puntate del podcast <strong data-node-id=\"8.3.0\">Pezzi<\/strong>, in collaborazione con i colleghi <strong data-node-id=\"8.5\">Andrea Laffranchi<\/strong> e <strong data-node-id=\"8.7\">Paolo Giordano<\/strong>.<\/p>\n<p data-journey-content=\"true\" data-node-id=\"10\" class=\"css-6wxqfj emevuu60\"><a href=\"https:\/\/www.whatsapp.com\/channel\/0029VbBlLnBFSAsylQMSWv2M\" target=\"_blank\" data-vars-ga-outbound-link=\"https:\/\/www.whatsapp.com\/channel\/0029VbBlLnBFSAsylQMSWv2M\" data-vars-ga-call-to-action=\"Iscriviti al canale Whatsapp di Cosmopolitan Italia\" rel=\"nofollow noopener\" data-vars-ga-ux-element=\"Hyperlink\" data-node-id=\"10.0\" class=\"body-btn-link css-18z7m7k emevuu60\">Iscriviti al canale Whatsapp di Cosmopolitan Italia<\/a><\/p>\n<p data-journey-content=\"true\" data-node-id=\"14\" class=\"css-6wxqfj emevuu60\"><strong data-node-id=\"14.0\">Dondoni<\/strong> ha fatto riferimento alla presenza fissa della showgirl e conduttrice argentina come ospite speciale del rapper <strong data-node-id=\"14.2\">Samurai Jay,<\/strong> che alla prossima edizione del <strong data-node-id=\"14.4.0\">Festival<\/strong> far\u00e0 il suo debutto con il brano &#8220;<strong data-node-id=\"14.6.0\">Ossessione<\/strong>&#8220;. La canzone (\u00abche parla della sana ossessione, di quel bel motore che ci muove\u00bb, ha svelato l&#8217;artista) sarebbe a quanto sembra un singolo con un numero elevato di BPM, e dunque molto scatenato. Il giornalista, a proposito, ha svelato un dettaglio molto interessante riguardo alla sua performance in programma durante la kermesse: \u00abLa sera dei duetti <strong data-node-id=\"14.8\">Samurai Jay <\/strong>sar\u00e0 con due ospiti. C&#8217;\u00e8 per\u00f2 un ospite che vedremo un po&#8217; tutte le sere, perch\u00e9 fa proprio parte della canzone. <strong data-node-id=\"14.10\">Samurai Jay<\/strong> ha una canzone abbastanza ritmata, e a un certo punto, una sera magari seduta da una parte destra del palco, una sera in mezzo all&#8217;orchestra, una sera forse in galleria, ci sar\u00e0 seduta una bellissima donna che lo inviter\u00e0 a cantare un pochino pi\u00f9 lento. Si sentir\u00e0 la voce di <strong data-node-id=\"14.12\">Bel\u00e9n Rodriguez<\/strong>, che sar\u00e0 presente per dire &#8216;hey chico, vai un po&#8217; pi\u00f9 lento&#8217;. Dice solamente queste parole, scandisce il ritmo\u00bb.<\/p>\n<p data-journey-content=\"true\" data-node-id=\"17\" class=\"css-6wxqfj emevuu60\"><strong data-node-id=\"17.0\">Dondoni<\/strong> ha per\u00f2 voluto lanciare una seconda esclusiva, altrettanto interessante: pare infatti che il rapper abbia deciso di invitare per la serata dei duetti (in onda il 27 febbraio) anche un gigante della musica italiana come <strong data-node-id=\"17.2\">Zucchero &#8220;Sugar&#8221; Fornaciari<\/strong>.<\/p>\n<p>La terza volta di Bel\u00e9n Rodriguez a Sanremo<img draggable=\"true\" alt=\"bel\u00e9n rodriguez a sanremo 2012\" title=\"Bel\u00e9n Rodriguez a Sanremo 2012\" loading=\"lazy\" width=\"3000\" height=\"1996\" decoding=\"async\" data-nimg=\"1\" style=\"color:transparent;width:100%;height:auto;\"   src=\"https:\/\/www.europesays.com\/it\/wp-content\/uploads\/2025\/12\/belen-rodriguez-attends-the-second-day-of-the-62th-sanremo-news-photo-1766567786.pjpeg\" class=\"css-0 e1g79fud0\"\/><a target=\"_blank\" rel=\"noopener nofollow\" data-theme-key=\"base-link\" href=\"https:\/\/pinterest.com\/pin\/create\/button\/?url=https:\/\/www.cosmopolitan.com\/it\/star\/televisione\/a69856440\/belen-rodriguez-ospite-sanremo-2026-samurai-jay\/&amp;description=- CosmopolitanIT&amp;media=https:\/\/hips.hearstapps.com\/hmg-prod\/images\/belen-rodriguez-attends-the-second-day-of-the-62th-sanremo-news-photo-1766567786.pjpeg?resize=1600:*\" class=\"pinterest css-on9hn5 e1c1bym14\"><img decoding=\"async\" data-dynamic-svg=\"true\" src=\"https:\/\/www.cosmopolitan.com\/_assets\/design-tokens\/fre\/static\/icons\/social\/pinterest.e8cf655.svg?primary=%2523ffffff\" loading=\"lazy\" data-testid=\"dynamic-svg-base\" height=\"auto\" width=\"auto\" alt=\"pinterest\" class=\"css-4lml0h e1mlxuuw1\"\/><\/a>Daniele Venturelli\/\/Getty Images<\/p>\n<p>Bel\u00e9n Rodriguez che scende la scalinata dell\u2019Ariston a Sanremo 2012<\/p>\n<p data-journey-content=\"true\" data-node-id=\"21\" class=\"css-6wxqfj emevuu60\">Se la notizia dovesse essere confermata, si tratterebbe di un ritorno in grande stile per il volto tv all&#8217;Ariston, dopo l&#8217;edizione 2011 e 2012 quando era scesa dall&#8217;iconica scalinata ligure come co-conduttrice al fianco di <a href=\"https:\/\/www.cosmopolitan.com\/it\/lifestyle\/musica\/a69584160\/chi-e-tredici-pietro-festival-di-sanremo-2026\/\" target=\"_blank\" data-vars-ga-outbound-link=\"https:\/\/www.cosmopolitan.com\/it\/lifestyle\/musica\/a69584160\/chi-e-tredici-pietro-festival-di-sanremo-2026\/\" data-vars-ga-ux-element=\"Hyperlink\" data-vars-ga-call-to-action=\"Gianni Morandi\" data-node-id=\"21.1\" class=\"body-link css-103hk4r emevuu60\" rel=\"nofollow noopener\">Gianni Morandi<\/a>.<\/p>\n<p data-journey-content=\"true\" data-node-id=\"23\" class=\"css-6wxqfj emevuu60\">La scelta di un ospite speciale fisso, in ogni caso, non \u00e8 del tutto inedita: gi\u00e0 a <strong data-node-id=\"23.1.0\">Sanremo<\/strong> <strong data-node-id=\"23.3.0\">2025<\/strong>, giusto per fare un esempio, <a href=\"https:\/\/www.cosmopolitan.com\/it\/star\/a35724019\/willie-peyote-sanremo-2021\/\" target=\"_blank\" data-vars-ga-outbound-link=\"https:\/\/www.cosmopolitan.com\/it\/star\/a35724019\/willie-peyote-sanremo-2021\/\" data-vars-ga-ux-element=\"Hyperlink\" data-vars-ga-call-to-action=\"Willie Peyote \" data-node-id=\"23.5\" class=\"body-link css-103hk4r emevuu60\" rel=\"nofollow noopener\">Willie Peyote <\/a>aveva voluto con s\u00e9 tra i coristi il comico <strong data-node-id=\"23.7\">Luca Ravenna<\/strong>. <\/p>\n<p>Le ultime sul Festival di Sanremo: chi ci sar\u00e0 sul palco?<\/p>\n","protected":false},"excerpt":{"rendered":"Nonostante all&#8217;inizio del Festival di Sanremo 2026 manchino ancora un paio di mesi, gi\u00e0 si sta facendo un&hellip;\n","protected":false},"author":3,"featured_media":276322,"comment_status":"","ping_status":"","sticky":false,"template":"","format":"standard","meta":{"footnotes":""},"categories":[1451],"tags":[17945,1764,162470,162471,1621,1620,203,204,1537,90,89],"class_list":{"0":"post-276321","1":"post","2":"type-post","3":"status-publish","4":"format-standard","5":"has-post-thumbnail","7":"category-celebrita","8":"tag-belen","9":"tag-belen-rodriguez","10":"tag-belen-rodriguez-sanremo-2026","11":"tag-belen-samurai-jay-sanremo-2026","12":"tag-celebrita","13":"tag-celebrities","14":"tag-entertainment","15":"tag-intrattenimento","16":"tag-it","17":"tag-italia","18":"tag-italy"},"share_on_mastodon":{"url":"https:\/\/pubeurope.com\/@it\/115777792696594068","error":""},"_links":{"self":[{"href":"https:\/\/www.europesays.com\/it\/wp-json\/wp\/v2\/posts\/276321","targetHints":{"allow":["GET"]}}],"collection":[{"href":"https:\/\/www.europesays.com\/it\/wp-json\/wp\/v2\/posts"}],"about":[{"href":"https:\/\/www.europesays.com\/it\/wp-json\/wp\/v2\/types\/post"}],"author":[{"embeddable":true,"href":"https:\/\/www.europesays.com\/it\/wp-json\/wp\/v2\/users\/3"}],"replies":[{"embeddable":true,"href":"https:\/\/www.europesays.com\/it\/wp-json\/wp\/v2\/comments?post=276321"}],"version-history":[{"count":0,"href":"https:\/\/www.europesays.com\/it\/wp-json\/wp\/v2\/posts\/276321\/revisions"}],"wp:featuredmedia":[{"embeddable":true,"href":"https:\/\/www.europesays.com\/it\/wp-json\/wp\/v2\/media\/276322"}],"wp:attachment":[{"href":"https:\/\/www.europesays.com\/it\/wp-json\/wp\/v2\/media?parent=276321"}],"wp:term":[{"taxonomy":"category","embeddable":true,"href":"https:\/\/www.europesays.com\/it\/wp-json\/wp\/v2\/categories?post=276321"},{"taxonomy":"post_tag","embeddable":true,"href":"https:\/\/www.europesays.com\/it\/wp-json\/wp\/v2\/tags?post=276321"}],"curies":[{"name":"wp","href":"https:\/\/api.w.org\/{rel}","templated":true}]}}