{"id":276348,"date":"2025-12-25T02:39:13","date_gmt":"2025-12-25T02:39:13","guid":{"rendered":"https:\/\/www.europesays.com\/it\/276348\/"},"modified":"2025-12-25T02:39:13","modified_gmt":"2025-12-25T02:39:13","slug":"mercato-musmarra-inter-ha-fatto-chiacchierata-per-chiesa-e-mi-arriva","status":"publish","type":"post","link":"https:\/\/www.europesays.com\/it\/276348\/","title":{"rendered":"Mercato, Musmarra: &#8220;Inter ha fatto chiacchierata per Chiesa! E mi arriva&#8230;&#8221;"},"content":{"rendered":"<p>Alfio Musmarra, giornalista, nel corso di un video sul suo canale YouTube, ha riportato in auge il nome di Federico Chiesa per l&#8217;Inter<\/p>\n<p><strong>Alfio Musmarra<\/strong>, giornalista, nel corso di un video sul suo canale YouTube, ha riportato in auge il nome di <strong>Federico Chiesa<\/strong> per <a href=\"https:\/\/www.fcinter1908.it\/calciomercato\/mercato-inter\/biasin-sensazione-forse-gia-bloccato-giugno\/\" rel=\"nofollow noopener\" target=\"_blank\">l&#8217;Inter<\/a> a gennaio:<\/p>\n<p>&#8220;L&#8217;idea dell&#8217;Inter a gennaio \u00e8 quella dell&#8217;opportunit\u00e0: l&#8217;idea non \u00e8 prendere per prendere.<\/p>\n<p>E il nome di <strong>Federico Chiesa<\/strong> non \u00e8 un nome campato per aria: vuole tornare in Italia e in Premier \u00e8 fuori dagli schemi e dall&#8217;ambiente. E a determinate condizioni potrebbe essere un&#8217;opportunit\u00e0 per tamponare il problema a destra. Potrebbe arrivare solo in prestito con diritto di riscatto e <strong>penso che qualche chiacchierata sia gi\u00e0 stata fatta.<\/strong><\/p>\n<p><strong>Andr\u00e0 poi fatto incastrare tutto, ma mi \u00e8 arrivato che l&#8217;Inter ha gi\u00e0 fatto una manifestazione d&#8217;interesse<\/strong>. Stiamo attenti su di lui, pu\u00f2 essere una pista su cui ci possono essere accelerate: non \u00e8 una cosa campata per aria&#8221;.<\/p>\n<p class=\"is-copyright\">\u00a9 RIPRODUZIONE RISERVATA<\/p>\n","protected":false},"excerpt":{"rendered":"Alfio Musmarra, giornalista, nel corso di un video sul suo canale YouTube, ha riportato in auge il nome&hellip;\n","protected":false},"author":3,"featured_media":276349,"comment_status":"","ping_status":"","sticky":false,"template":"","format":"standard","meta":{"footnotes":"","_share_on_mastodon":"0"},"categories":[1452],"tags":[61394,61395,721,819,7217,20232,1740,350,1537,90,89,61393,1693,162472,162473,1739,245,244],"class_list":["post-276348","post","type-post","status-publish","format-standard","has-post-thumbnail","category-calcio","tag-alfio","tag-alfio-musmarra","tag-calcio","tag-chiesa","tag-federico","tag-federico-chiesa","tag-football","tag-inter","tag-it","tag-italia","tag-italy","tag-musmarra","tag-nome","tag-nome-federico","tag-nome-federico-chiesa","tag-soccer","tag-sport","tag-sports"],"share_on_mastodon":{"url":"https:\/\/pubeurope.com\/@it\/115777894132261381","error":""},"_links":{"self":[{"href":"https:\/\/www.europesays.com\/it\/wp-json\/wp\/v2\/posts\/276348","targetHints":{"allow":["GET"]}}],"collection":[{"href":"https:\/\/www.europesays.com\/it\/wp-json\/wp\/v2\/posts"}],"about":[{"href":"https:\/\/www.europesays.com\/it\/wp-json\/wp\/v2\/types\/post"}],"author":[{"embeddable":true,"href":"https:\/\/www.europesays.com\/it\/wp-json\/wp\/v2\/users\/3"}],"replies":[{"embeddable":true,"href":"https:\/\/www.europesays.com\/it\/wp-json\/wp\/v2\/comments?post=276348"}],"version-history":[{"count":0,"href":"https:\/\/www.europesays.com\/it\/wp-json\/wp\/v2\/posts\/276348\/revisions"}],"wp:featuredmedia":[{"embeddable":true,"href":"https:\/\/www.europesays.com\/it\/wp-json\/wp\/v2\/media\/276349"}],"wp:attachment":[{"href":"https:\/\/www.europesays.com\/it\/wp-json\/wp\/v2\/media?parent=276348"}],"wp:term":[{"taxonomy":"category","embeddable":true,"href":"https:\/\/www.europesays.com\/it\/wp-json\/wp\/v2\/categories?post=276348"},{"taxonomy":"post_tag","embeddable":true,"href":"https:\/\/www.europesays.com\/it\/wp-json\/wp\/v2\/tags?post=276348"}],"curies":[{"name":"wp","href":"https:\/\/api.w.org\/{rel}","templated":true}]}}