{"id":276425,"date":"2025-12-25T04:05:19","date_gmt":"2025-12-25T04:05:19","guid":{"rendered":"https:\/\/www.europesays.com\/it\/276425\/"},"modified":"2025-12-25T04:05:19","modified_gmt":"2025-12-25T04:05:19","slug":"il-31-dicembre-a-ca-del-poggio-si-pedala-con-innoro-per-fare-del-bene","status":"publish","type":"post","link":"https:\/\/www.europesays.com\/it\/276425\/","title":{"rendered":"IL 31 DICEMBRE A CA&#8217; DEL POGGIO SI PEDALA CON INN&#8217;ORO PER FARE DEL BENE"},"content":{"rendered":"<p>            <a class=\"category\" href=\"https:\/\/www.tuttobiciweb.it\/articles\/category\/APPUNTAMENTI\" itemprop=\"about\" rel=\"nofollow noopener\" target=\"_blank\">APPUNTAMENTI<\/a> | 24\/12\/2025 | 08:12<br \/>\n            <a class=\"author\" href=\"https:\/\/www.tuttobiciweb.it\/articles\/author\/Giulia%20De%20Maio\" rel=\"nofollow noopener\" target=\"_blank\">di Giulia De Maio<\/a><\/p>\n<p style=\"text-align: justify;\">Ormai \u00e8 diventato un classico dell&#8217;ultimo dell&#8217;anno. Per la 10a volta a Ca&#8217; del Poggio Innocente \u201cInno\u201d Ciciliot organizza il <strong>Giro in bici dell&#8217;ultimo dell&#8217;anno<\/strong> radunando tanti amici per fare del bene. 60 km sulle Colline del Prosecco Conegliano-Valdobbiadene, patrimonio mondiale dell&#8217;umanit\u00e0 UNESCO, con partenza alle ore 10.00 dal negozio di bici <strong>Eurovelo<\/strong> a Vittorio Veneto di Silvia Salezze e arrivo all&#8217;Hotel-Ristorante <strong>Ca&#8217; del Poggio<\/strong>\u00a0di Alberto Stocco a San Pietro di Feletto, nel Trevigiano, sede di tanti arrivi prestigiosi con il suo noto muro.\n            <\/p>\n<p style=\"text-align: justify;\">Hanno confermato la presenza corridori professionisti del calibro di <strong>Andrea Pietrobon, Alessandro Pinarello e Andrea Vendrame<\/strong>, l&#8217;immancabile Luciano Gasparotto, l&#8217;UC Trevigiani del Presidente Ettore Renato Barzi che fornir\u00e0 l&#8217;ammiraglia per il supporto tecnico e la SC Fontanafredda che garantir\u00e0 la scorta tecnica coordinata da Lucio Caldo, e imprenditori che hanno il ciclismo nel cuore, come Philippe Zecchetto CEO di DMT. La quota di partecipazione \u00e8 di 40 euro e include oltre a un ristoro sia in partenza che in arrivo, il biglietto per la lotteria che mette in palio 3 paia di scarpe DMT modello POGI&#8217;s e un bracciale in argento Scatenato offerto da Inn&#8217;Oro.\n            <\/p>\n<p style=\"text-align: justify;\">Tutto il ricavato della giornata andr\u00e0 a sostegno dell&#8217;attivit\u00e0 della <strong>Fondazione La Porta ETS<\/strong>, ente benefico operante nel mondo dei servizi sociali a favore dei minori che vivono una situazione di temporaneo disagio familiare. Nasce come Associazione di volontari, educatori e genitori nel 1985 nel territorio della Sinistra Piave per il sostegno educativo di minori accolti in strutture residenziali, la cui finalit\u00e0 principale \u00e8 quella di garantire un\u2019adeguata educazione, istruzione e mantenimento ai minori ospiti temporaneamente privi di un ambiente familiare idoneo alla loro crescita psicofisica globale. Ad oggi nelle due strutture esistenti ha assistito, educato e aiutato a crescere oltre 250 bambine e bambini, ragazze e ragazzi per lo pi\u00f9 provenienti dall\u2019area veneto-friulana.<\/p>\n<p style=\"text-align: justify;\">Un&#8217;occasione da non perdere per tutti i ciclisti della zona e non solo per <strong>chiudere l&#8217;anno in sella, uniti per una buona causa<\/strong>. Ricordandoci quanto siamo fortunati e aiutando chi lo \u00e8 meno, i professionisti vi aspettano numerosi e generosi. Per chi non potr\u00e0 partecipare alla manifestazione ma vuole comunque far pervenire il proprio contributo, \u00e8 possibile effettuare una donazione a favore della Fondazione La Porta ETS via bonifico c\/o: UniCredit Banca \u2013 Filiale di Vittorio Veneto IBAN: IT 95 D 02008 62196 000102950035 Causale: Donazione liberale (donazione deducibile fiscalmente, fornendo nome cognome e codice fiscale).<\/p>\n<p>\n    <a href=\"https:\/\/www.tuttobiciweb.it\/article\/2025\/12\/24\/1766516479\/cycling-december-31st-ca-del-poggio?lang=en\" rel=\"nofollow noopener\" target=\"_blank\"><img decoding=\"async\" src=\"https:\/\/www.europesays.com\/it\/wp-content\/uploads\/2025\/12\/enver.png\"\/><\/a><\/p>\n<p>Copyright &amp;copy TBW<\/p>\n","protected":false},"excerpt":{"rendered":"APPUNTAMENTI | 24\/12\/2025 | 08:12 di Giulia De Maio Ormai \u00e8 diventato un classico dell&#8217;ultimo dell&#8217;anno. Per la&hellip;\n","protected":false},"author":3,"featured_media":276426,"comment_status":"","ping_status":"","sticky":false,"template":"","format":"standard","meta":{"footnotes":""},"categories":[1456],"tags":[162489,102954,1824,1825,1537,90,89,85728,245,244],"class_list":{"0":"post-276425","1":"post","2":"type-post","3":"status-publish","4":"format-standard","5":"has-post-thumbnail","7":"category-ciclismo","8":"tag-31-dicembre","9":"tag-ca-del-poggio","10":"tag-ciclismo","11":"tag-cycling","12":"tag-it","13":"tag-italia","14":"tag-italy","15":"tag-pedalata","16":"tag-sport","17":"tag-sports"},"share_on_mastodon":{"url":"https:\/\/pubeurope.com\/@it\/115778232506172934","error":""},"_links":{"self":[{"href":"https:\/\/www.europesays.com\/it\/wp-json\/wp\/v2\/posts\/276425","targetHints":{"allow":["GET"]}}],"collection":[{"href":"https:\/\/www.europesays.com\/it\/wp-json\/wp\/v2\/posts"}],"about":[{"href":"https:\/\/www.europesays.com\/it\/wp-json\/wp\/v2\/types\/post"}],"author":[{"embeddable":true,"href":"https:\/\/www.europesays.com\/it\/wp-json\/wp\/v2\/users\/3"}],"replies":[{"embeddable":true,"href":"https:\/\/www.europesays.com\/it\/wp-json\/wp\/v2\/comments?post=276425"}],"version-history":[{"count":0,"href":"https:\/\/www.europesays.com\/it\/wp-json\/wp\/v2\/posts\/276425\/revisions"}],"wp:featuredmedia":[{"embeddable":true,"href":"https:\/\/www.europesays.com\/it\/wp-json\/wp\/v2\/media\/276426"}],"wp:attachment":[{"href":"https:\/\/www.europesays.com\/it\/wp-json\/wp\/v2\/media?parent=276425"}],"wp:term":[{"taxonomy":"category","embeddable":true,"href":"https:\/\/www.europesays.com\/it\/wp-json\/wp\/v2\/categories?post=276425"},{"taxonomy":"post_tag","embeddable":true,"href":"https:\/\/www.europesays.com\/it\/wp-json\/wp\/v2\/tags?post=276425"}],"curies":[{"name":"wp","href":"https:\/\/api.w.org\/{rel}","templated":true}]}}