{"id":276571,"date":"2025-12-25T06:55:14","date_gmt":"2025-12-25T06:55:14","guid":{"rendered":"https:\/\/www.europesays.com\/it\/276571\/"},"modified":"2025-12-25T06:55:14","modified_gmt":"2025-12-25T06:55:14","slug":"natale-con-la-neve-in-liguria-allerta-gialla-nellentroterra-di-ponente-per-tutto-il-25-dicembre-primocanale-it","status":"publish","type":"post","link":"https:\/\/www.europesays.com\/it\/276571\/","title":{"rendered":"Natale con la neve in Liguria, allerta gialla nell&#8217;entroterra di ponente per tutto il 25 dicembre &#8211; Primocanale.it"},"content":{"rendered":"<p>\t\t\t\t\t\t<img loading=\"lazy\" decoding=\"async\" title=\"\" src=\"https:\/\/www.primocanale.it\/images\/webp_images\/neveliguria2p43767p22331.webp\" alt=\"\" itemprop=\"image\" class=\"img-fluid jch-lazyload\" width=\"890\" height=\"640\"\/><\/p>\n<p class=\"mcntp1\">Sar\u00e0 un Natale con la neve in Liguria, Arpal ha infatti emesso allerta gialla per neve per la giornata di domani, gioved\u00ec 25 dicembre, dalle ore 6 alle ore 24. L&#8217;allerta interesser\u00e0 la zona D della nostra regione, ovvero quella dei versanti padani di ponente.<\/p>\n<p>LE PREVISIONI<\/p>\n<p>E&#8217; in arrivo anche in Liguria una perturbazione di aria fredda, proveniente dall\u2019Europa orientale (nel cosiddetto moto retrogrado da est verso ovest) che sta rinvigorendo un minimo di pressione sul Mediterraneo centro-occidentale. L\u2019interazione tra aria fredda in quota e umidit\u00e0 nei bassi strati favorisce condizioni perturbate, in particolare sui versanti padani di Ponente (zona D), dove il flusso settentrionale al suolo contribuisce al mantenimento delle precipitazioni.<\/p>\n<p>Dalla sera di oggi \u00e8 attesa una progressiva discesa dello zero termico. Nella giornata di domani le precipitazioni risulteranno pi\u00f9 insistenti sulla zona D, con quota neve in calo fino a circa 400 m. Fenomeni simili sono previsti anche sulla zona E, ma con intensit\u00e0 e persistenza inferiori. Le temperature torneranno complessivamente in linea con i valori climatologici del periodo.<\/p>\n<p>FENOMENI<\/p>\n<p>Sono previste precipitazioni a carattere nevoso sulle aree interne, localmente persistenti. I venti settentrionali risulteranno forti e in rinforzo, con condizioni di burrasca o burrasca forte in particolare su A orientale (Ponente) e B occidentale (Centro ponente).<\/p>\n<p>EFFETTI<\/p>\n<p>Le nevicate fino a quote medio-basse potranno determinare criticit\u00e0 sulla viabilit\u00e0, soprattutto su fondovalle e tratti autostradali della zona D (versanti padani di ponente), con maggiore probabilit\u00e0 nella fascia oraria compresa tra le 12 e le 24 di domani. Le condizioni meteo potranno inoltre causare disagio fisiologico per freddo, in particolare nelle aree interne e\/o pi\u00f9 esposte alla ventilazione da nord.<\/p>\n<p>Allerta vento a Genova<\/p>\n<p>A Genova intanto \u00e8 stata emesso l&#8217;avviso per vento di burrasca forte per la giornata di domani. Entrano dunque in vigore diverse ordinanze:<br \/>\u2022Divieto transito sopraelevata a veicoli a due ruote, telonati e furgonati<br \/>\u2022Giardini, parchi e cimiteri chiusi al pubblico<\/p>\n","protected":false},"excerpt":{"rendered":"Sar\u00e0 un Natale con la neve in Liguria, Arpal ha infatti emesso allerta gialla per neve per la&hellip;\n","protected":false},"author":3,"featured_media":276572,"comment_status":"","ping_status":"","sticky":false,"template":"","format":"standard","meta":{"footnotes":"","_share_on_mastodon":"0"},"categories":[79],"tags":[4167,46889,14,93,94,2226,1537,90,89,437,22542,7,15,11,84,91,12,85,92,443],"class_list":["post-276571","post","type-post","status-publish","format-standard","has-post-thumbnail","category-italia","tag-allerta","tag-burrasca","tag-cronaca","tag-cronaca-italiana","tag-cronacaitaliana","tag-gialla","tag-it","tag-italia","tag-italy","tag-maltempo","tag-neve","tag-news","tag-notizie","tag-ultime-notizie","tag-ultime-notizie-e-news-di-oggi","tag-ultime-notizie-italia","tag-ultimenotizie","tag-ultimenotizieenewsdioggi","tag-ultimenotizieitalia","tag-vento"],"share_on_mastodon":{"url":"https:\/\/pubeurope.com\/@it\/115778901186653105","error":""},"_links":{"self":[{"href":"https:\/\/www.europesays.com\/it\/wp-json\/wp\/v2\/posts\/276571","targetHints":{"allow":["GET"]}}],"collection":[{"href":"https:\/\/www.europesays.com\/it\/wp-json\/wp\/v2\/posts"}],"about":[{"href":"https:\/\/www.europesays.com\/it\/wp-json\/wp\/v2\/types\/post"}],"author":[{"embeddable":true,"href":"https:\/\/www.europesays.com\/it\/wp-json\/wp\/v2\/users\/3"}],"replies":[{"embeddable":true,"href":"https:\/\/www.europesays.com\/it\/wp-json\/wp\/v2\/comments?post=276571"}],"version-history":[{"count":0,"href":"https:\/\/www.europesays.com\/it\/wp-json\/wp\/v2\/posts\/276571\/revisions"}],"wp:featuredmedia":[{"embeddable":true,"href":"https:\/\/www.europesays.com\/it\/wp-json\/wp\/v2\/media\/276572"}],"wp:attachment":[{"href":"https:\/\/www.europesays.com\/it\/wp-json\/wp\/v2\/media?parent=276571"}],"wp:term":[{"taxonomy":"category","embeddable":true,"href":"https:\/\/www.europesays.com\/it\/wp-json\/wp\/v2\/categories?post=276571"},{"taxonomy":"post_tag","embeddable":true,"href":"https:\/\/www.europesays.com\/it\/wp-json\/wp\/v2\/tags?post=276571"}],"curies":[{"name":"wp","href":"https:\/\/api.w.org\/{rel}","templated":true}]}}