{"id":276610,"date":"2025-12-25T07:42:11","date_gmt":"2025-12-25T07:42:11","guid":{"rendered":"https:\/\/www.europesays.com\/it\/276610\/"},"modified":"2025-12-25T07:42:11","modified_gmt":"2025-12-25T07:42:11","slug":"marco-mengoni-ieri-e-oggi-come-e-cambiato-negli-anni","status":"publish","type":"post","link":"https:\/\/www.europesays.com\/it\/276610\/","title":{"rendered":"Marco Mengoni ieri e oggi, come \u00e8 cambiato negli anni"},"content":{"rendered":"<p style=\"font-weight: 400\">Da ragazzo con una passione sconfinata per la musica, <strong>Marco Mengoni<\/strong> ha iniziato a cantare nei piccoli locali, tra note che gi\u00e0 rivelavano una voce capace di emozionare. Passo dopo passo, palco dopo palco, \u00e8 arrivato alle grandi arene, ai programmi tv pi\u00f9 amati dal pubblico italiano, fino ai riflettori internazionali dell\u2019Eurovision.<\/p>\n<p style=\"font-weight: 400\">Scoperto a X Factor con un talento sorprendente e una <strong>sensibilit\u00e0 unica<\/strong>, non ha mai smesso di incantare. Oggi, Marco \u00e8 un artista completo: capace di raccontare con la sua musica storie che sembrano vicine a ciascuno di noi, rimanendo sempre fedele a se stesso.<\/p>\n<p><strong data-start=\"123\" data-end=\"171\">Marco Mengoni, l\u2019esordio a \u201cX Factor\u201d: la scoperta di un talento<\/strong><\/p>\n<p data-start=\"173\" data-end=\"525\">Nato a Ronciglione il 25 dicembre 1988, <a href=\"https:\/\/dilei.it\/star-e-vip\/marco-mengoni\/\" rel=\"nofollow noopener\" target=\"_blank\">Marco Mengoni<\/a> cresce circondato dalla passione per la musica, quella che ti entra dentro e non ti lascia pi\u00f9. I primi passi nel mondo musicale arrivano da adolescente, quando entra in un <strong data-start=\"314\" data-end=\"334\">quintetto vocale<\/strong> e si esibisce nei locali della sua citt\u00e0.<\/p>\n<p data-start=\"527\" data-end=\"890\">La vera svolta arriva per\u00f2 nel <strong data-start=\"553\" data-end=\"561\">2009<\/strong>, quando Marco partecipa alla <strong>terza edizione<\/strong> di X Factor Italia. Sotto la guida di <a href=\"https:\/\/dilei.it\/star-e-vip\/morgan\/\" rel=\"nofollow noopener\" target=\"_blank\">Morgan<\/a>, conquista giudici e pubblico con una voce potente e un\u2019interpretazione emotiva che lascia il segno. Ogni brano diventa un<strong> piccolo manifesto<\/strong> della sua personalit\u00e0: energia, passione e una maturit\u00e0 sorprendente per la sua giovane et\u00e0.<\/p>\n<p data-start=\"519\" data-end=\"1038\">Anche il suo look contribuisce a renderlo immediatamente riconoscibile: il celebre <strong data-start=\"964\" data-end=\"989\">ciuffo ribelle<\/strong> diventa presto un simbolo del suo stile unico.<\/p>\n<p data-start=\"892\" data-end=\"1323\">La vittoria a X Factor segna l\u2019inizio di una carriera destinata a crescere. Esce subito il suo <strong>primo EP <\/strong>Dove si vola, con il singolo omonimo che <strong>scala le classifiche italiane<\/strong> e conferma Marco come uno dei nuovi volti pi\u00f9 promettenti della musica italiana. In quel momento, il pubblico si innamora della sua voce e della capacit\u00e0 di trasmettere emozioni autentiche, quelle che solo chi canta con il cuore sa dare.<\/p>\n<p><strong data-start=\"180\" data-end=\"228\">Sanremo, il palco delle grandi conferme<\/strong><\/p>\n<p data-start=\"230\" data-end=\"647\">Dopo X Factor, Marco Mengoni approda su uno dei palcoscenici pi\u00f9 iconici d\u2019Italia: il Festival di Sanremo. La prima volta \u00e8 nel <strong data-start=\"362\" data-end=\"370\">2010<\/strong>, quando si presenta tra i Big con Credimi ancora, conquistando il <strong data-start=\"439\" data-end=\"454\">terzo posto<\/strong>. Gi\u00e0 allora la sua voce potente e l\u2019interpretazione emotiva catturano il pubblico, mentre il look curato ma naturale \u2013 quel <strong data-start=\"579\" data-end=\"604\">ciuffo inconfondibile<\/strong> \u2013 lo rende immediatamente riconoscibile.<\/p>\n<p data-start=\"649\" data-end=\"1062\">Dopo una serie di riconoscimenti e uscite discografiche, il vero punto di svolta arriva nel <strong data-start=\"684\" data-end=\"692\">2013<\/strong>, quando torna a Sanremo con L\u2019essenziale e <strong data-start=\"738\" data-end=\"747\">vince<\/strong> <strong>il Festival<\/strong>. Il brano diventa un classico moderno, consacrando Marco come una voce capace di emozionare generazioni diverse.<\/p>\n<p data-start=\"1064\" data-end=\"1446\">Negli anni successivi Marco non abbandona mai l\u2019Ariston. Nel <strong data-start=\"1125\" data-end=\"1133\">2014<\/strong> torna come <strong data-start=\"1145\" data-end=\"1164\">ospite speciale<\/strong>, regalando al pubblico performance indimenticabili, e poi ancora nel <strong data-start=\"1234\" data-end=\"1242\">2019<\/strong> e <strong data-start=\"1245\" data-end=\"1253\">2022<\/strong>, sempre come super\u2011ospite, con duetti e momenti che celebrano la sua carriera e il suo percorso artistico. Ogni volta, il pubblico riscopre la sua voce unica e l\u2019energia magnetica sul palco.<\/p>\n<p data-start=\"1448\" data-end=\"1837\">Nel <strong data-start=\"1452\" data-end=\"1460\">2023<\/strong>, torna in gara con Due vite e <strong>vince nuovamente il Festival,<\/strong> confermando la sua capacit\u00e0 di rinnovarsi e restare rilevante anche dieci anni dopo la prima vittoria.<\/p>\n<p data-start=\"1448\" data-end=\"1837\">Le esibizioni di quell\u2019anno sono accompagnate da scenografie sofisticate e un\u2019interpretazione intensa che cattura critica e fan, consolidando ancora una volta la sua posizione come icona della musica italiana.<\/p>\n<p data-start=\"1839\" data-end=\"2210\">Nel <strong data-start=\"1843\" data-end=\"1851\">2024<\/strong>, Marco partecipa alla prima serata come <strong data-start=\"1892\" data-end=\"1909\">co\u2011conduttore<\/strong>, mostrando anche un lato pi\u00f9 maturo e versatile. Non manca la sua <strong data-start=\"1976\" data-end=\"2009\">ironia contagiosa <\/strong>con <a href=\"https:\/\/dilei.it\/star-e-vip\/amadeus\/\" rel=\"nofollow noopener\" target=\"_blank\">Amadeus<\/a>, che regala al pubblico momenti divertenti e leggeri.<\/p>\n<p><strong data-start=\"115\" data-end=\"164\">Marco Mengoni sul palco internazionale di \u201cEurovision Song Contest\u201d<\/strong><\/p>\n<p data-start=\"166\" data-end=\"584\">Dopo il trionfo a Sanremo 2013 con L\u2019essenziale, Marco Mengoni porta l\u2019Italia all\u2019Eurovision Song Contest di Malm\u00f6. Per la prima volta su quel <strong>palcoscenico internazionale<\/strong>, conquista il <strong data-start=\"353\" data-end=\"370\">settimo posto<\/strong>, dimostrando che la sua musica pu\u00f2 emozionare oltre i confini nazionali.<\/p>\n<p data-start=\"586\" data-end=\"1111\">Dieci anni dopo, nel <strong data-start=\"607\" data-end=\"615\">2023<\/strong>, Marco torna all\u2019Eurovision grazie alla vittoria sanremese con Due vite, portando a Liverpool un\u2019esibizione <strong>carica di emozione e stile<\/strong>. Lo spettacolo \u00e8 curato nei minimi dettagli: luci, scenografie e movimento scenico si fondono con la sua interpretazione intensa, trasformando la performance in <strong>un momento memorabile<\/strong> per il pubblico europeo. Il brano conquista milioni di ascolti e la critica sottolinea la maturit\u00e0 artistica e la capacit\u00e0 di reinventarsi senza perdere la propria identit\u00e0.<\/p>\n<p>Resta sempre aggiornata:\u00a0<a href=\"https:\/\/www.whatsapp.com\/channel\/0029Vb68mVyHVvTWezDm7d0R\" target=\"_blank\" rel=\"noopener nofollow\" data-doctype=\"\">iscriviti al nostro canale WhatsApp<\/a>!<\/p>\n","protected":false},"excerpt":{"rendered":"Da ragazzo con una passione sconfinata per la musica, Marco Mengoni ha iniziato a cantare nei piccoli locali,&hellip;\n","protected":false},"author":3,"featured_media":276611,"comment_status":"","ping_status":"","sticky":false,"template":"","format":"standard","meta":{"footnotes":""},"categories":[1443],"tags":[203,12141,204,1537,90,89,10391,1538,1539,86,48718],"class_list":{"0":"post-276610","1":"post","2":"type-post","3":"status-publish","4":"format-standard","5":"has-post-thumbnail","7":"category-musica","8":"tag-entertainment","9":"tag-eurovision","10":"tag-intrattenimento","11":"tag-it","12":"tag-italia","13":"tag-italy","14":"tag-marco-mengoni","15":"tag-music","16":"tag-musica","17":"tag-vip","18":"tag-x-factor"},"share_on_mastodon":{"url":"https:\/\/pubeurope.com\/@it\/115779085758971315","error":""},"_links":{"self":[{"href":"https:\/\/www.europesays.com\/it\/wp-json\/wp\/v2\/posts\/276610","targetHints":{"allow":["GET"]}}],"collection":[{"href":"https:\/\/www.europesays.com\/it\/wp-json\/wp\/v2\/posts"}],"about":[{"href":"https:\/\/www.europesays.com\/it\/wp-json\/wp\/v2\/types\/post"}],"author":[{"embeddable":true,"href":"https:\/\/www.europesays.com\/it\/wp-json\/wp\/v2\/users\/3"}],"replies":[{"embeddable":true,"href":"https:\/\/www.europesays.com\/it\/wp-json\/wp\/v2\/comments?post=276610"}],"version-history":[{"count":0,"href":"https:\/\/www.europesays.com\/it\/wp-json\/wp\/v2\/posts\/276610\/revisions"}],"wp:featuredmedia":[{"embeddable":true,"href":"https:\/\/www.europesays.com\/it\/wp-json\/wp\/v2\/media\/276611"}],"wp:attachment":[{"href":"https:\/\/www.europesays.com\/it\/wp-json\/wp\/v2\/media?parent=276610"}],"wp:term":[{"taxonomy":"category","embeddable":true,"href":"https:\/\/www.europesays.com\/it\/wp-json\/wp\/v2\/categories?post=276610"},{"taxonomy":"post_tag","embeddable":true,"href":"https:\/\/www.europesays.com\/it\/wp-json\/wp\/v2\/tags?post=276610"}],"curies":[{"name":"wp","href":"https:\/\/api.w.org\/{rel}","templated":true}]}}