{"id":276656,"date":"2025-12-25T08:20:16","date_gmt":"2025-12-25T08:20:16","guid":{"rendered":"https:\/\/www.europesays.com\/it\/276656\/"},"modified":"2025-12-25T08:20:16","modified_gmt":"2025-12-25T08:20:16","slug":"con-il-carro-attrezzi-investi-e-uccise-milena-e-giorgia-dopo-tre-mesi-esce-dal-carcere-e-va-ai-domiciliari-con-il-braccialetto-elettronico","status":"publish","type":"post","link":"https:\/\/www.europesays.com\/it\/276656\/","title":{"rendered":"Con il carro attrezzi invest\u00ec e uccise Milena e Giorgia: dopo tre mesi esce dal carcere e va ai domiciliari con il braccialetto elettronico"},"content":{"rendered":"<p>    di<br \/>\n    Redazione Milano<\/p>\n<p class=\"summary-art is-line-h-12\">La tragedia lo scorso settembre a Brivio (Lecco). L&#8217;autista, un 34enne polacco, positivo al narcotest. Contraria la Procura<\/p>\n<p class=\"chapter-paragraph\"><b>Agli arresti domiciliari, e non pi\u00f9 in carcere, quando sar\u00e0 disponibile il braccialetto elettronico<\/b>.\u00a0\u00c8 una comunit\u00e0 gestita da una cooperativa sociale della provincia di Milano la struttura che si \u00e8 resa disponibile ad accogliere <b>Krzysztof Jan Lewandowski, il 34enne autista polacco, attualmente detenuto a Opera, che il 20 settembre scorso, alla guida di un carro attrezzi, ha investito e ucciso due amiche di 21 anni, Giorgia Cagliani e Milena Marangon, mentre camminavano verso la festa del paese a Brivio<\/b> (Lecco).\u00a0<\/p>\n<p class=\"chapter-paragraph\"><b>La decisione <\/b>di attenuare la misura cautelare adottata nei confronti dell\u2019uomo, imputato di omicidio stradale aggravato dalla guida sotto l\u2019effetto di cannabis, <b>l\u2019ha\u00a0presa il gip di Lecco<\/b> Gianluca Piantadosi, accogliendo l\u2019istanza avanzata dai legali della difesa, gli avvocati Gianbattista Colombo e Agnieszka Janusz, con parere negativo espresso dalla procura.\u00a0    &#13;<br \/>\n&#13;<br \/>\n&#13;<br \/>\n&#13;<br \/>\n&#13;<br \/>\n&#13;<br \/>\n&#13;<br \/>\n&#13;<br \/>\n&#13;<br \/>\n&#13;<br \/>\n&#13;<br \/>\n&#13;<br \/>\n&#13;<br \/>\n&#13;<br \/>\n&#13;<br \/>\n&#13;<br \/>\n&#13;<br \/>\n&#13;<br \/>\n&#13;<br \/>\n&#13;<br \/>\n&#13;<br \/>\n&#13;<br \/>\n&#13;<br \/>\n&#13;<br \/>\n&#13;<br \/>\n&#13;<br \/>\n&#13;<br \/>\n&#13;<br \/>\n&#13;<br \/>\n&#13;<br \/>\n&#13;<br \/>\n&#13;<br \/>\n&#13;<br \/>\n&#13;<br \/>\n&#13;<br \/>\n&#13;<br \/>\n&#13;<br \/>\n&#13;<br \/>\n&#13;<br \/>\n&#13;<br \/>\n&#13;<br \/>\n&#13;<br \/>\n&#13;<br \/>\n&#13;<br \/>\n&#13;<br \/>\n&#13;<br \/>\n&#13;<br \/>\n&#13;<br \/>\n&#13;<br \/>\n&#13;<br \/>\n&#13;<br \/>\n&#13;<br \/>\n&#13;\n<\/p>\n<p class=\"chapter-paragraph\">Secondo quanto stabilito dal gip, il 34enne polacco incensurato potr\u00e0 lasciare il carcere per i domiciliari con bracciale elettronico, \u00abquando gli verr\u00e0 messo a disposizione il dispositivo\u00bb, e comunque non prima del 7 gennaio. Prima di quella data, infatti, non sarebbe libero il posto nella struttura prescelta. L\u2019uomo, reo confesso, dopo aver guidato per circa 14 ore, guidando a 80 all\u2019ora in una strada con limite a 70 ha travolto le due ragazze, che camminavano a bordo strada in fila indiana con una terza amica rimasta illesa. Per Lewandowski \u00e8 strato disposto il giudizio immediato, anche se i difensori sarebbero intenzionati a depositare richiesta di rito abbreviato.<\/p>\n<p class=\"is-mr-t-20 is-mr-b-20\"><b><br \/>\n                    <a href=\"https:\/\/milano.corriere.it\/?intcmp=Notizielocali_nd_010623_corriere_ss_milano\" target=\"_blank\" rel=\"nofollow noopener\">Vai a tutte le notizie di Milano<\/a><br \/>\n            <\/b><\/p>\n<p class=\"chapter-paragraph\"><b><a href=\"https:\/\/www.corriere.it\/newsletter\/?theme=41&amp;intcmp=IIIcolonna_NL_CorMilano\" target=\"_blank\" rel=\"nofollow noopener\">Iscriviti alla newsletter di Corriere Milano<\/a><\/b><\/p>\n<p class=\"is-last-update\" datetime=\"2025-12-25T07:20:49+01:00\">25 dicembre 2025 ( modifica il 25 dicembre 2025 | 07:20)<\/p>\n<p class=\"is-copyright\">\n            \u00a9 RIPRODUZIONE RISERVATA\n        <\/p>\n","protected":false},"excerpt":{"rendered":"di Redazione Milano La tragedia lo scorso settembre a Brivio (Lecco). L&#8217;autista, un 34enne polacco, positivo al narcotest.&hellip;\n","protected":false},"author":3,"featured_media":276657,"comment_status":"","ping_status":"","sticky":false,"template":"","format":"standard","meta":{"footnotes":""},"categories":[79],"tags":[12100,5137,162723,40339,40758,39129,162724,162725,874,162726,40417,40418,14,93,94,6721,13568,23963,125,1537,90,89,9382,7,15,6838,11,84,91,12,85,92],"class_list":{"0":"post-276656","1":"post","2":"type-post","3":"status-publish","4":"format-standard","5":"has-post-thumbnail","7":"category-italia","8":"tag-attrezzi","9":"tag-autista","10":"tag-autista-polacco","11":"tag-braccialetto","12":"tag-braccialetto-elettronico","13":"tag-brivio","14":"tag-brivio-lecco","15":"tag-camminavano","16":"tag-carcere","17":"tag-carcere-domiciliari","18":"tag-carro","19":"tag-carro-attrezzi","20":"tag-cronaca","21":"tag-cronaca-italiana","22":"tag-cronacaitaliana","23":"tag-disponibile","24":"tag-domiciliari","25":"tag-elettronico","26":"tag-giorgia","27":"tag-it","28":"tag-italia","29":"tag-italy","30":"tag-lecco","31":"tag-news","32":"tag-notizie","33":"tag-polacco","34":"tag-ultime-notizie","35":"tag-ultime-notizie-e-news-di-oggi","36":"tag-ultime-notizie-italia","37":"tag-ultimenotizie","38":"tag-ultimenotizieenewsdioggi","39":"tag-ultimenotizieitalia"},"share_on_mastodon":{"url":"","error":"Validation failed: Text character limit of 500 exceeded"},"_links":{"self":[{"href":"https:\/\/www.europesays.com\/it\/wp-json\/wp\/v2\/posts\/276656","targetHints":{"allow":["GET"]}}],"collection":[{"href":"https:\/\/www.europesays.com\/it\/wp-json\/wp\/v2\/posts"}],"about":[{"href":"https:\/\/www.europesays.com\/it\/wp-json\/wp\/v2\/types\/post"}],"author":[{"embeddable":true,"href":"https:\/\/www.europesays.com\/it\/wp-json\/wp\/v2\/users\/3"}],"replies":[{"embeddable":true,"href":"https:\/\/www.europesays.com\/it\/wp-json\/wp\/v2\/comments?post=276656"}],"version-history":[{"count":0,"href":"https:\/\/www.europesays.com\/it\/wp-json\/wp\/v2\/posts\/276656\/revisions"}],"wp:featuredmedia":[{"embeddable":true,"href":"https:\/\/www.europesays.com\/it\/wp-json\/wp\/v2\/media\/276657"}],"wp:attachment":[{"href":"https:\/\/www.europesays.com\/it\/wp-json\/wp\/v2\/media?parent=276656"}],"wp:term":[{"taxonomy":"category","embeddable":true,"href":"https:\/\/www.europesays.com\/it\/wp-json\/wp\/v2\/categories?post=276656"},{"taxonomy":"post_tag","embeddable":true,"href":"https:\/\/www.europesays.com\/it\/wp-json\/wp\/v2\/tags?post=276656"}],"curies":[{"name":"wp","href":"https:\/\/api.w.org\/{rel}","templated":true}]}}