{"id":276666,"date":"2025-12-25T08:36:24","date_gmt":"2025-12-25T08:36:24","guid":{"rendered":"https:\/\/www.europesays.com\/it\/276666\/"},"modified":"2025-12-25T08:36:24","modified_gmt":"2025-12-25T08:36:24","slug":"divorzi-vip-tutte-le-coppie-famose-scoppiate-nel-2025-da-raoul-bova-e-rocio-morales-a-filippo-bisciglia-e-pamela-camassa","status":"publish","type":"post","link":"https:\/\/www.europesays.com\/it\/276666\/","title":{"rendered":"Divorzi vip, tutte le coppie famose scoppiate nel 2025: da Raoul Bova e Rocio Morales a Filippo Bisciglia e Pamela Camassa"},"content":{"rendered":"<p>Reali, conduttori, attori, ex veline, dentisti famosi e persino ex Ministri: gli <strong>addii <\/strong>non conoscono classe sociale. In questo 2025 ricco di gossip, sono tante le <strong>coppie vip<\/strong> che hanno deciso di dire basta, lasciando fan e follower a bocca aperta. Dall&#8217;amore che sembrava eterno a quello esploso tra scandali e <a href=\"https:\/\/www.ilgiornale.it\/tag\/gossip.html\" data-datalayer-click-event-target=\"internal\" rel=\"nofollow noopener\" target=\"_blank\"><strong>gossip<\/strong><\/a>, ecco i matrimoni e le relazioni celebri che si sono concluse quest&#8217;anno, raccontate coppia per coppia.<\/p>\n<p>Emanuele Filiberto e Clotilde Courau<img src=\"https:\/\/www.europesays.com\/it\/wp-content\/uploads\/2025\/12\/1766497582-6758946-small.jpg\" width=\"1200\" height=\"900\" alt=\"Emanuele Filiberto di Savoia e Clotilde Courau\" loading=\"lazy\" decoding=\"async\"\/><\/p>\n<p>Il 2025 si \u00e8 aperto con l&#8217;annuncio della separazione tra <strong><a href=\"https:\/\/www.ilgiornale.it\/persone\/emanuele-filiberto-savoia-132758.html\" data-datalayer-click-event-target=\"internal\" rel=\"nofollow noopener\" target=\"_blank\">Emanuele Filiberto di Savoia<\/a> <\/strong>e<strong> Clotilde Courau<\/strong>. A gennaio il principe \u00e8 stato paparazzato in teneri atteggiamenti con l&#8217;ex Miss Messico,<strong> <\/strong>Adriana Abascal, poi a marzo &#8211; quando la relazione Adriana \u00e8 diventata pubblica &#8211; l&#8217;erede di casa Savoia \u00e8 uscito allo scoperto: &#8220;La separazione con Clotilde \u00e8 stata decisa quattro anni fa&#8221;. Insomma, il principe e la moglie &#8211; che stavano insieme da quasi vent&#8217;anni e hanno avuto due figlie &#8211; si erano gi\u00e0 lasciati ma nessuno lo sapeva. L&#8217;addio risale al 2021 ma la coppia ha preferito non rendere pubblica la decisione, conducendo vite separate e rimanendo fedele al ruolo di genitori e ai doveri istituzionali. A proposito di <strong>Adriana Abascal<\/strong>, per\u00f2, brutte notizie: la storia con Emanuele Filiberto <a href=\"https:\/\/www.ilgiornale.it\/news\/gossip\/nuovo-amore-wanda-nara-ed-emanuele-filiberto-belen-crisi-2586229.html\" data-datalayer-click-event-target=\"internal\" rel=\"nofollow noopener\" target=\"_blank\">\u00e8 gi\u00e0 arrivata al capolinea<\/a> a meno di un anno dall&#8217;inizio.<\/p>\n<p>Elisabetta Canalis e Georgian Cimpeanu<img src=\"https:\/\/www.europesays.com\/it\/wp-content\/uploads\/2025\/12\/1766497631-9o.jpg\" width=\"1200\" height=\"900\" alt=\"Elisabetta Canalis e Georgian Cimpeanu\" loading=\"lazy\" decoding=\"async\"\/><\/p>\n<p>Ci sarebbe un presunto tradimento alla base dell&#8217;addio tra il campione di kick boxing <strong>Georgian Cimpeanu <\/strong>ed <a href=\"https:\/\/www.ilgiornale.it\/persone\/elisabetta-canalis-133817.html?page=2\" data-datalayer-click-event-target=\"internal\" rel=\"nofollow noopener\" target=\"_blank\"><strong>Elisabetta Canalis<\/strong><\/a>. L&#8217;ex velina si era legata al suo personal trainer subito dopo la fine del matrimonio con Brian Perri e per lei Cimpeanu si era addirittura trasferito a Los Angeles. Ma la <strong>convivenza <\/strong>\u00e8 durata meno di un anno prima che Elisabetta scoprisse alcuni <a href=\"https:\/\/www.ilgiornale.it\/news\/personaggi\/elisabetta-canalis-e-suo-compagno-si-sono-lasciati-lui-2463789.html\" data-datalayer-click-event-target=\"internal\" rel=\"nofollow noopener\" target=\"_blank\">messaggi compromettenti <\/a>sul suo cellulare scritti da un&#8217;altra donna che lui allena come personal trainer. I pi\u00f9 maligni, invece, sostengono che la differenza di et\u00e0 (15 anni) abbia inciso non poco sulla rottura. Poco male, perch\u00e9 nella vita dell&#8217;ex velina sarda \u00e8 gi\u00e0 arrivato un altro sportivo: Alvise Rigo.<\/p>\n<p>Raoul Bova e Rocio Munoz Morales<img src=\"https:\/\/www.europesays.com\/it\/wp-content\/uploads\/2025\/12\/1766497676-19918226-small.jpg\" width=\"1200\" height=\"900\" alt=\"Raoul Bova e Rocio Munoz Morales\" loading=\"lazy\" decoding=\"async\"\/><\/p>\n<p>La separazione tra <strong><a href=\"https:\/\/www.ilgiornale.it\/persone\/raoul-bova-134487.html\" data-datalayer-click-event-target=\"internal\" rel=\"nofollow noopener\" target=\"_blank\">Raoul Bova<\/a> <\/strong>e<strong> Rocio Munoz Morales<\/strong> \u00e8 coincisa con lo scandalo scoppiato per gli sms compromettenti tra l&#8217;attore e la giovane modella Martina Ceretti. La vicenda, portata a galla da Fabrizio Corona, ha travolto la coppia che gi\u00e0 viveva una crisi profonda e ha messo fine alla relazione durata tredici anni. La scintilla tra Raoul e Rocio era scoccata nel 2011 sul set del film di Paolo Genovese &#8220;Immaturi &#8211; Il viaggio&#8221; ma all&#8217;epoca l&#8217;attore era ancora sposato con Chiara Giordano. Un anno dopo, divorzio alla mano, i due attori erano usciti allo scoperto. Dal loro amore &#8211; mai arrivato all&#8217;altare &#8211; sono nate anche due figlie ma alla fine &#8211; cos\u00ec come era cominciata &#8211; la storia \u00e8 terminata tra gossip infamanti e avvocati e <strong>nuovi amori<\/strong>. Lui \u00e8 fidanzato con l&#8217;attrice comica <a href=\"https:\/\/www.ilgiornale.it\/news\/personaggi\/beatrice-arnera-chi-lattrice-legata-raoul-bova-tutto-sul-2552993.html\" data-datalayer-click-event-target=\"internal\" rel=\"nofollow noopener\" target=\"_blank\">Beatrice Arnera<\/a>, lei pare si frequenti in gran segreto con Stefano De Martino.<\/p>\n<p>Filippo Bisciglia e Pamela Camassa<img src=\"https:\/\/www.europesays.com\/it\/wp-content\/uploads\/2025\/12\/1766497725-8866188-small.jpg\" width=\"1200\" height=\"900\" alt=\"Filippo Bisciglia e Pamela Camassa\" loading=\"lazy\" decoding=\"async\"\/><\/p>\n<p>Uno degli addii pi\u00f9 clamorosi del 2025 \u00e8 sicuramente quello tra <strong><a href=\"https:\/\/www.ilgiornale.it\/persone\/filippo-bisciglia-135574.html\" data-datalayer-click-event-target=\"internal\" rel=\"nofollow noopener\" target=\"_blank\">Filippo Bisciglia<\/a> <\/strong>e<strong> Pamela Camassa<\/strong>. Il conduttore di Temptation Island e l&#8217;ex aspirante Miss Italia si sono lasciati &#8211; letteralmente a sorpresa &#8211; dopo diciotto anni d&#8217;amore. Il colpo di fulmine era scoccato nel 2006, ma all&#8217;epoca Bisciglia era impegnato con l&#8217;ex gieffina Simona Salvemini. L&#8217;anno successivo, per\u00f2, quando erano entrambi single, Pamela e Filippo avevano iniziato a frequentarsi e non si erano pi\u00f9 lasciati. Le avvisaglie di <strong>crisi<\/strong> si erano viste durante l&#8217;estate, quando i due avevano fatto vacanze separate. L&#8217;assenza di Pamela in Calabria durante le registrazioni di Temptation aveva alimentato i dubbi su un possibile allontanamento da Filippo e la conferma \u00e8 arrivata a fine settembre con un <a href=\"https:\/\/www.ilgiornale.it\/news\/personaggi\/filippo-bisciglia-e-pamela-camassa-si-separano-17-anni-2544637.html\" data-datalayer-click-event-target=\"internal\" rel=\"nofollow noopener\" target=\"_blank\">comunicato ufficiale<\/a> di addio: &#8220;\u00c8 da un po&#8217;&#8230; dopo 17 anni io e Pamela abbiamo deciso di intraprendere strade diverse pur volendoci bene&#8221;.<\/p>\n<p>Ezio Greggio e Nataly Ospina<img src=\"https:\/\/www.europesays.com\/it\/wp-content\/uploads\/2025\/12\/1766497764-ezio-ed-elisa.jpg\" width=\"1200\" height=\"900\" alt=\"Ezio Greggio e Nataly Ospina\" loading=\"lazy\" decoding=\"async\"\/><\/p>\n<p>Meno di un anno \u00e8 durata la relazione tra <strong><a href=\"https:\/\/www.ilgiornale.it\/persone\/ezio-greggio-137083.html\" data-datalayer-click-event-target=\"internal\" rel=\"nofollow noopener\" target=\"_blank\">Ezio Greggio<\/a> <\/strong>e<strong> Nataly Ospina <\/strong>eppure la loro rottura ha scatenato i pettegolezzi. Vuoi per la grande differenza di et\u00e0 tra il conduttore e l&#8217;influencer (35 anni), vuoi per i rispettivi impegni di lavoro (la colombiana \u00e8 una popolare foodblogger), la storia non ha retto. La coppia non ha fatto proclami ufficiali per annunciare l&#8217;addio, ma ospite di Caterina Balivo a &#8220;La Volta buona&#8221; Nataly si \u00e8 detta profondamente <strong>dispiaciuta <\/strong>per la fine della relazione con Ezio nonostante l&#8217;addio sia arrivato di comune accordo: &#8220;Non \u00e8 successo nulla di tragico. Sono cose che accadono nelle relazioni, ci si lascia, ci si conosce e magari poi non funziona per\u00f2 comunque noi ci vogliamo tanto bene, ci sentiamo spesso&#8221;. Rimangono dei bellissimi ricordi, ha assicurato lei.<\/p>\n<p>Stefano De Martino e Caroline Tronelli<img src=\"https:\/\/www.europesays.com\/it\/wp-content\/uploads\/2025\/12\/1766497815-vcb.jpg\" width=\"1200\" height=\"900\" alt=\"Stefano De Martino e Caroline Tronelli\" loading=\"lazy\" decoding=\"async\"\/><\/p>\n<p>Nonostante la differenza di et\u00e0 la storia tra <strong><a href=\"https:\/\/www.ilgiornale.it\/persone\/stefano-de-martino-131726.html\" data-datalayer-click-event-target=\"internal\" rel=\"nofollow noopener\" target=\"_blank\">Stefano De Martino<\/a> <\/strong>e<strong> Caroline Tronelli<\/strong> sembrava essere destinata a qualcosa di serio. Del resto il conduttore di &#8220;Affari tuoi&#8221; era sempre stato attento a non mostrarsi con le sue &#8220;fiamme&#8221;. Invece con Caroline, Stefano aveva fatto un passo importante esponendosi davanti ai <strong>paparazzi <\/strong>e conoscendo la famiglia della sua giovane fidanzata. Dopo un&#8217;estate di passione trascorsa in mare &#8211; diviso tra lo yacht della famiglia Tronelli e la sulla sua barca &#8220;Santiago&#8221; &#8211; il conduttore ha messo la parola fine alla relazione con Caroline. A creare una frattura all&#8217;interno della coppia sarebbe stata la vicenda dei <a href=\"https:\/\/www.ilgiornale.it\/news\/cronaca-nera\/video-intimi-de-martino-procura-indaga-revenge-porn-2533574.html\" data-datalayer-click-event-target=\"internal\" rel=\"nofollow noopener\" target=\"_blank\"><strong>video intimi rubati<\/strong><\/a>, che alla fine \u00e8 scoppiata.<\/p>\n<p>Giulio Berruti e Maria Elena Boschi<img src=\"https:\/\/www.europesays.com\/it\/wp-content\/uploads\/2025\/12\/1766497858-22770453-small.jpg\" width=\"1200\" height=\"900\" alt=\"Giulio Berruti e Maria Elena Boschi\" loading=\"lazy\" decoding=\"async\"\/><\/p>\n<p>Non si pu\u00f2 parlare di crisi del settimo anno per <strong><a href=\"https:\/\/www.ilgiornale.it\/news\/personaggi\/giulio-berruti-chi-lex-maria-elena-boschi-2555304.html\" data-datalayer-click-event-target=\"internal\" rel=\"nofollow noopener\" target=\"_blank\">Giulio Berruti<\/a> <\/strong>e<strong> <a href=\"https:\/\/www.ilgiornale.it\/persone\/maria-elena-boschi-131009.html\" data-datalayer-click-event-target=\"internal\" rel=\"nofollow noopener\" target=\"_blank\">Maria Elena Boschi<\/a><\/strong>, che hanno messo fine alla loro relazione dopo sei anni di fidanzamento. La scintilla scoccata alla prima del film di &#8220;Walter Veltroni&#8221; nel maggio 2015 si infiamm\u00f2 nell&#8217;aprile del 2019, quando si presentarono mano nella mano al &#8220;Confusion Party&#8221; di Maurizio Cattelan, ma si \u00e8 spenta nel corso del 2025. A dividere le strade della capogruppo di Italia Viva e del chirurgo odontoiatra nonch\u00e9 attore sarebbe stato il mancato arrivo di un <strong>figlio<\/strong>, che entrambi desideravano. Persino le nozze erano in programma ma <a href=\"https:\/\/www.ilgiornale.it\/news\/personaggi\/figlio-ci-lavoriamo-po-rivelazione-berruti-sulla-relazione-2468302.html\" data-datalayer-click-event-target=\"internal\" rel=\"nofollow noopener\" target=\"_blank\">il sogno di formare una famiglia<\/a> si \u00e8 infranto con l&#8217;annuncio di addio arrivato a ottobre.<\/p>\n<p>Can Yaman e Sara Bluma<img src=\"https:\/\/www.europesays.com\/it\/wp-content\/uploads\/2025\/12\/1766497912-23642179-small.jpg\" width=\"1200\" height=\"900\" alt=\"Can Yaman e Sara Bluma\" loading=\"lazy\" decoding=\"async\"\/><\/p>\n<p>\u00c8 durata giusto il tempo di due red carpet la storia tra <strong><a href=\"https:\/\/www.ilgiornale.it\/persone\/can-yaman-157640.html\" data-datalayer-click-event-target=\"internal\" rel=\"nofollow noopener\" target=\"_blank\">Can Yaman<\/a> <\/strong>e<strong> Sara Bluma<\/strong>. L&#8217;attore turco e la dj algerina avevano ufficializzato la loro relazione sul tappeto rosso dell&#8217;Italian Global Series Festival di Rimini a fine giugno. Tra baci appassionati, sguardi di intesa e sentimenti sbandierati ai quattro venti Can e Sara sembravano essere destinati a bruciare le tappe con tanto di annuncio di Yaman di possibili nozze. La storia aveva resistito anche ai <strong>gossip estivi<\/strong> e la coppia si era mostrata affiatata anche sul red carpet della Festa del cinema di Venezia a settembre.\n<\/p>\n<p> Qualcosa, per\u00f2, si sarebbe rotto alla vigilia della messa in onda della serie &#8220;Sandokan&#8221;, di cui Yaman \u00e8 protagonista, \u00e8 la notizia dell&#8217;addio ha fatto il giro del web. &#8220;Ora cerco il vero amore&#8221;, ha confermato a Diva e Donna l&#8217;attore turco tornato single.<\/p>\n","protected":false},"excerpt":{"rendered":"Reali, conduttori, attori, ex veline, dentisti famosi e persino ex Ministri: gli addii non conoscono classe sociale. In&hellip;\n","protected":false},"author":3,"featured_media":276667,"comment_status":"","ping_status":"","sticky":false,"template":"","format":"standard","meta":{"footnotes":""},"categories":[1451],"tags":[8865,1621,1620,16126,203,5849,204,1537,90,89,105904,376,1766],"class_list":{"0":"post-276666","1":"post","2":"type-post","3":"status-publish","4":"format-standard","5":"has-post-thumbnail","7":"category-celebrita","8":"tag-can-yaman","9":"tag-celebrita","10":"tag-celebrities","11":"tag-elisabetta-canalis","12":"tag-entertainment","13":"tag-filippo-bisciglia","14":"tag-intrattenimento","15":"tag-it","16":"tag-italia","17":"tag-italy","18":"tag-maria-elena-boschi","19":"tag-raoul-bova","20":"tag-stefano-de-martino"},"share_on_mastodon":{"url":"https:\/\/pubeurope.com\/@it\/115779298417181106","error":""},"_links":{"self":[{"href":"https:\/\/www.europesays.com\/it\/wp-json\/wp\/v2\/posts\/276666","targetHints":{"allow":["GET"]}}],"collection":[{"href":"https:\/\/www.europesays.com\/it\/wp-json\/wp\/v2\/posts"}],"about":[{"href":"https:\/\/www.europesays.com\/it\/wp-json\/wp\/v2\/types\/post"}],"author":[{"embeddable":true,"href":"https:\/\/www.europesays.com\/it\/wp-json\/wp\/v2\/users\/3"}],"replies":[{"embeddable":true,"href":"https:\/\/www.europesays.com\/it\/wp-json\/wp\/v2\/comments?post=276666"}],"version-history":[{"count":0,"href":"https:\/\/www.europesays.com\/it\/wp-json\/wp\/v2\/posts\/276666\/revisions"}],"wp:featuredmedia":[{"embeddable":true,"href":"https:\/\/www.europesays.com\/it\/wp-json\/wp\/v2\/media\/276667"}],"wp:attachment":[{"href":"https:\/\/www.europesays.com\/it\/wp-json\/wp\/v2\/media?parent=276666"}],"wp:term":[{"taxonomy":"category","embeddable":true,"href":"https:\/\/www.europesays.com\/it\/wp-json\/wp\/v2\/categories?post=276666"},{"taxonomy":"post_tag","embeddable":true,"href":"https:\/\/www.europesays.com\/it\/wp-json\/wp\/v2\/tags?post=276666"}],"curies":[{"name":"wp","href":"https:\/\/api.w.org\/{rel}","templated":true}]}}