{"id":276890,"date":"2025-12-25T11:54:11","date_gmt":"2025-12-25T11:54:11","guid":{"rendered":"https:\/\/www.europesays.com\/it\/276890\/"},"modified":"2025-12-25T11:54:11","modified_gmt":"2025-12-25T11:54:11","slug":"morte-di-bakken-in-albergo-indossava-la-maschera-ipossica-che-alza-il-battito-cardiaco","status":"publish","type":"post","link":"https:\/\/www.europesays.com\/it\/276890\/","title":{"rendered":"Morte di Bakken, in albergo indossava la maschera ipossica (che alza il battito cardiaco)"},"content":{"rendered":"<p>    di<br \/>\n    Marco Bonarrigo<\/p>\n<p class=\"summary-art is-line-h-12\">Il biatleta norvegese \u00e8 stato trovato morto luned\u00ec in Trentino: portava una maschera che simula l&#8217;altitudine riducendo l&#8217;ossigeno, ma alza anche il battito cardiaco (e lui aveva sofferto di pericardite). Dal 2023 non \u00e8 pi\u00f9 considerata doping<\/p>\n<p class=\"chapter-paragraph\">La morte improvvisa di un atleta di altissimo livello, in teoria super controllato a livello medico, \u00e8 un evento drammatico e relativamente raro: ci sono patologie cardiache che nemmeno esami sofisticati possono rilevare, ci sono nazioni in cui i controlli sanitari non sono cos\u00ec accurati come ad esempio in Italia.<\/p>\n<p class=\"chapter-paragraph\">A rendere praticamente unica la <a href=\"https:\/\/www.corriere.it\/sport\/25_dicembre_23\/sivert-bakken-morto-biathlon-04c7995b-5dc0-42be-b602-0474fc664xlk.shtml\" title=\"Sivert Bakken morto in albergo: il campione di biathlon aveva 27 anni\" target=\"_blank\" rel=\"nofollow noopener\">tragica scomparsa del biatleta norvegese Sivert Bakken<\/a>, deceduto il 22 dicembre mentre si trovava in ritiro all&#8217;Albergo Dolomiti del Passo di Lavaz\u00e8, in Trentino, c&#8217;\u00e8 per\u00f2 una <b>circostanza senza precedenti<\/b>: il 27enne \u00e8 stato ritrovato morto con <a href=\"https:\/\/www.corriere.it\/sport\/25_dicembre_24\/sivert-bakken-mistero-biathlon-norvegese-morto-trentino-02ca908f-4f99-472d-919a-1367d9ac4xlk.shtml\" title=\"Sivert Bakken, mistero sulla morte dell&#039;atleta norvegese di biathlon in Trentino: trovato con la maschera dell&#039;ossigeno, autopsia in Italia\" target=\"_blank\" rel=\"nofollow noopener\">indosso una maschera da ossigeno che simula l&#8217;altitudine<\/a> (Elevation Training Mask, Etm) un dispositivo destinato agli sportivi sempre pi\u00f9 diffuso che permette di ridurre fino a 6-10 volte il passaggio di ossigeno alla bocca per \u2014 secondo le indicazioni di chi le produce e le commercializza anche sul web \u2014 \u00abmigliorare le capacit\u00e0 respiratorie, aumentare la capacit\u00e0 polmonare e la resistenza in ipossia\u00bb, una <b>sorta di \u00absoffocamento\u00bb regolabile<\/b>.    &#13;<br \/>\n&#13;<br \/>\n&#13;<br \/>\n&#13;<br \/>\n&#13;<br \/>\n&#13;<br \/>\n&#13;<br \/>\n&#13;<br \/>\n&#13;<br \/>\n&#13;<br \/>\n&#13;<br \/>\n&#13;<br \/>\n&#13;<br \/>\n&#13;<br \/>\n&#13;<br \/>\n&#13;<br \/>\n&#13;<br \/>\n&#13;<br \/>\n&#13;<br \/>\n&#13;<br \/>\n&#13;<br \/>\n&#13;<br \/>\n&#13;<br \/>\n&#13;<br \/>\n&#13;<br \/>\n&#13;<br \/>\n&#13;<br \/>\n&#13;<br \/>\n&#13;<br \/>\n&#13;<br \/>\n&#13;<br \/>\n&#13;<br \/>\n&#13;<br \/>\n&#13;<br \/>\n&#13;<br \/>\n&#13;<br \/>\n&#13;<br \/>\n&#13;<br \/>\n&#13;<br \/>\n&#13;<br \/>\n&#13;<br \/>\n&#13;<br \/>\n&#13;<br \/>\n&#13;<br \/>\n&#13;<br \/>\n&#13;<br \/>\n&#13;<br \/>\n&#13;<br \/>\n&#13;<br \/>\n&#13;<br \/>\n&#13;<br \/>\n&#13;<br \/>\n&#13;\n<\/p>\n<p class=\"chapter-paragraph\">Da notare che Bakken e altri colleghi norvegesi trascorrevano lunghi periodi di allenamento a Lavaz\u00e8, a una quota di 1.800 metri sul livello del mare e quindi dove c&#8217;\u00e8 gi\u00e0 una ridotta presenza di ossigeno rispetto al livello del mare.<\/p>\n<p class=\"chapter-paragraph\"><b>Sull&#8217;efficacia dello strumento, diffusissimo, i ricercatori hanno molti dubbi<\/b>. Di certo \u00abl&#8217;uso della mascherina durante l&#8217;esercizio fisico aumenta notevolmente il disagio, moderatamente la dispnea e lo sforzo percepito\u00bb (Biomechanics Laboratory, Federal University of Santa Maria, Brasile) mentre \u00abindossare mascherine durante l&#8217;esercizio fisico ha un effetto modesto sui parametri fisiologici e psicologici, tra cui lo scambio di gas, la funzionalit\u00e0 polmonare e il disagio soggettivo negli individui sani \u2014 chiariscono al Department of Sports Science and Physical Education dell&#8217;University of Hong Kong \u2014 e l&#8217;effetto complessivo sulle prestazioni fisiche pare minimo\u00bb. <b>Di contro la maschera \u00abinnalza il livello del battito cardiaco nella fase di recupero\u00bb <\/b>come spiegano i ricercatori del Resistance Exercise, Physiology and Sport Laboratory di Collegeville negli Usa.<\/p>\n<p class=\"chapter-paragraph\">Insomma, uno strumento controverso e non privo di rischi. Sulla morte di Bakken, che recentemente aveva abbandonato l&#8217;attivit\u00e0 per alcuni mesi in seguito a una pericardite, <b>la Federazione norvegese di biathlon ha reso noto di \u00abnon essere attualmente a conoscenza delle circostanze relative all&#8217;acquisizione e all&#8217;utilizzo di questa maschera\u00bb<\/b>. Bakken verr\u00e0 sottoposto ad autopsia in Italia nei prossimi giorni.<\/p>\n<p class=\"chapter-paragraph\">Emilie Nordskar, segretaria generale della federazione, afferma nel comunicato che si tratta di \u00abuna situazione tragica con molti interrogativi irrisolti\u00bb. Resta il fatto che <b>le autorit\u00e0 sportive norvegesi sono da sempre accanite sostenitrici dell&#8217;\u00abaltitudine simulata\u00bb<\/b> e invitano gli atleti di fondo a soggiornare a lungo in <b>centri di preparazione ipossici<\/b> durante i campus di allenamento.<\/p>\n<p class=\"chapter-paragraph\">Impossibile al momento fare collegamenti tra la morte dell&#8217;atleta scandinavo, le patologie di cui aveva sofferto e l&#8217;uso della maschera, ma la tragedia deve indurre alla riflessione considerata la diffusione dello strumento tra gli amatori com&#8217;\u00e8 facilissimo verificare su qualunque sito di commercio online. <b>Da due anni, adeguandosi alla normativa Wada, anche la normativa penale italiana non considera pi\u00f9 doping l&#8217;uso di strumenti ipossici<\/b>.<\/p>\n<p class=\"is-last-update\" datetime=\"2025-12-25T12:12:38+01:00\">25 dicembre 2025<\/p>\n<p class=\"is-copyright\">\n            \u00a9 RIPRODUZIONE RISERVATA\n        <\/p>\n","protected":false},"excerpt":{"rendered":"di Marco Bonarrigo Il biatleta norvegese \u00e8 stato trovato morto luned\u00ec in Trentino: portava una maschera che simula&hellip;\n","protected":false},"author":3,"featured_media":276891,"comment_status":"","ping_status":"","sticky":false,"template":"","format":"standard","meta":{"footnotes":""},"categories":[176],"tags":[13029,1548,20708,10356,162850,162851,13336,3550,161390,58921,58922,162852,162853,1039,3611,3987,16856,5572,3880,2603,14409,5260,5016,162854,1537,90,89,162855,161393,6110,162856,20583,964,2807,633,58923,245,244,6566,2129],"class_list":{"0":"post-276890","1":"post","2":"type-post","3":"status-publish","4":"format-standard","5":"has-post-thumbnail","7":"category-sport","8":"tag-albergo","9":"tag-allenamento","10":"tag-altitudine","11":"tag-alza","12":"tag-alza-battito","13":"tag-alza-battito-cardiaco","14":"tag-and","15":"tag-atleta","16":"tag-bakken","17":"tag-battito","18":"tag-battito-cardiaco","19":"tag-biatleta","20":"tag-biatleta-norvegese","21":"tag-capacita","22":"tag-cardiaco","23":"tag-considerata","24":"tag-disagio","25":"tag-doping","26":"tag-effetto","27":"tag-esercizio","28":"tag-esercizio-fisico","29":"tag-federazione","30":"tag-fisico","31":"tag-ipossici","32":"tag-it","33":"tag-italia","34":"tag-italy","35":"tag-laboratory","36":"tag-lavaze","37":"tag-livello","38":"tag-livello-mare","39":"tag-maschera","40":"tag-morte","41":"tag-norvegese","42":"tag-of","43":"tag-ossigeno","44":"tag-sport","45":"tag-sports","46":"tag-strumento","47":"tag-uso"},"share_on_mastodon":{"url":"","error":""},"_links":{"self":[{"href":"https:\/\/www.europesays.com\/it\/wp-json\/wp\/v2\/posts\/276890","targetHints":{"allow":["GET"]}}],"collection":[{"href":"https:\/\/www.europesays.com\/it\/wp-json\/wp\/v2\/posts"}],"about":[{"href":"https:\/\/www.europesays.com\/it\/wp-json\/wp\/v2\/types\/post"}],"author":[{"embeddable":true,"href":"https:\/\/www.europesays.com\/it\/wp-json\/wp\/v2\/users\/3"}],"replies":[{"embeddable":true,"href":"https:\/\/www.europesays.com\/it\/wp-json\/wp\/v2\/comments?post=276890"}],"version-history":[{"count":0,"href":"https:\/\/www.europesays.com\/it\/wp-json\/wp\/v2\/posts\/276890\/revisions"}],"wp:featuredmedia":[{"embeddable":true,"href":"https:\/\/www.europesays.com\/it\/wp-json\/wp\/v2\/media\/276891"}],"wp:attachment":[{"href":"https:\/\/www.europesays.com\/it\/wp-json\/wp\/v2\/media?parent=276890"}],"wp:term":[{"taxonomy":"category","embeddable":true,"href":"https:\/\/www.europesays.com\/it\/wp-json\/wp\/v2\/categories?post=276890"},{"taxonomy":"post_tag","embeddable":true,"href":"https:\/\/www.europesays.com\/it\/wp-json\/wp\/v2\/tags?post=276890"}],"curies":[{"name":"wp","href":"https:\/\/api.w.org\/{rel}","templated":true}]}}