{"id":277087,"date":"2025-12-25T15:10:13","date_gmt":"2025-12-25T15:10:13","guid":{"rendered":"https:\/\/www.europesays.com\/it\/277087\/"},"modified":"2025-12-25T15:10:13","modified_gmt":"2025-12-25T15:10:13","slug":"lombardo-cade-da-seggiovia-in-friuli-e-gravissimo","status":"publish","type":"post","link":"https:\/\/www.europesays.com\/it\/277087\/","title":{"rendered":"Lombardo cade da seggiovia in Friuli, \u00e8 gravissimo"},"content":{"rendered":"<p>\u00c8 gravissimo in ospedale un uomo di 32 anni di Mortara (Pavia) <a href=\"https:\/\/www.pordenonetoday.it\/cronaca\/scivola-seggiovia-ferito-24-dicembre-2025.html\" target=\"_blank\" rel=\"nofollow noopener\">caduto<\/a> per 10 metri da una seggiovia a Piancavallo (frazione di Aviano, Pordenone) nella tarda mattinata di mercoled\u00ec 24 dicembre, a circa 1.600 metri di quota. L&#8217;uomo \u00e8 stato operato d&#8217;urgenza all&#8217;ospedale di Udine.<\/p>\n<p>La rete s&#8217;impiglia negli scarponi<\/p>\n<p>Il 32enne, che lavora in una baita ristorante in quota, stava tornando a valle e aveva preso la seggiovia. A un certo punto, a causa del forte vento, la rete protettiva situata sotto la seggiovia \u00e8 stata sollevata e si \u00e8 impigliata negli scarponi. Nel tentativo di liberarsi, l&#8217;uomo \u00e8 scivolato sotto la barra di sicurezza ed \u00e8 precipitato nel vuoto per circa dieci metri, impattando sulla base in cemento di un pilone.<\/p>\n<p>Ricoverato<\/p>\n<p>Il vento ha impedito l&#8217;arrivo dell&#8217;elicottero di soccorso: il 32enne, che aveva un trauma toracico e diffuse lesioni interne, \u00e8 stato trasportato in ambulanza in un punto pi\u00f9 sicuro, poi recuperato dall&#8217;elicottero e portato all&#8217;ospedale di Udine, dove i medici lo hanno operato. Resta ricoverato in terapia intensiva. I carabinieri, intanto, sono al lavoro per stabilire la causa esatta dell&#8217;incidente.<\/p>\n","protected":false},"excerpt":{"rendered":"\u00c8 gravissimo in ospedale un uomo di 32 anni di Mortara (Pavia) caduto per 10 metri da una&hellip;\n","protected":false},"author":3,"featured_media":277088,"comment_status":"","ping_status":"","sticky":false,"template":"","format":"standard","meta":{"footnotes":""},"categories":[79],"tags":[14,93,94,7578,8455,1537,90,89,7,15,163069,11,84,91,12,85,92],"class_list":{"0":"post-277087","1":"post","2":"type-post","3":"status-publish","4":"format-standard","5":"has-post-thumbnail","7":"category-italia","8":"tag-cronaca","9":"tag-cronaca-italiana","10":"tag-cronacaitaliana","11":"tag-incidenti","12":"tag-infortuni","13":"tag-it","14":"tag-italia","15":"tag-italy","16":"tag-news","17":"tag-notizie","18":"tag-seggiovie","19":"tag-ultime-notizie","20":"tag-ultime-notizie-e-news-di-oggi","21":"tag-ultime-notizie-italia","22":"tag-ultimenotizie","23":"tag-ultimenotizieenewsdioggi","24":"tag-ultimenotizieitalia"},"share_on_mastodon":{"url":"https:\/\/pubeurope.com\/@it\/115780847222269735","error":""},"_links":{"self":[{"href":"https:\/\/www.europesays.com\/it\/wp-json\/wp\/v2\/posts\/277087","targetHints":{"allow":["GET"]}}],"collection":[{"href":"https:\/\/www.europesays.com\/it\/wp-json\/wp\/v2\/posts"}],"about":[{"href":"https:\/\/www.europesays.com\/it\/wp-json\/wp\/v2\/types\/post"}],"author":[{"embeddable":true,"href":"https:\/\/www.europesays.com\/it\/wp-json\/wp\/v2\/users\/3"}],"replies":[{"embeddable":true,"href":"https:\/\/www.europesays.com\/it\/wp-json\/wp\/v2\/comments?post=277087"}],"version-history":[{"count":0,"href":"https:\/\/www.europesays.com\/it\/wp-json\/wp\/v2\/posts\/277087\/revisions"}],"wp:featuredmedia":[{"embeddable":true,"href":"https:\/\/www.europesays.com\/it\/wp-json\/wp\/v2\/media\/277088"}],"wp:attachment":[{"href":"https:\/\/www.europesays.com\/it\/wp-json\/wp\/v2\/media?parent=277087"}],"wp:term":[{"taxonomy":"category","embeddable":true,"href":"https:\/\/www.europesays.com\/it\/wp-json\/wp\/v2\/categories?post=277087"},{"taxonomy":"post_tag","embeddable":true,"href":"https:\/\/www.europesays.com\/it\/wp-json\/wp\/v2\/tags?post=277087"}],"curies":[{"name":"wp","href":"https:\/\/api.w.org\/{rel}","templated":true}]}}