{"id":277506,"date":"2025-12-25T22:28:25","date_gmt":"2025-12-25T22:28:25","guid":{"rendered":"https:\/\/www.europesays.com\/it\/277506\/"},"modified":"2025-12-25T22:28:25","modified_gmt":"2025-12-25T22:28:25","slug":"venus-williams-ha-sposato-andrea-preti-cinque-giorni-di-festa-in-florida","status":"publish","type":"post","link":"https:\/\/www.europesays.com\/it\/277506\/","title":{"rendered":"Venus Williams ha sposato Andrea Preti: cinque giorni di festa in Florida"},"content":{"rendered":"<p>    di<br \/>\n    Redazione Sport<\/p>\n<p class=\"summary-art is-line-h-12\">Amore, champagne e pickleball: la campionessa Venus Williams e l&#8217;attore italo-danese Andrea Preti hanno ufficializzato le nozze in una mega-festa a Palm Beach. Per lei 10 abiti da sposa e Serena che offre gli yacht<\/p>\n<p class=\"chapter-paragraph\">Quando il Grande Slam incontra il cinema italiano, il risultato \u00e8 un matrimonio da favola. <b>Venus Williams, sette volte vincitrice<\/b> di Slam, ha sposato ufficialmente <b>l&#8217;attore ed ex modello Andrea Preti<\/b> in una celebrazione lunga cinque giorni che ha trasformato Palm Beach in un palcoscenico da sogno.\u00a0 Lo ha ufficializzato luned\u00ec sui social la rivista Vogue,\u00a0 raccontando di una festa durata cinque giorni.\u00a0<\/p>\n<p class=\"chapter-paragraph\">\u00abCi amiamo tutti cos\u00ec tanto\u00bb, ha dichiarato Venus. \u00ab\u00c8 stata semplicemente la giornata pi\u00f9 felice, pi\u00f9 bella e pi\u00f9 dolce\u00bb. E a giudicare dai dettagli, la campionessa non ha badato a spese n\u00e9 a fantasia.    &#13;<br \/>\n&#13;<br \/>\n&#13;<br \/>\n&#13;<br \/>\n&#13;<br \/>\n&#13;<br \/>\n&#13;<br \/>\n&#13;<br \/>\n&#13;<br \/>\n&#13;<br \/>\n&#13;<br \/>\n&#13;<br \/>\n&#13;<br \/>\n&#13;<br \/>\n&#13;<br \/>\n&#13;<br \/>\n&#13;<br \/>\n&#13;<br \/>\n&#13;<br \/>\n&#13;<br \/>\n&#13;<br \/>\n&#13;<br \/>\n&#13;<br \/>\n&#13;<br \/>\n&#13;<br \/>\n&#13;<br \/>\n&#13;<br \/>\n&#13;<br \/>\n&#13;<br \/>\n&#13;<br \/>\n&#13;<br \/>\n&#13;<br \/>\n&#13;<br \/>\n&#13;<br \/>\n&#13;<br \/>\n&#13;<br \/>\n&#13;<br \/>\n&#13;<br \/>\n&#13;<br \/>\n&#13;<br \/>\n&#13;<br \/>\n&#13;<br \/>\n&#13;<br \/>\n&#13;<br \/>\n&#13;<br \/>\n&#13;<br \/>\n&#13;<br \/>\n&#13;<br \/>\n&#13;<br \/>\n&#13;<br \/>\n&#13;<br \/>\n&#13;<br \/>\n&#13;\n<\/p>\n<p>    <strong>Da Milano a Ischia, con scalo in tribunale<\/strong><\/p>\n<p class=\"chapter-paragraph\">La storia d&#8217;amore \u00e8 iniziata durante la Fashion Week di Milano nel settembre 2024: <b>colpo di fulmine per la 45enne tennista e il 37enne attore<\/b>. \u00ab\u00c8 stato amore a prima vista\u00bb, ha confessato Venus. Un mese dopo l&#8217;incontro, per\u00f2, la realt\u00e0 si \u00e8 fatta dura: a Williams \u00e8 stata diagnosticata <a href=\"https:\/\/www.corriere.it\/sport\/tennis\/25_luglio_22\/venus-williams-tennis-45-anni-vince-washington-fcb67185-08c5-4d90-ac7b-2fbc19e25xlk.shtml\" title=\"Venus Williams torna in campo a 45 anni e vince in doppio al Washington Open: \u00abSento che posso ancora fare bene\u00bb\" target=\"_blank\" rel=\"nofollow noopener\">un&#8217;adenomiosi che ha richiesto un intervento chirurgico<\/a>. \u00abMi sono operata un mese dopo che io e Andrea ci eravamo conosciuti. \u00c8 stato pazzesco, ma \u00e8 cos\u00ec che ci siamo conosciuti davvero\u00bb, ha raccontato.\u00a0<\/p>\n<p class=\"chapter-paragraph\">Lo scorso <a href=\"https:\/\/www.corriere.it\/sport\/25_luglio_24\/venus-williams-andrea-preti-cf727f17-518d-4a20-aa7f-aeeb30bd1xlk.shtml\" title=\"Venus Williams si fidanza con Andrea Preti: \u00abLui mi ha incoraggiata a continuare a giocare\u00bb\" target=\"_blank\" rel=\"nofollow noopener\">luglio l&#8217;annuncio del fidanzamento<\/a>, il 18 settembre, <b>cerimonia simbolica a Ischia\u00a0<\/b>\u2014 perch\u00e9 il sogno era sposarsi nel Mediterraneo\u00a0\u2014 ma le pratiche burocratiche per stranieri richiedono otto mesi. Cos\u00ec venerd\u00ec scorso i due sono passati in <b>tribunale in Florida per legalizzare tutto<\/b>, e sabato hanno dato il via alla <b>festa vera<\/b>.<\/p>\n<p>    <strong>Dieci abiti, yacht e percorsi a ostacoli<\/strong><\/p>\n<p class=\"chapter-paragraph\">La celebrazione nella residenza di Venus a Palm Beach, organizzata da Jennifer Zabinski di JZ Events e immortalata dal fotografo David Bastianoni, ha incluso: <b>gite in yacht (gentile omaggio di Serena<\/b>, 23 volte campionessa Slam e sorella generosa), cene stellate, e un pomeriggio di sport con pallavolo, pickleball e percorsi a ostacoli. Perch\u00e9 una Williams resta una Williams, anche all&#8217;altare.<\/p>\n<p class=\"chapter-paragraph\">Venus ha sfoggiato dieci abiti su misura, tra cui uno firmato dallo stilista libanese Georges Hobeika. \u00ab\u00c8 stata una settimana piena di moda, amore e famiglia\u00bb, ha concluso la sposa. Preti, al suo fianco nei momenti pi\u00f9 difficili della malattia, ha conquistato non solo il cuore della campionessa ma anche il plauso di Vogue. E quando Vogue approva, \u00e8 ufficiale: game, set and match.<\/p>\n<p class=\"is-last-update\" datetime=\"2025-12-25T13:02:10+01:00\">25 dicembre 2025 ( modifica il 25 dicembre 2025 | 13:02)<\/p>\n<p class=\"is-copyright\">\n            \u00a9 RIPRODUZIONE RISERVATA\n        <\/p>\n","protected":false},"excerpt":{"rendered":"di Redazione Sport Amore, champagne e pickleball: la campionessa Venus Williams e l&#8217;attore italo-danese Andrea Preti hanno ufficializzato&hellip;\n","protected":false},"author":3,"featured_media":277507,"comment_status":"","ping_status":"","sticky":false,"template":"","format":"standard","meta":{"footnotes":""},"categories":[1451],"tags":[7646,87,2700,6282,2382,4404,19478,27184,1621,1620,631,26329,5316,163366,203,2217,9275,204,26897,1537,90,89,3783,28,10239,161485,161486,24797,163367,6280,3423,6281,6065,17136,4318,2747],"class_list":{"0":"post-277506","1":"post","2":"type-post","3":"status-publish","4":"format-standard","5":"has-post-thumbnail","7":"category-celebrita","8":"tag-abiti","9":"tag-amore","10":"tag-andrea","11":"tag-andrea-preti","12":"tag-attore","13":"tag-beach","14":"tag-campionessa","15":"tag-celebrazione","16":"tag-celebrita","17":"tag-celebrities","18":"tag-cinque","19":"tag-conosciuti","20":"tag-dieci","21":"tag-dieci-abiti","22":"tag-entertainment","23":"tag-festa","24":"tag-florida","25":"tag-intrattenimento","26":"tag-ischia","27":"tag-it","28":"tag-italia","29":"tag-italy","30":"tag-mese","31":"tag-milano","32":"tag-ostacoli","33":"tag-palm","34":"tag-palm-beach","35":"tag-percorsi","36":"tag-percorsi-ostacoli","37":"tag-preti","38":"tag-slam","39":"tag-venus","40":"tag-venus-williams","41":"tag-vogue","42":"tag-williams","43":"tag-yacht"},"share_on_mastodon":{"url":"https:\/\/pubeurope.com\/@it\/115782569414499028","error":""},"_links":{"self":[{"href":"https:\/\/www.europesays.com\/it\/wp-json\/wp\/v2\/posts\/277506","targetHints":{"allow":["GET"]}}],"collection":[{"href":"https:\/\/www.europesays.com\/it\/wp-json\/wp\/v2\/posts"}],"about":[{"href":"https:\/\/www.europesays.com\/it\/wp-json\/wp\/v2\/types\/post"}],"author":[{"embeddable":true,"href":"https:\/\/www.europesays.com\/it\/wp-json\/wp\/v2\/users\/3"}],"replies":[{"embeddable":true,"href":"https:\/\/www.europesays.com\/it\/wp-json\/wp\/v2\/comments?post=277506"}],"version-history":[{"count":0,"href":"https:\/\/www.europesays.com\/it\/wp-json\/wp\/v2\/posts\/277506\/revisions"}],"wp:featuredmedia":[{"embeddable":true,"href":"https:\/\/www.europesays.com\/it\/wp-json\/wp\/v2\/media\/277507"}],"wp:attachment":[{"href":"https:\/\/www.europesays.com\/it\/wp-json\/wp\/v2\/media?parent=277506"}],"wp:term":[{"taxonomy":"category","embeddable":true,"href":"https:\/\/www.europesays.com\/it\/wp-json\/wp\/v2\/categories?post=277506"},{"taxonomy":"post_tag","embeddable":true,"href":"https:\/\/www.europesays.com\/it\/wp-json\/wp\/v2\/tags?post=277506"}],"curies":[{"name":"wp","href":"https:\/\/api.w.org\/{rel}","templated":true}]}}