{"id":277711,"date":"2025-12-26T02:25:30","date_gmt":"2025-12-26T02:25:30","guid":{"rendered":"https:\/\/www.europesays.com\/it\/277711\/"},"modified":"2025-12-26T02:25:30","modified_gmt":"2025-12-26T02:25:30","slug":"atalanta-cosa-ce-sotto-lalbero-maldini-e-brescianini-in-dubbio-arriva-una-punta","status":"publish","type":"post","link":"https:\/\/www.europesays.com\/it\/277711\/","title":{"rendered":"Atalanta, cosa c&#8217;\u00e8 sotto l&#8217;albero: Maldini e Brescianini in dubbio, arriva una punta"},"content":{"rendered":"<p><a class=\"article-details_article-details__section__element--authorName__j3rZA article-details_link__9uNPj\" href=\"https:\/\/www.calciomercato.com\/about\/redazione\/marina-belotti\/21\" rel=\"nofollow noopener\" target=\"_blank\">Marina Belotti<\/a>25 dic 2025, 11:50<\/p>\n<p>Ultimi aggiornamenti: 25 dic 2025, 11:53<\/p>\n<p>L&#8217;Atalanta potrebbe rinforzare il suo reparto offensivo, sfoltendo un po&#8217; la rosa in altre zone.<\/p>\n<p><strong>Lookman, candidato alla partenza a gennaio, alla fine potrebbe restare.<\/strong> Complice la Coppa d&#8217;Africa che lo terr\u00e0 via per gran parte del mercato invernale e l&#8217;arrivo di Palladino che ha messo da parte i suoi propositi di scovare subito una nuova avventura, la fascia sinistra nerazzurra potrebbe essere a posto fino a giugno. <strong>Scamacca per\u00f2 \u00e8 troppo solo l\u00ec davanti, mentre Maldini e Brescianini faticano.<\/strong><\/p>\n","protected":false},"excerpt":{"rendered":"Marina Belotti25 dic 2025, 11:50 Ultimi aggiornamenti: 25 dic 2025, 11:53 L&#8217;Atalanta potrebbe rinforzare il suo reparto offensivo,&hellip;\n","protected":false},"author":3,"featured_media":277712,"comment_status":"","ping_status":"","sticky":false,"template":"","format":"standard","meta":{"footnotes":""},"categories":[176],"tags":[569,353,1537,90,89,245,244,355],"class_list":{"0":"post-277711","1":"post","2":"type-post","3":"status-publish","4":"format-standard","5":"has-post-thumbnail","7":"category-sport","8":"tag-atalanta","9":"tag-calciomercato","10":"tag-it","11":"tag-italia","12":"tag-italy","13":"tag-sport","14":"tag-sports","15":"tag-transfers"},"share_on_mastodon":{"url":"https:\/\/pubeurope.com\/@it\/115783501263414440","error":""},"_links":{"self":[{"href":"https:\/\/www.europesays.com\/it\/wp-json\/wp\/v2\/posts\/277711","targetHints":{"allow":["GET"]}}],"collection":[{"href":"https:\/\/www.europesays.com\/it\/wp-json\/wp\/v2\/posts"}],"about":[{"href":"https:\/\/www.europesays.com\/it\/wp-json\/wp\/v2\/types\/post"}],"author":[{"embeddable":true,"href":"https:\/\/www.europesays.com\/it\/wp-json\/wp\/v2\/users\/3"}],"replies":[{"embeddable":true,"href":"https:\/\/www.europesays.com\/it\/wp-json\/wp\/v2\/comments?post=277711"}],"version-history":[{"count":0,"href":"https:\/\/www.europesays.com\/it\/wp-json\/wp\/v2\/posts\/277711\/revisions"}],"wp:featuredmedia":[{"embeddable":true,"href":"https:\/\/www.europesays.com\/it\/wp-json\/wp\/v2\/media\/277712"}],"wp:attachment":[{"href":"https:\/\/www.europesays.com\/it\/wp-json\/wp\/v2\/media?parent=277711"}],"wp:term":[{"taxonomy":"category","embeddable":true,"href":"https:\/\/www.europesays.com\/it\/wp-json\/wp\/v2\/categories?post=277711"},{"taxonomy":"post_tag","embeddable":true,"href":"https:\/\/www.europesays.com\/it\/wp-json\/wp\/v2\/tags?post=277711"}],"curies":[{"name":"wp","href":"https:\/\/api.w.org\/{rel}","templated":true}]}}