{"id":277822,"date":"2025-12-26T05:05:21","date_gmt":"2025-12-26T05:05:21","guid":{"rendered":"https:\/\/www.europesays.com\/it\/277822\/"},"modified":"2025-12-26T05:05:21","modified_gmt":"2025-12-26T05:05:21","slug":"i-migliori-giocatori-in-scadenza-nel-2026-quante-occasioni-per-linter","status":"publish","type":"post","link":"https:\/\/www.europesays.com\/it\/277822\/","title":{"rendered":"I migliori giocatori in scadenza nel 2026: quante occasioni per l&#8217;Inter"},"content":{"rendered":"<p>Beppe <strong>Marotta<\/strong>\u00a0<strong>all&#8217;Inter<\/strong> ha portato con s\u00e9 esperienza, mentalit\u00e0 e una nuova filosofia, quella legata ai parametri zero. Con l&#8217;attuale presidente nerazzurro, sono arrivati tanti giocatori a zero che hanno fatto la fortuna del club. Da Calhanoglu e Mkhitaryan, passando per Onana e Thuram, la lista \u00e8 molto lunga e potrebbe ulteriormente allungarsi. Infatti, il 2026 sar\u00e0 l&#8217;anno dei parametri zero. Sono tanti i profili interessanti che hanno il contratto in scadenza e questo si sposa con la necessit\u00e0 dell&#8217;Inter che dovr\u00e0 necessariamente intervenire sul mercato, soprattutto per rinforzare una difesa che per forza di cose dovr\u00e0 essere rivoluzionata visti gli addii di Acerbi, de Vrij e Darmian.<\/p>\n<p>Ecco la lista dei migliori giocatori in scadenza<\/p>\n<p class=\"is-copyright\">\u00a9 RIPRODUZIONE RISERVATA<\/p>\n","protected":false},"excerpt":{"rendered":"Beppe Marotta\u00a0all&#8217;Inter ha portato con s\u00e9 esperienza, mentalit\u00e0 e una nuova filosofia, quella legata ai parametri zero. Con&hellip;\n","protected":false},"author":3,"featured_media":277823,"comment_status":"","ping_status":"","sticky":false,"template":"","format":"standard","meta":{"footnotes":"","_share_on_mastodon":"0"},"categories":[1452],"tags":[8486,721,6693,7283,1740,3412,350,1537,90,89,113,5364,1412,163620,163622,163624,2052,163621,163623,57407,125982,1438,1739,245,244,7778],"class_list":["post-277822","post","type-post","status-publish","format-standard","has-post-thumbnail","category-calcio","tag-bayern","tag-calcio","tag-contratto","tag-contratto-scadenza","tag-football","tag-giocatori","tag-inter","tag-it","tag-italia","tag-italy","tag-lista","tag-manchester","tag-mercato","tag-mercato-milionisquadra","tag-mercato-milionisquadra-bayern","tag-mercato-milionisquadra-manchester","tag-migliori","tag-milionisquadra","tag-milionisquadra-bayern","tag-parametri","tag-parametri-zero","tag-scadenza","tag-soccer","tag-sport","tag-sports","tag-zero"],"share_on_mastodon":{"url":"https:\/\/pubeurope.com\/@it\/115784130569538751","error":""},"_links":{"self":[{"href":"https:\/\/www.europesays.com\/it\/wp-json\/wp\/v2\/posts\/277822","targetHints":{"allow":["GET"]}}],"collection":[{"href":"https:\/\/www.europesays.com\/it\/wp-json\/wp\/v2\/posts"}],"about":[{"href":"https:\/\/www.europesays.com\/it\/wp-json\/wp\/v2\/types\/post"}],"author":[{"embeddable":true,"href":"https:\/\/www.europesays.com\/it\/wp-json\/wp\/v2\/users\/3"}],"replies":[{"embeddable":true,"href":"https:\/\/www.europesays.com\/it\/wp-json\/wp\/v2\/comments?post=277822"}],"version-history":[{"count":0,"href":"https:\/\/www.europesays.com\/it\/wp-json\/wp\/v2\/posts\/277822\/revisions"}],"wp:featuredmedia":[{"embeddable":true,"href":"https:\/\/www.europesays.com\/it\/wp-json\/wp\/v2\/media\/277823"}],"wp:attachment":[{"href":"https:\/\/www.europesays.com\/it\/wp-json\/wp\/v2\/media?parent=277822"}],"wp:term":[{"taxonomy":"category","embeddable":true,"href":"https:\/\/www.europesays.com\/it\/wp-json\/wp\/v2\/categories?post=277822"},{"taxonomy":"post_tag","embeddable":true,"href":"https:\/\/www.europesays.com\/it\/wp-json\/wp\/v2\/tags?post=277822"}],"curies":[{"name":"wp","href":"https:\/\/api.w.org\/{rel}","templated":true}]}}