{"id":278072,"date":"2025-12-26T09:48:15","date_gmt":"2025-12-26T09:48:15","guid":{"rendered":"https:\/\/www.europesays.com\/it\/278072\/"},"modified":"2025-12-26T09:48:15","modified_gmt":"2025-12-26T09:48:15","slug":"gosens-tutta-la-verita-sullinfortunio-e-cosa-filtra-sul-rientro-per-il-fanta-non-fate-questo-errore","status":"publish","type":"post","link":"https:\/\/www.europesays.com\/it\/278072\/","title":{"rendered":"Gosens, tutta la verit\u00e0 sull\u2019infortunio e cosa filtra sul rientro. Per il fanta non fate questo errore"},"content":{"rendered":"<p>\u201cRobin non ha avuto una ricaduta ma un fastidio sopra al polpaccio e valutiamo di giorno in giorno\u201d, ha spiegato Paolo Vanoli l\u2019ultima volta che ha parlato delle condizioni di Robin Gosens. Stava per tornare da un problema&#8230;<\/p>\n<p>&#8220;Robin non ha avuto una ricaduta ma un fastidio sopra al polpaccio e valutiamo di giorno in giorno&#8221;, ha spiegato Paolo Vanoli l&#8217;ultima volta che ha parlato delle condizioni di Robin <strong>Gosens<\/strong>. Stava per tornare da un problema muscolare, poi si \u00e8 fermato nuovamente, questa volta per un problema al polpaccio appunto. Il rischio concreto \u00e8 che torni soltanto a gennaio, da capire se subito o meno. 1 gol in 9 partite a voto, aveva deluso lui come tutta la Fiorentina del resto finora. Si prendeva come primo slot al fantacalcio all&#8217;asta, si pagava, c&#8217;erano aspettative alte attorno a lui e la squadra di Pioli in estate. Il consiglio \u00e8 di aspettarlo se non siete in emergenza totale, perch\u00e9 la squadra ha dato segnali importanti con l&#8217;Udinese e pu\u00f2 essere stata la gara della svolta. Se siete in emergenza totale, valutate non appena potete scambiarlo o svincolarlo se sar\u00e0 rientrato o meno.<\/p>\n<p class=\"is-copyright\">\u00a9 RIPRODUZIONE RISERVATA<\/p>\n","protected":false},"excerpt":{"rendered":"\u201cRobin non ha avuto una ricaduta ma un fastidio sopra al polpaccio e valutiamo di giorno in giorno\u201d,&hellip;\n","protected":false},"author":3,"featured_media":278073,"comment_status":"","ping_status":"","sticky":false,"template":"","format":"standard","meta":{"footnotes":""},"categories":[1452],"tags":[721,3858,163789,163790,450,163791,37644,163792,1740,11511,1537,90,89,16225,1885,55899,1739,245,244],"class_list":{"0":"post-278072","1":"post","2":"type-post","3":"status-publish","4":"format-standard","5":"has-post-thumbnail","7":"category-calcio","8":"tag-calcio","9":"tag-condizioni","10":"tag-condizioni-robin","11":"tag-condizioni-robin-gosens","12":"tag-emergenza","13":"tag-emergenza-totale","14":"tag-fastidio","15":"tag-fastidio-polpaccio","16":"tag-football","17":"tag-gosens","18":"tag-it","19":"tag-italia","20":"tag-italy","21":"tag-polpaccio","22":"tag-problema","23":"tag-robin","24":"tag-soccer","25":"tag-sport","26":"tag-sports"},"share_on_mastodon":{"url":"https:\/\/pubeurope.com\/@it\/115785243492526410","error":""},"_links":{"self":[{"href":"https:\/\/www.europesays.com\/it\/wp-json\/wp\/v2\/posts\/278072","targetHints":{"allow":["GET"]}}],"collection":[{"href":"https:\/\/www.europesays.com\/it\/wp-json\/wp\/v2\/posts"}],"about":[{"href":"https:\/\/www.europesays.com\/it\/wp-json\/wp\/v2\/types\/post"}],"author":[{"embeddable":true,"href":"https:\/\/www.europesays.com\/it\/wp-json\/wp\/v2\/users\/3"}],"replies":[{"embeddable":true,"href":"https:\/\/www.europesays.com\/it\/wp-json\/wp\/v2\/comments?post=278072"}],"version-history":[{"count":0,"href":"https:\/\/www.europesays.com\/it\/wp-json\/wp\/v2\/posts\/278072\/revisions"}],"wp:featuredmedia":[{"embeddable":true,"href":"https:\/\/www.europesays.com\/it\/wp-json\/wp\/v2\/media\/278073"}],"wp:attachment":[{"href":"https:\/\/www.europesays.com\/it\/wp-json\/wp\/v2\/media?parent=278072"}],"wp:term":[{"taxonomy":"category","embeddable":true,"href":"https:\/\/www.europesays.com\/it\/wp-json\/wp\/v2\/categories?post=278072"},{"taxonomy":"post_tag","embeddable":true,"href":"https:\/\/www.europesays.com\/it\/wp-json\/wp\/v2\/tags?post=278072"}],"curies":[{"name":"wp","href":"https:\/\/api.w.org\/{rel}","templated":true}]}}