{"id":278110,"date":"2025-12-26T10:19:12","date_gmt":"2025-12-26T10:19:12","guid":{"rendered":"https:\/\/www.europesays.com\/it\/278110\/"},"modified":"2025-12-26T10:19:12","modified_gmt":"2025-12-26T10:19:12","slug":"paolo-nori-censurato-dalla-bicocca-per-le-lezioni-su-dostoevskij-il-racconto","status":"publish","type":"post","link":"https:\/\/www.europesays.com\/it\/278110\/","title":{"rendered":"Paolo Nori censurato dalla Bicocca per le lezioni su Dostoevskij: il racconto"},"content":{"rendered":"<p><strong>Sabato 27 dicembre in prima serata sul NOVE<\/strong> e disponibile anche in streaming su Discovery+ va in onda la <strong>seconda puntata<\/strong> di \u201c<strong>Lezioni private<\/strong>\u201d, il programma condotto da <strong>Luca Sommi<\/strong> che <strong>racconta l\u2019attualit\u00e0 approfondendo i grandi temi universali attraverso l\u2019arte<\/strong> insieme a voci autorevoli del panorama culturale italiano.<\/p>\n<p>Tema della puntata, <strong>la guerra<\/strong>: perch\u00e9 si \u00e8 sempre combattuto, dall\u2019alba della civilt\u00e0 a oggi? E alla fine, chi vince, davvero? In questa clip in anteprima un passaggio dell\u2019intervista allo scrittore ed esperto di Russia, <strong>Paolo Nori<\/strong>, sul caso della censura che sub\u00ec nel 2022, quando l\u2019Universit\u00e0 Bicocca di Milano ferm\u00f2 le sue lezioni su F\u00ebdor Michajlovi\u010d Dostoevskij.<\/p>\n","protected":false},"excerpt":{"rendered":"Sabato 27 dicembre in prima serata sul NOVE e disponibile anche in streaming su Discovery+ va in onda&hellip;\n","protected":false},"author":3,"featured_media":278111,"comment_status":"","ping_status":"","sticky":false,"template":"","format":"standard","meta":{"footnotes":""},"categories":[1444],"tags":[203,204,1537,90,89,253],"class_list":{"0":"post-278110","1":"post","2":"type-post","3":"status-publish","4":"format-standard","5":"has-post-thumbnail","7":"category-tv","8":"tag-entertainment","9":"tag-intrattenimento","10":"tag-it","11":"tag-italia","12":"tag-italy","13":"tag-tv"},"share_on_mastodon":{"url":"https:\/\/pubeurope.com\/@it\/115785365186360017","error":""},"_links":{"self":[{"href":"https:\/\/www.europesays.com\/it\/wp-json\/wp\/v2\/posts\/278110","targetHints":{"allow":["GET"]}}],"collection":[{"href":"https:\/\/www.europesays.com\/it\/wp-json\/wp\/v2\/posts"}],"about":[{"href":"https:\/\/www.europesays.com\/it\/wp-json\/wp\/v2\/types\/post"}],"author":[{"embeddable":true,"href":"https:\/\/www.europesays.com\/it\/wp-json\/wp\/v2\/users\/3"}],"replies":[{"embeddable":true,"href":"https:\/\/www.europesays.com\/it\/wp-json\/wp\/v2\/comments?post=278110"}],"version-history":[{"count":0,"href":"https:\/\/www.europesays.com\/it\/wp-json\/wp\/v2\/posts\/278110\/revisions"}],"wp:featuredmedia":[{"embeddable":true,"href":"https:\/\/www.europesays.com\/it\/wp-json\/wp\/v2\/media\/278111"}],"wp:attachment":[{"href":"https:\/\/www.europesays.com\/it\/wp-json\/wp\/v2\/media?parent=278110"}],"wp:term":[{"taxonomy":"category","embeddable":true,"href":"https:\/\/www.europesays.com\/it\/wp-json\/wp\/v2\/categories?post=278110"},{"taxonomy":"post_tag","embeddable":true,"href":"https:\/\/www.europesays.com\/it\/wp-json\/wp\/v2\/tags?post=278110"}],"curies":[{"name":"wp","href":"https:\/\/api.w.org\/{rel}","templated":true}]}}