{"id":278122,"date":"2025-12-26T10:26:10","date_gmt":"2025-12-26T10:26:10","guid":{"rendered":"https:\/\/www.europesays.com\/it\/278122\/"},"modified":"2025-12-26T10:26:10","modified_gmt":"2025-12-26T10:26:10","slug":"hyundai-bayon-2026-il-suv-urbano-con-dotazioni-da-segmento-superiore-i-prezzi","status":"publish","type":"post","link":"https:\/\/www.europesays.com\/it\/278122\/","title":{"rendered":"Hyundai Bayon 2026, il SUV urbano con dotazioni da segmento superiore: i prezzi"},"content":{"rendered":"<p class=\"date-articolo\">\n\t\t\t\t\t\t\t\t\tPubblicato: 26 Dicembre 2025 10:00\t\t\t\t\t\t\t\t<\/p>\n<p>\n\t\t\t\t\t\t\t\tLa citt\u00e0 \u00e8 sempre stata il suo habitat naturale, e anche con il Model Year 2026 la <strong>Hyundai Bayon<\/strong> d\u00e0 il meglio di s\u00e9 nei centri affollati. Affinata l\u00ec dove conta, il modello coreano non ha paura di mostrare le sue carte, quelle di un Urban SUV snello e leggibile, pratico e contemporaneo sia in termini di efficienza sia di infotainment, due facce della stessa medaglia.<\/p>\n","protected":false},"excerpt":{"rendered":"Pubblicato: 26 Dicembre 2025 10:00 La citt\u00e0 \u00e8 sempre stata il suo habitat naturale, e anche con il&hellip;\n","protected":false},"author":3,"featured_media":278123,"comment_status":"","ping_status":"","sticky":false,"template":"","format":"standard","meta":{"footnotes":""},"categories":[172],"tags":[178,2765,177,7056,1537,90,89,11114],"class_list":{"0":"post-278122","1":"post","2":"type-post","3":"status-publish","4":"format-standard","5":"has-post-thumbnail","7":"category-affari","8":"tag-affari","9":"tag-auto","10":"tag-business","11":"tag-hyundai","12":"tag-it","13":"tag-italia","14":"tag-italy","15":"tag-suv"},"share_on_mastodon":{"url":"https:\/\/pubeurope.com\/@it\/115785392870472613","error":""},"_links":{"self":[{"href":"https:\/\/www.europesays.com\/it\/wp-json\/wp\/v2\/posts\/278122","targetHints":{"allow":["GET"]}}],"collection":[{"href":"https:\/\/www.europesays.com\/it\/wp-json\/wp\/v2\/posts"}],"about":[{"href":"https:\/\/www.europesays.com\/it\/wp-json\/wp\/v2\/types\/post"}],"author":[{"embeddable":true,"href":"https:\/\/www.europesays.com\/it\/wp-json\/wp\/v2\/users\/3"}],"replies":[{"embeddable":true,"href":"https:\/\/www.europesays.com\/it\/wp-json\/wp\/v2\/comments?post=278122"}],"version-history":[{"count":0,"href":"https:\/\/www.europesays.com\/it\/wp-json\/wp\/v2\/posts\/278122\/revisions"}],"wp:featuredmedia":[{"embeddable":true,"href":"https:\/\/www.europesays.com\/it\/wp-json\/wp\/v2\/media\/278123"}],"wp:attachment":[{"href":"https:\/\/www.europesays.com\/it\/wp-json\/wp\/v2\/media?parent=278122"}],"wp:term":[{"taxonomy":"category","embeddable":true,"href":"https:\/\/www.europesays.com\/it\/wp-json\/wp\/v2\/categories?post=278122"},{"taxonomy":"post_tag","embeddable":true,"href":"https:\/\/www.europesays.com\/it\/wp-json\/wp\/v2\/tags?post=278122"}],"curies":[{"name":"wp","href":"https:\/\/api.w.org\/{rel}","templated":true}]}}