{"id":278379,"date":"2025-12-26T14:21:27","date_gmt":"2025-12-26T14:21:27","guid":{"rendered":"https:\/\/www.europesays.com\/it\/278379\/"},"modified":"2025-12-26T14:21:27","modified_gmt":"2025-12-26T14:21:27","slug":"napoli-2500-la-parthenope-di-lello-esposito-sul-monte-echia","status":"publish","type":"post","link":"https:\/\/www.europesays.com\/it\/278379\/","title":{"rendered":"Napoli 2500, la \u201cParthenope&#8221; di Lello Esposito sul Monte Echia"},"content":{"rendered":"<p>\u00abQuest&#8217;opera di Lello Esposito rappresenta un contributo di straordinario valore estetico e simbolico, un segno tangibile che accoglier\u00e0 chiunque visiti\u00a0Napoli, raccontando in modo immediato le nostre radici e la storia millenaria della nostra citt\u00e0. Non potevamo immaginare una collocazione migliore di Monte Echia per quest&#8217;opera. Installare l\u00ec la Sirena di Esposito significa riportare\u00a0Napoli\u00a0alle sue origini per darle la forza di guardare oltre, confermando questo sito come il cuore pulsante di una citt\u00e0 che, da 2500 anni, continua a incantare il mondo con la sua vitalit\u00e0 e il suo eterno divenire\u00bb. Lo ha detto il sindaco di\u00a0Napoli, Gaetano Manfredi, inaugurando, alle Scuderie di Palazzo Sansevero, l&#8217;opera &#8220;Parthenope&#8221; che l&#8217;artista Lello Esposito ha dedicato ai 2500 anni di storia della citt\u00e0. <\/p>\n<p>La scultura, realizzata in alluminio, reinterpreta la figura della Sirena Parthenope, simbolo identitario di Napoli,\u00a0fondendo elementi della tradizione e della mitologia con segni di rinascita e speranza e rappresenta un omaggio profondo alle radici di\u00a0Napoli, unendo l&#8217;arte contemporanea di Esposito alla millenaria eredit\u00e0 storica che la Sirena Parthenope incarna sin dalla fondazione della citt\u00e0. <\/p>\n<p>L&#8217;opera si inserisce nel programma di celebrazioni per l&#8217;anniversario della fondazione della citt\u00e0, riaffermando i valori di accoglienza, vitalit\u00e0 e radicamento che da sempre caratterizzano\u00a0Napoli. Dopo lo svelamento dell&#8217;opera \u00e8 stato letto il messaggio di auguri che il\u00a0Cardinale\u00a0di\u00a0Napoli\u00a0Don Mimmo Battaglia ha inviato per il 2500mo anniversario della fondazione di\u00a0Napoli\u00a0e per l&#8217;inaugurazione dell&#8217;opera celebrativa del Maestro Lello Esposito. Lo stesso\u00a0Cardinale\u00a0visiter\u00e0 nel pomeriggio l&#8217;atelier del Maestro per ammirare l&#8217;opera. <\/p>\n<p>\u00abOggi ho, finalmente, svelato questa mia opera &#8211; realizzata per il compleanno della mia citt\u00e0 alla quale, per circa 50 anni, ho dedicato il mio lavoro d&#8217;artista. La presenza del sindaco &#8211; ha detto Esposito &#8211; \u00e8 stata per me una grande emozione, soprattutto nell&#8217;apprendere la volont\u00e0 dell&#8217;Amministrazione, di acquisire l&#8217;opera e destinarla stabilmente a Monte Echia. La Sirena ritorna l\u00ec dove nacque 2500 anni fa\u00bb.<\/p>\n","protected":false},"excerpt":{"rendered":"\u00abQuest&#8217;opera di Lello Esposito rappresenta un contributo di straordinario valore estetico e simbolico, un segno tangibile che accoglier\u00e0&hellip;\n","protected":false},"author":3,"featured_media":278380,"comment_status":"","ping_status":"","sticky":false,"template":"","format":"standard","meta":{"footnotes":""},"categories":[1446],"tags":[1615,1613,1614,1611,1610,1612,203,29860,204,1537,90,89,161266,164002,248,159884,50012],"class_list":{"0":"post-278379","1":"post","2":"type-post","3":"status-publish","4":"format-standard","5":"has-post-thumbnail","7":"category-arte-e-design","8":"tag-arte","9":"tag-arte-e-design","10":"tag-arteedesign","11":"tag-arts","12":"tag-arts-and-design","13":"tag-design","14":"tag-entertainment","15":"tag-gaetano-manfredi","16":"tag-intrattenimento","17":"tag-it","18":"tag-italia","19":"tag-italy","20":"tag-lello-esposito","21":"tag-monte-echia","22":"tag-napoli","23":"tag-napoli-2500","24":"tag-parthenope"},"share_on_mastodon":{"url":"https:\/\/pubeurope.com\/@it\/115786316731399731","error":""},"_links":{"self":[{"href":"https:\/\/www.europesays.com\/it\/wp-json\/wp\/v2\/posts\/278379","targetHints":{"allow":["GET"]}}],"collection":[{"href":"https:\/\/www.europesays.com\/it\/wp-json\/wp\/v2\/posts"}],"about":[{"href":"https:\/\/www.europesays.com\/it\/wp-json\/wp\/v2\/types\/post"}],"author":[{"embeddable":true,"href":"https:\/\/www.europesays.com\/it\/wp-json\/wp\/v2\/users\/3"}],"replies":[{"embeddable":true,"href":"https:\/\/www.europesays.com\/it\/wp-json\/wp\/v2\/comments?post=278379"}],"version-history":[{"count":0,"href":"https:\/\/www.europesays.com\/it\/wp-json\/wp\/v2\/posts\/278379\/revisions"}],"wp:featuredmedia":[{"embeddable":true,"href":"https:\/\/www.europesays.com\/it\/wp-json\/wp\/v2\/media\/278380"}],"wp:attachment":[{"href":"https:\/\/www.europesays.com\/it\/wp-json\/wp\/v2\/media?parent=278379"}],"wp:term":[{"taxonomy":"category","embeddable":true,"href":"https:\/\/www.europesays.com\/it\/wp-json\/wp\/v2\/categories?post=278379"},{"taxonomy":"post_tag","embeddable":true,"href":"https:\/\/www.europesays.com\/it\/wp-json\/wp\/v2\/tags?post=278379"}],"curies":[{"name":"wp","href":"https:\/\/api.w.org\/{rel}","templated":true}]}}