{"id":278681,"date":"2025-12-26T19:02:10","date_gmt":"2025-12-26T19:02:10","guid":{"rendered":"https:\/\/www.europesays.com\/it\/278681\/"},"modified":"2025-12-26T19:02:10","modified_gmt":"2025-12-26T19:02:10","slug":"francia-3-donne-accoltellate-in-metro-a-parigi-arrestato-sospettato-escluso-terrorismo","status":"publish","type":"post","link":"https:\/\/www.europesays.com\/it\/278681\/","title":{"rendered":"Francia, 3 donne accoltellate in metro a Parigi. Arrestato sospettato, escluso terrorismo"},"content":{"rendered":"<p>Un uomo armato di coltello ha aggredito e ferito tre donne sulla linea 3 della metropolitana di Parigi. L&#8217;aggressore si sarebbe dato inizialmente alla fuga, e l\u2019uomo sospettato \u00e8 stato poi arrestato secondo quanto riferito dalla procura della capitale francese.. Lo ha riferito la societ\u00e0 di trasporti pubblici parigina (Ratp). Gli attacchi sono avvenuti nelle stazioni Arts et M\u00e9tiers, R\u00e9publique e Op\u00e9ra, nel cuore di Parigi, &#8220;tra le 16.15 e le 16.45&#8221;, ha specificato la stessa azienda.\u00a0<\/p>\n<p>\t\t \tLe condizioni delle vittime<\/p>\n<p>Le vittime dell\u2019aggressione sono state soccorse dai vigili del fuoco di Parigi, e sembra che abbiano fortunatamente riportato solo ferite lievi: due sono state ferite alla schiena e alle gambe secondo una fonte citata da Le Parisien, e non sarebbero in pericolo di vita, riporta il sito de Le Figaro.<\/p>\n<p>Scartata la pista terroristica<\/p>\n<p>L&#8217;aggressore, secondo quanto riportano i media francesi, sarebbe un individuo mentalmente instabile. L&#8217;uomo si era dato alla fuga subito dopo gli attacchi ed \u00e8 stato fermato nella sua abitazione a Sarcelles, a nord della capitale francese. Le vittime non sarebbero in pericolo di vita e le loro ferite sono superficiali.\u00a0Il sospettato, descritto come &#8220;magro, di origine africana e con indosso un cappotto color cachi &#8220;, ha prima aggredito una donna con un coltello alla stazione R\u00e9publique, per poi proseguire fino alle stazioni Arts et M\u00e9tiers e Op\u00e9ra. \u00c8 poi fuggito lungo la linea 8, prima di essere arrestato poche ore dopo, rintracciato grazie alle immagini della videosorveglianza e alla geolocalizzazione del suo cellulare. Le Parisien ha riferito, citando fonti proprie, che la polizia scarta la pista terroristica.<\/p>\n<p>\t\t\t<a class=\"c-inline-card j-inline-card c-inline-card--with-image\" href=\"https:\/\/tg24.sky.it\/cronaca\/2025\/12\/24\/ragazzo-rapinato-milano-aggressore-carcere\" rel=\"follow nofollow noopener\" data-intcmp=\"skytg24_articolo_approfondimenti_inline\" target=\"_blank\"><\/p>\n<p>\t\t\t         <img decoding=\"async\" crossorigin=\"anonymous\" alt=\"\" src=\"https:\/\/www.europesays.com\/it\/wp-content\/uploads\/2025\/12\/1766775730_755_carabinieri_ansa.JPG\"  loading=\"lazy\"  bad-src=\"https:\/\/www.europesays.com\/it\/wp-content\/uploads\/2025\/12\/1766775730_755_carabinieri_ansa.JPG\"\/><\/p>\n<p>\n\t\t\t         Leggi anche<br \/>\n\t\t\t         Ragazzo rapinato a Milano, gli aggressori restano in carcere\n\t\t\t      <\/p>\n<p>\t\t\t<\/a><\/p>\n","protected":false},"excerpt":{"rendered":"Un uomo armato di coltello ha aggredito e ferito tre donne sulla linea 3 della metropolitana di Parigi.&hellip;\n","protected":false},"author":3,"featured_media":278682,"comment_status":"","ping_status":"","sticky":false,"template":"","format":"standard","meta":{"footnotes":""},"categories":[160],"tags":[107,14,164,165,369,4300,6891,16251,166,7,15,1289,11,167,12,168,161,162,163],"class_list":{"0":"post-278681","1":"post","2":"type-post","3":"status-publish","4":"format-standard","5":"has-post-thumbnail","7":"category-mondo","8":"tag-accoltellamenti","9":"tag-cronaca","10":"tag-dal-mondo","11":"tag-dalmondo","12":"tag-digitall","13":"tag-francia","14":"tag-metro","15":"tag-metropolitana","16":"tag-mondo","17":"tag-news","18":"tag-notizie","19":"tag-parigi","20":"tag-ultime-notizie","21":"tag-ultime-notizie-di-mondo","22":"tag-ultimenotizie","23":"tag-ultimenotiziedimondo","24":"tag-world","25":"tag-world-news","26":"tag-worldnews"},"share_on_mastodon":{"url":"https:\/\/pubeurope.com\/@it\/115787422085453820","error":""},"_links":{"self":[{"href":"https:\/\/www.europesays.com\/it\/wp-json\/wp\/v2\/posts\/278681","targetHints":{"allow":["GET"]}}],"collection":[{"href":"https:\/\/www.europesays.com\/it\/wp-json\/wp\/v2\/posts"}],"about":[{"href":"https:\/\/www.europesays.com\/it\/wp-json\/wp\/v2\/types\/post"}],"author":[{"embeddable":true,"href":"https:\/\/www.europesays.com\/it\/wp-json\/wp\/v2\/users\/3"}],"replies":[{"embeddable":true,"href":"https:\/\/www.europesays.com\/it\/wp-json\/wp\/v2\/comments?post=278681"}],"version-history":[{"count":0,"href":"https:\/\/www.europesays.com\/it\/wp-json\/wp\/v2\/posts\/278681\/revisions"}],"wp:featuredmedia":[{"embeddable":true,"href":"https:\/\/www.europesays.com\/it\/wp-json\/wp\/v2\/media\/278682"}],"wp:attachment":[{"href":"https:\/\/www.europesays.com\/it\/wp-json\/wp\/v2\/media?parent=278681"}],"wp:term":[{"taxonomy":"category","embeddable":true,"href":"https:\/\/www.europesays.com\/it\/wp-json\/wp\/v2\/categories?post=278681"},{"taxonomy":"post_tag","embeddable":true,"href":"https:\/\/www.europesays.com\/it\/wp-json\/wp\/v2\/tags?post=278681"}],"curies":[{"name":"wp","href":"https:\/\/api.w.org\/{rel}","templated":true}]}}