{"id":278687,"date":"2025-12-26T19:13:19","date_gmt":"2025-12-26T19:13:19","guid":{"rendered":"https:\/\/www.europesays.com\/it\/278687\/"},"modified":"2025-12-26T19:13:19","modified_gmt":"2025-12-26T19:13:19","slug":"stefano-goria-da-villafranca-al-sogno-azzurro-sulle-due-ruote","status":"publish","type":"post","link":"https:\/\/www.europesays.com\/it\/278687\/","title":{"rendered":"Stefano Goria: da Villafranca al Sogno Azzurro sulle due ruote"},"content":{"rendered":"<p>Un asso delle due ruote si racconta.\u00a0In questa intervista, l&#8217;atleta <strong>Stefano Goria\u00a0campione di mountain bike in forza alla Nazionale e alla Scott Racing Team,\u00a0<\/strong>ripercorre la sua evoluzione agonistica nel mondo della mountain bike, sottolineando il passaggio cruciale dal divertimento giovanile al professionismo nella disciplina marathon. Il ciclista descrive con precisione i rigorosi metodi di allenamento, la gestione tecnica delle diverse tipologie di biciclette e l&#8217;importanza del lavoro di squadra durante le competizioni internazionali pi\u00f9 impegnative.La sua esperienza, i suoi sogni, raccolti durante la<strong> &#8220;Pinta di Sport&#8221;<\/strong> del <strong>FuoriLuogo<\/strong> ad Asti.<\/p>\n<p><b _ngcontent-ng-c3517125192=\"\" data-start-index=\"350\" class=\"ng-star-inserted\"><img loading=\"lazy\" decoding=\"async\" src=\"https:\/\/www.europesays.com\/it\/wp-content\/uploads\/2025\/12\/WhatsApp_Image_2025-12-26_at_15.03.52-1766758184107.jpeg\" alt=\"\" width=\"1920\" height=\"1279\"\/><\/b><\/p>\n<p><b _ngcontent-ng-c3517125192=\"\" data-start-index=\"350\" class=\"ng-star-inserted\">Stefano, partiamo dalle origini. Com&#8217;\u00e8 nata questa passione? Eri uno di quei bambini che non volevano mai scendere dalla sella?<\/b><\/p>\n<p>In realt\u00e0 ho iniziato come molti, provando un po&#8217; di tutto: ho giocato anche a calcio, come la maggior parte dei ragazzi, nella Pro Villafranca, ma ho capito che non era il mio sport.\u00a0La scintilla per le due ruote \u00e8 scoccata quasi per caso. Poi, in quinta elementare, ho scoperto una scuola di mountain bike a <b _ngcontent-ng-c3517125192=\"\" data-start-index=\"819\" class=\"ng-star-inserted\">Montaldo d&#8217;Alba<\/b>; l&#8217;istruttore era un collega di mio pap\u00e0. Da quando sono salito su quella bici, non sono pi\u00f9 sceso. Quello che era iniziato come un gioco e un divertimento si \u00e8 trasformato, anno dopo anno, in un impegno agonistico sempre pi\u00f9 serio.<\/p>\n<p>&#13;<\/p>\n<p>.<\/p>\n<p>&#13;<br \/>\n&#13;<\/p>\n<p><b _ngcontent-ng-c3517125192=\"\" data-start-index=\"1067\" class=\"ng-star-inserted\">Molti si chiedono perch\u00e9 un talento come il tuo non abbia scelto il ciclismo su strada, che spesso garantisce pi\u00f9 visibilit\u00e0. Hai mai avuto dubbi?<\/b><\/p>\n<p>&#13;<br \/>\n&#13;<\/p>\n<p>\u00c8 una domanda che mi sono posto spesso.<\/p>\n<p>&#13;<br \/>\nHo provato una gara su strada da juniores, ma l&#8217;ambiente della <b _ngcontent-ng-c3517125192=\"\" data-start-index=\"1316\" class=\"ng-star-inserted\">mountain bike<\/b> mi ha sempre conquistato di pi\u00f9: quando sei piccolo \u00e8 uno spazio che concede pi\u00f9 divertimento e ha un\u2019atmosfera <b _ngcontent-ng-c3517125192=\"\" data-start-index=\"1442\" class=\"ng-star-inserted\">meno esasperata<\/b> e pi\u00f9 familiare. Certo, oggi sono un professionista, ma sono felice della scelta fatta. Chiss\u00e0, magari su strada avrei smesso perch\u00e9 non mi trovavo bene.<\/p>\n<p><img loading=\"lazy\" decoding=\"async\" src=\"https:\/\/www.europesays.com\/it\/wp-content\/uploads\/2025\/12\/WhatsApp_Image_2025-12-26_at_15.04.57-1766758212445.jpeg\" alt=\"\" width=\"1600\" height=\"1067\"\/><\/p>\n<p><b _ngcontent-ng-c3517125192=\"\" data-start-index=\"1611\" class=\"ng-star-inserted\">Oggi corri per un team di alto livello e vesti la maglia azzurra. Quanto \u00e8 cambiato il tuo modo di vivere lo sport?<\/b><\/p>\n<p>&#13;<\/p>\n<p>Moltissimo. Questo \u00e8 il primo anno in cui faccio parte di una squadra che mi garantisce un <b _ngcontent-ng-c3517125192=\"\" data-start-index=\"1817\" class=\"ng-star-inserted\">supporto tecnico ai massimi livelli.<\/b><\/p>\n<p>&#13;<br \/>\n\u00a0Prima andavo alle gare e i miei genitori mi aiutavano con le borracce; ora ho un team manager, un meccanico, un massaggiatore, un nutrizionista e vari coach. La mia settimana tipo prevede tra le <b _ngcontent-ng-c3517125192=\"\" data-start-index=\"2049\" class=\"ng-star-inserted\">20 e le 32 ore di allenamento<\/b> effettivo, alternando palestra, bici da strada e mountain bike. \u00c8 un lavoro di costanza: i risultati non arrivano solo col talento, ma &#8220;martellando&#8221; giorno dopo giorno.&#13;<br \/>\n&#13;<br \/>\n&#13;<\/p>\n<p><b _ngcontent-ng-c3517125192=\"\" data-start-index=\"2247\" class=\"ng-star-inserted\">Entriamo nel tecnico: la tua specialit\u00e0 \u00e8 la Marathon. Spiegaci di cosa si tratta&#8230;<\/b><\/p>\n<p>&#13;<br \/>\n&#13;<\/p>\n<p>Sono gare di resistenza pura. Una Marathon, da regolamento, supera sempre i 60 km, ma si pu\u00f2 arrivare a distanze estreme.<\/p>\n<p>&#13;<br \/>\n\u00a0Quest&#8217;anno, ad esempio, il <b _ngcontent-ng-c3517125192=\"\" data-start-index=\"2478\" class=\"ng-star-inserted\">Mondiale era di 120 km con oltre 5000 metri di dislivello<\/b>. \u00c8 stata una delle gare pi\u00f9 dure degli ultimi anni, vinta in 6 ore; io ci ho messo 6 ore e 20 minuti.&#13;<br \/>\n&#13;<br \/>\n&#13;<\/p>\n<p><b _ngcontent-ng-c3517125192=\"\" data-start-index=\"2637\" class=\"ng-star-inserted\">In queste gare cos\u00ec dure, quanto conta il mezzo? Sei uno di quegli atleti &#8220;maniacali&#8221; con l&#8217;attrezzatura?<\/b><\/p>\n<p>&#13;<br \/>\n&#13;<\/p>\n<p>In mountain bike la precisione \u00e8 tutto. Scegliamo tra una <b _ngcontent-ng-c3517125192=\"\" data-start-index=\"2800\" class=\"ng-star-inserted\">bici biammortizzata (full)<\/b>, pi\u00f9 confortevole e veloce nei tratti tecnici, e una <b _ngcontent-ng-c3517125192=\"\" data-start-index=\"2880\" class=\"ng-star-inserted\">pi\u00f9 leggera (front)<\/b>, che pesa circa un chilo in meno ed \u00e8 ideale per le salite ripide.<\/p>\n<p>&#13;<br \/>\nSiamo attentissimi ai dettagli: gonfio le gomme a pressioni specifiche, come <b _ngcontent-ng-c3517125192=\"\" data-start-index=\"3044\" class=\"ng-star-inserted\">1.2 bar<\/b>, e c&#8217;\u00e8 chi arriva a chiedere 1.27! In discesa tocchiamo anche i <b _ngcontent-ng-c3517125192=\"\" data-start-index=\"3116\" class=\"ng-star-inserted\">70 km\/h sullo sterrato<\/b>; bisogna essere concentratissimi perch\u00e9 il rischio di cadere c&#8217;\u00e8 sempre.<\/p>\n<p><img decoding=\"async\" alt=\"\" src=\"https:\/\/www.europesays.com\/it\/wp-content\/uploads\/2025\/12\/apiceSx.jpg\" class=\"ApiceSx\" style=\"width: 20px; height: 20px; position: absolute; top: 0; left: 0;\"\/><img decoding=\"async\" alt=\"\" src=\"https:\/\/www.europesays.com\/it\/wp-content\/uploads\/2025\/12\/apiceDx.jpg\" class=\"ApiceDx\" style=\"width: 20px; height: 20px; position: absolute; bottom: 0; right: 0;\"\/><\/p>\n<p>In Alta Valtellina ho attaccato a met\u00e0 gara e ho fatto <strong>40 km da solo<\/strong><strong>.<\/strong> Tagliare quel traguardo e poter dedicare il successo a mio nonno \u00e8 stata un&#8217;emozione indescrivibile<\/p>\n<p><b _ngcontent-ng-c3517125192=\"\" data-start-index=\"3211\" class=\"ng-star-inserted\">Se chiudi gli occhi e pensi alla stagione 2025, qual \u00e8 il momento che ti porti nel cuore?<\/b><\/p>\n<p>&#13;<\/p>\n<p>Senza dubbio la vittoria in <b _ngcontent-ng-c3517125192=\"\" data-start-index=\"3328\" class=\"ng-star-inserted\">Alta Valtellina.<\/b><\/p>\n<p>&#13;<br \/>\n\u00a0\u00c8 stata una settimana difficilissima perch\u00e9 era appena mancato mio nonno; ero tornato dall&#8217;altura e non sapevo nemmeno se correre. La mia famiglia mi ha spinto a farlo, dicendomi di dedicargli l&#8217;eventuale vittoria. \u00c8 stata una gara epica: <b _ngcontent-ng-c3517125192=\"\" data-start-index=\"3584\" class=\"ng-star-inserted\">100 km sotto la pioggia con 5-6 gradi<\/b>, con atleti che si ritiravano per ipotermia. Ho attaccato a met\u00e0 gara e ho fatto <b _ngcontent-ng-c3517125192=\"\" data-start-index=\"3703\" class=\"ng-star-inserted\">40 km da solo<\/b>. Tagliare quel traguardo e poter dedicare il successo a mio nonno \u00e8 stata un&#8217;emozione indescrivibile.&#13;<br \/>\n&#13;<br \/>\n&#13;<\/p>\n<p><b _ngcontent-ng-c3517125192=\"\" data-start-index=\"3818\" class=\"ng-star-inserted\">Qual \u00e8 il tuo prossimo obiettivo? In cosa senti di dover ancora migliorare?<\/b><\/p>\n<p>&#13;<br \/>\n&#13;<\/p>\n<p>Non sono uno scalatore puro; peso 10-15 kg pi\u00f9 di alcuni miei avversari, quindi sulle salite lunghissime soffro un po&#8217;.<\/p>\n<p>&#13;<br \/>\nSono pi\u00f9 portato per i percorsi <b _ngcontent-ng-c3517125192=\"\" data-start-index=\"4045\" class=\"ng-star-inserted\">esplosivi<\/b>. L&#8217;obiettivo \u00e8 continuare a crescere con costanza, imparando dai grandi campioni che ho conosciuto in Nazionale, come Porro o Rabensteiner.&#13;<br \/>\n&#13;<br \/>\n<img loading=\"lazy\" decoding=\"async\" src=\"https:\/\/www.europesays.com\/it\/wp-content\/uploads\/2025\/12\/WhatsApp_Image_2025-12-26_at_15.04.07-1766758951526.jpeg\" alt=\"\" width=\"1920\" height=\"1279\"\/>&#13;<br \/>\n&#13;<br \/>\n&#13;<\/p>\n<p>Per capire lo sforzo di Stefano, potremmo paragonare la sua specialit\u00e0, la Marathon, a una <b _ngcontent-ng-c3517125192=\"\" data-start-index=\"4367\" class=\"ng-star-inserted\">partita a scacchi giocata durante una maratona in alta quota<\/b>: non basta avere i muscoli per correre, bisogna avere la lucidit\u00e0 millimetrica per scegliere dove mettere le ruote su ogni singola pietra mentre il cuore batte a mille e il freddo cerca di fermarti le gambe.<\/p>\n<p>&#13;<br \/>\n<img loading=\"lazy\" decoding=\"async\" src=\"https:\/\/www.europesays.com\/it\/wp-content\/uploads\/2025\/12\/Senza_titolo-1766759050274.jpg\" alt=\"\" width=\"1600\" height=\"893\"\/>&#13;<\/p>\n","protected":false},"excerpt":{"rendered":"Un asso delle due ruote si racconta.\u00a0In questa intervista, l&#8217;atleta Stefano Goria\u00a0campione di mountain bike in forza alla&hellip;\n","protected":false},"author":3,"featured_media":278688,"comment_status":"","ping_status":"","sticky":false,"template":"","format":"standard","meta":{"footnotes":""},"categories":[1456],"tags":[126682,3381,1824,1825,164112,1537,90,89,164109,164113,26797,164111,164110,164108,245,244,164107],"class_list":{"0":"post-278687","1":"post","2":"type-post","3":"status-publish","4":"format-standard","5":"has-post-thumbnail","7":"category-ciclismo","8":"tag-alta-valtellina","9":"tag-asti","10":"tag-ciclismo","11":"tag-cycling","12":"tag-fuoriluogo","13":"tag-it","14":"tag-italia","15":"tag-italy","16":"tag-montaldo-dalba","17":"tag-pinta-di-sport","18":"tag-porro","19":"tag-pro-villafranca","20":"tag-rabensteiner","21":"tag-scott-racing-team","22":"tag-sport","23":"tag-sports","24":"tag-stefano-goria"},"share_on_mastodon":{"url":"https:\/\/pubeurope.com\/@it\/115787465879881819","error":""},"_links":{"self":[{"href":"https:\/\/www.europesays.com\/it\/wp-json\/wp\/v2\/posts\/278687","targetHints":{"allow":["GET"]}}],"collection":[{"href":"https:\/\/www.europesays.com\/it\/wp-json\/wp\/v2\/posts"}],"about":[{"href":"https:\/\/www.europesays.com\/it\/wp-json\/wp\/v2\/types\/post"}],"author":[{"embeddable":true,"href":"https:\/\/www.europesays.com\/it\/wp-json\/wp\/v2\/users\/3"}],"replies":[{"embeddable":true,"href":"https:\/\/www.europesays.com\/it\/wp-json\/wp\/v2\/comments?post=278687"}],"version-history":[{"count":0,"href":"https:\/\/www.europesays.com\/it\/wp-json\/wp\/v2\/posts\/278687\/revisions"}],"wp:featuredmedia":[{"embeddable":true,"href":"https:\/\/www.europesays.com\/it\/wp-json\/wp\/v2\/media\/278688"}],"wp:attachment":[{"href":"https:\/\/www.europesays.com\/it\/wp-json\/wp\/v2\/media?parent=278687"}],"wp:term":[{"taxonomy":"category","embeddable":true,"href":"https:\/\/www.europesays.com\/it\/wp-json\/wp\/v2\/categories?post=278687"},{"taxonomy":"post_tag","embeddable":true,"href":"https:\/\/www.europesays.com\/it\/wp-json\/wp\/v2\/tags?post=278687"}],"curies":[{"name":"wp","href":"https:\/\/api.w.org\/{rel}","templated":true}]}}