{"id":278782,"date":"2025-12-26T20:42:11","date_gmt":"2025-12-26T20:42:11","guid":{"rendered":"https:\/\/www.europesays.com\/it\/278782\/"},"modified":"2025-12-26T20:42:11","modified_gmt":"2025-12-26T20:42:11","slug":"un-posto-al-sole-anticipazioni-upas-dal-29-dicembre-al-2-gennaio","status":"publish","type":"post","link":"https:\/\/www.europesays.com\/it\/278782\/","title":{"rendered":"Un Posto al sole: anticipazioni UPAS dal 29 dicembre al 2 gennaio"},"content":{"rendered":"<p class=\"paragraph\" spellcheck=\"true\">Soltanto il Presidente della Repubblica fermer\u00e0 <b>Un Posto al Sole<\/b>. Infatti la soap tutta italiana ambientata a Napoli andr\u00e0 regolarmente in onda tra luned\u00ec 29 dicembre e venerd\u00ec 2 gennaio, tranne il 31 dicembre quando, dopo il discorso del Presidente Mattarella, non ci sar\u00e0 una puntata della soap, come accade ogni anno.<\/p>\n<p class=\"paragraph\" spellcheck=\"true\">Prima di scoprire quello che ci aspetta nelle puntate della settimana a cavallo tra il 2025 e il 2026, vediamo dove <a href=\"https:\/\/www.gazzetta.it\/tv\/storie\/19-12-2025\/un-posto-al-sole-anticipazioni-upas-dal-22-al-26-dicembre-2025\/\" title=\"Un Posto al sole, le anticipazioni delle puntate dal 22 al 26 dicembre\" target=\"_blank\" rel=\"nofollow noopener\">eravamo rimasti<\/a>.\u00a0<\/p>\n<p class=\"paragraph\" spellcheck=\"true\">Mariella e Guido hanno trascorso il Natale con Sas\u00e0 e Castrese; Raffaele e Ornella si sono accorti che tra Ida e Diego c&#8217;\u00e8 un po&#8217; di tensione; Micaela perla con Niko e Manuela per capire cosa sia successo a Jimmy.\u00a0<\/p>\n","protected":false},"excerpt":{"rendered":"Soltanto il Presidente della Repubblica fermer\u00e0 Un Posto al Sole. Infatti la soap tutta italiana ambientata a Napoli&hellip;\n","protected":false},"author":3,"featured_media":278783,"comment_status":"","ping_status":"","sticky":false,"template":"","format":"standard","meta":{"footnotes":""},"categories":[1444],"tags":[11538,11539,5831,1518,11536,33303,1888,151393,73820,203,2614,204,1537,90,89,1691,9167,8202,11579,360,5046,253,4664,8434],"class_list":{"0":"post-278782","1":"post","2":"type-post","3":"status-publish","4":"format-standard","5":"has-post-thumbnail","7":"category-tv","8":"tag-ambientata","9":"tag-ambientata-napoli","10":"tag-andra","11":"tag-anticipazioni","12":"tag-anticipazioni-puntata","13":"tag-damiano","14":"tag-dicembre","15":"tag-dicembre-sole","16":"tag-eduardo","17":"tag-entertainment","18":"tag-gennaio","19":"tag-intrattenimento","20":"tag-it","21":"tag-italia","22":"tag-italy","23":"tag-lunedi","24":"tag-onda","25":"tag-puntata","26":"tag-soap","27":"tag-sole","28":"tag-stella","29":"tag-tv","30":"tag-upas","31":"tag-venerdi"},"share_on_mastodon":{"url":"https:\/\/pubeurope.com\/@it\/115787814862689877","error":""},"_links":{"self":[{"href":"https:\/\/www.europesays.com\/it\/wp-json\/wp\/v2\/posts\/278782","targetHints":{"allow":["GET"]}}],"collection":[{"href":"https:\/\/www.europesays.com\/it\/wp-json\/wp\/v2\/posts"}],"about":[{"href":"https:\/\/www.europesays.com\/it\/wp-json\/wp\/v2\/types\/post"}],"author":[{"embeddable":true,"href":"https:\/\/www.europesays.com\/it\/wp-json\/wp\/v2\/users\/3"}],"replies":[{"embeddable":true,"href":"https:\/\/www.europesays.com\/it\/wp-json\/wp\/v2\/comments?post=278782"}],"version-history":[{"count":0,"href":"https:\/\/www.europesays.com\/it\/wp-json\/wp\/v2\/posts\/278782\/revisions"}],"wp:featuredmedia":[{"embeddable":true,"href":"https:\/\/www.europesays.com\/it\/wp-json\/wp\/v2\/media\/278783"}],"wp:attachment":[{"href":"https:\/\/www.europesays.com\/it\/wp-json\/wp\/v2\/media?parent=278782"}],"wp:term":[{"taxonomy":"category","embeddable":true,"href":"https:\/\/www.europesays.com\/it\/wp-json\/wp\/v2\/categories?post=278782"},{"taxonomy":"post_tag","embeddable":true,"href":"https:\/\/www.europesays.com\/it\/wp-json\/wp\/v2\/tags?post=278782"}],"curies":[{"name":"wp","href":"https:\/\/api.w.org\/{rel}","templated":true}]}}