{"id":278831,"date":"2025-12-26T21:19:11","date_gmt":"2025-12-26T21:19:11","guid":{"rendered":"https:\/\/www.europesays.com\/it\/278831\/"},"modified":"2025-12-26T21:19:11","modified_gmt":"2025-12-26T21:19:11","slug":"incendio-in-via-forze-armate-a-fuoco-tetto-di-un-palazzo-soccorsi-e-traffico-bloccato","status":"publish","type":"post","link":"https:\/\/www.europesays.com\/it\/278831\/","title":{"rendered":"Incendio in via Forze Armate, a fuoco tetto di un palazzo: soccorsi e traffico bloccato"},"content":{"rendered":"<p>Incendio nella serata di venerd\u00ec 26 dicembre in via Forze Armate, a Milano. Nella serata di Santo Stefano \u00e8 divampato un rogo che ha interessato il tetto di un palazzo in zona Baggio.<\/p>\n<p>Incendio in via Forze Armate a Santo Stefano<\/p>\n<p>La chiamata con la richiesta di intervento \u00e8 scattata intorno alle 19 e dal comando provinciale dei vigili del fuoco di Milano sono partite sei squadre di pompieri. I vigili del fuoco hanno spento le fiamme e messo in sicurezza l&#8217;area: sul posto anche la polizia locale che si \u00e8 occupata della gestione della viabilit\u00e0 in zona dove il traffico \u00e8 rimasto bloccato a lungo per consentire l&#8217;intervento dei soccorsi.<\/p>\n<p>Intorno alle 20.30 del 26 dicembre erano ancora in corso le operazioni di spegnimento. Ignote al momento le cause all&#8217;origine del rogo.\u00a0<\/p>\n<p>Seguiranno aggiornamenti\u00a0<\/p>\n","protected":false},"excerpt":{"rendered":"Incendio nella serata di venerd\u00ec 26 dicembre in via Forze Armate, a Milano. Nella serata di Santo Stefano&hellip;\n","protected":false},"author":3,"featured_media":278832,"comment_status":"","ping_status":"","sticky":false,"template":"","format":"standard","meta":{"footnotes":""},"categories":[6],"tags":[14,8,459,1537,90,89,7,15,82,9,83,10,13,11,80,84,12,81,85],"class_list":{"0":"post-278831","1":"post","2":"type-post","3":"status-publish","4":"format-standard","5":"has-post-thumbnail","7":"category-ultime-notizie","8":"tag-cronaca","9":"tag-headlines","10":"tag-incendi","11":"tag-it","12":"tag-italia","13":"tag-italy","14":"tag-news","15":"tag-notizie","16":"tag-notizie-di-cronaca","17":"tag-notizie-principali","18":"tag-notiziedicronaca","19":"tag-notizieprincipali","20":"tag-titoli","21":"tag-ultime-notizie","22":"tag-ultime-notizie-di-cronaca","23":"tag-ultime-notizie-e-news-di-oggi","24":"tag-ultimenotizie","25":"tag-ultimenotiziedicronaca","26":"tag-ultimenotizieenewsdioggi"},"share_on_mastodon":{"url":"https:\/\/pubeurope.com\/@it\/115787960349766711","error":""},"_links":{"self":[{"href":"https:\/\/www.europesays.com\/it\/wp-json\/wp\/v2\/posts\/278831","targetHints":{"allow":["GET"]}}],"collection":[{"href":"https:\/\/www.europesays.com\/it\/wp-json\/wp\/v2\/posts"}],"about":[{"href":"https:\/\/www.europesays.com\/it\/wp-json\/wp\/v2\/types\/post"}],"author":[{"embeddable":true,"href":"https:\/\/www.europesays.com\/it\/wp-json\/wp\/v2\/users\/3"}],"replies":[{"embeddable":true,"href":"https:\/\/www.europesays.com\/it\/wp-json\/wp\/v2\/comments?post=278831"}],"version-history":[{"count":0,"href":"https:\/\/www.europesays.com\/it\/wp-json\/wp\/v2\/posts\/278831\/revisions"}],"wp:featuredmedia":[{"embeddable":true,"href":"https:\/\/www.europesays.com\/it\/wp-json\/wp\/v2\/media\/278832"}],"wp:attachment":[{"href":"https:\/\/www.europesays.com\/it\/wp-json\/wp\/v2\/media?parent=278831"}],"wp:term":[{"taxonomy":"category","embeddable":true,"href":"https:\/\/www.europesays.com\/it\/wp-json\/wp\/v2\/categories?post=278831"},{"taxonomy":"post_tag","embeddable":true,"href":"https:\/\/www.europesays.com\/it\/wp-json\/wp\/v2\/tags?post=278831"}],"curies":[{"name":"wp","href":"https:\/\/api.w.org\/{rel}","templated":true}]}}