{"id":279411,"date":"2025-12-27T08:35:46","date_gmt":"2025-12-27T08:35:46","guid":{"rendered":"https:\/\/www.europesays.com\/it\/279411\/"},"modified":"2025-12-27T08:35:46","modified_gmt":"2025-12-27T08:35:46","slug":"verissimo-heather-parisi-parla-del-rapporto-con-la-figlia-jacqueline-e-rivela-il-suo-desiderio","status":"publish","type":"post","link":"https:\/\/www.europesays.com\/it\/279411\/","title":{"rendered":"Verissimo, Heather Parisi parla del rapporto con la figlia Jacqueline e rivela il suo desiderio"},"content":{"rendered":"<p>Heather Parisi in questi giorni \u00e8 in Italia e, infatti, nei giorni scorsi \u00e8 stata a Cologno Monzese per registrare un&#8217;intervista trasmessa domenica 21 dicembre a Verissimo. Nel corso della chiacchierata con Silvia Toffanin, l&#8217;artista ha parlato del rapporto con le figlie avute non con Umberto Maria Anzolin, il suo attuale marito, con il quale invece ha avuto due figli, i gemelli Elizabeth e Dylan. La showgirl ha spiegato a Toffanin che \u00e8 gi\u00e0 riuscita a incontrare la primogenita Rebecca, che da pochi mesi \u00e8 diventata mamma di Sole. Heather Parisi ha avuto cos\u00ec la possibilit\u00e0 di vedere per la prima volta la nipote. \u201c\u00c8 splendida. \u00c8 sorridente: il naso si arriccia e gli occhi sorridono. Io la chiamo sunflower, girasole\u201d ha raccontato.<\/p>\n<p>Parisi ha poi spiegato di non essere invece ancora riuscita a incontrare l&#8217;altro nipotino, Enea, il figlio avuto dalla sua secondogenita Jacqueline con il cantante Ultimo. \u201cNon ho avuto ancora l&#8217;opportunit\u00e0 di conoscere Enea: mi piacerebbe moltissimo. Per\u00f2 siamo ancora qui per qualche giorno, siamo sotto Natale e incrociamo le dita e magari faremo anche questo incontro\u201d. Incalzata in maniera delicata da Toffanin sul rapporto con Jacqueline, seppure il nome della ragazza non sia stato fatto, Heather Parisi si \u00e8 detta speranzosa di poter recuperare un rapporto pi\u00f9 disteso con la figlia.<\/p>\n<p>\u201cDevo dire che sono molto orgogliosa di Rebecca e di Jacqueline. Sono diventate due donne indipendenti e soprattutto hanno trovato la loro strada nel lavoro e nella loro vita\u201d ha aggiunto. Piena condivisione anche da parte di mamma Heather anche per la scelta di discrezione adottata dalle due figlie: \u201cLoro sono molto riservati e schivi. Non si sono mai visti i loro figli sui giornali e sui social. Questo mi piace molto di Rebecca e Jacqueline: che seguiamo la stessa strada\u201d.<\/p>\n<p><a href=\"https:\/\/www.today.it\/gossip\/vip\/jacqueline-ultimo-foto-figlio-reazione-heather-parisi.html\" target=\"_blank\" rel=\"nofollow noopener\">&#8220;Sei la mamma migliore del mondo&#8221;. La madre di Ultimo scrive a Jacqueline: la reazione di Heather Parisi<\/a><a href=\"https:\/\/www.today.it\/gossip\/vip\/heahter-parisi-risposte-figlie-foto.html\" target=\"_blank\" rel=\"nofollow noopener\">&#8220;Sembra che hai solo due figli&#8221;. Heather Parisi per la prima volta risponde alle critiche sulle figlie<\/a><a href=\"https:\/\/www.today.it\/gossip\/vip\/ultimo-figlio-foto-jacqueline.html\" target=\"_blank\" rel=\"nofollow noopener\">Ultimo e Jacqueline, le immagini mai mostrate prima del parto e dei primi momenti con il figlio Enea. Cosa c&#8217;\u00e8 di vero sulla loro crisi<\/a>\u00a0<a href=\"https:\/\/www.today.it\/gossip\/vip\/jacqueline-ultimo-crisi-dichiarazioni.html\" target=\"_blank\" rel=\"nofollow noopener\">Jacqueline e Ultimo in crisi, la 25enne (finalmente) rompe il silenzio: le parole<\/a> <\/p>\n","protected":false},"excerpt":{"rendered":"Heather Parisi in questi giorni \u00e8 in Italia e, infatti, nei giorni scorsi \u00e8 stata a Cologno Monzese&hellip;\n","protected":false},"author":3,"featured_media":279412,"comment_status":"","ping_status":"","sticky":false,"template":"","format":"standard","meta":{"footnotes":""},"categories":[1444],"tags":[203,204,1537,90,89,253,22839],"class_list":{"0":"post-279411","1":"post","2":"type-post","3":"status-publish","4":"format-standard","5":"has-post-thumbnail","7":"category-tv","8":"tag-entertainment","9":"tag-intrattenimento","10":"tag-it","11":"tag-italia","12":"tag-italy","13":"tag-tv","14":"tag-verissimo"},"share_on_mastodon":{"url":"https:\/\/pubeurope.com\/@it\/115790618600382952","error":""},"_links":{"self":[{"href":"https:\/\/www.europesays.com\/it\/wp-json\/wp\/v2\/posts\/279411","targetHints":{"allow":["GET"]}}],"collection":[{"href":"https:\/\/www.europesays.com\/it\/wp-json\/wp\/v2\/posts"}],"about":[{"href":"https:\/\/www.europesays.com\/it\/wp-json\/wp\/v2\/types\/post"}],"author":[{"embeddable":true,"href":"https:\/\/www.europesays.com\/it\/wp-json\/wp\/v2\/users\/3"}],"replies":[{"embeddable":true,"href":"https:\/\/www.europesays.com\/it\/wp-json\/wp\/v2\/comments?post=279411"}],"version-history":[{"count":0,"href":"https:\/\/www.europesays.com\/it\/wp-json\/wp\/v2\/posts\/279411\/revisions"}],"wp:featuredmedia":[{"embeddable":true,"href":"https:\/\/www.europesays.com\/it\/wp-json\/wp\/v2\/media\/279412"}],"wp:attachment":[{"href":"https:\/\/www.europesays.com\/it\/wp-json\/wp\/v2\/media?parent=279411"}],"wp:term":[{"taxonomy":"category","embeddable":true,"href":"https:\/\/www.europesays.com\/it\/wp-json\/wp\/v2\/categories?post=279411"},{"taxonomy":"post_tag","embeddable":true,"href":"https:\/\/www.europesays.com\/it\/wp-json\/wp\/v2\/tags?post=279411"}],"curies":[{"name":"wp","href":"https:\/\/api.w.org\/{rel}","templated":true}]}}