{"id":279460,"date":"2025-12-27T09:21:11","date_gmt":"2025-12-27T09:21:11","guid":{"rendered":"https:\/\/www.europesays.com\/it\/279460\/"},"modified":"2025-12-27T09:21:11","modified_gmt":"2025-12-27T09:21:11","slug":"team-mbh-bank-ballan-csb-13","status":"publish","type":"post","link":"https:\/\/www.europesays.com\/it\/279460\/","title":{"rendered":"TEAM MBH BANK &#8211; BALLAN &#8211; CSB"},"content":{"rendered":"<p>Si chiude con <strong>un bilancio ampiamente positivo la stagione del team MBH Bank Ballan CSB Colpack<\/strong>, che dal punto di vista numerico registra <strong>21 vittorie, 11 secondi posti e 14 terzi posti.<\/strong> Numeri che raccontano in modo chiaro la solidit\u00e0 e la profondit\u00e0 di un progetto costruito sul valore del collettivo. Nel corso dell\u2019anno la squadra \u00e8 riuscita a <strong>conquistare successi con 12 corridori diversi<\/strong>, dato particolarmente significativo che testimonia la capacit\u00e0 del gruppo di esprimere protagonisti in contesti e tipologie di gara differenti, senza dipendere da un unico leader.\n            <\/p>\n<p>Ancora pi\u00f9 eloquente il dato complessivo dei piazzamenti: <strong>16 atleti sono saliti almeno una volta sul podio<\/strong>, confermando l\u2019ampia competitivit\u00e0 della rosa e l\u2019efficacia del lavoro quotidiano svolto da corridori e staff tecnico. Un risultato che riflette una crescita diffusa e costante, frutto di programmazione, fiducia e responsabilizzazione dei singoli all\u2019interno di una visione condivisa.\n            <\/p>\n<p>Il team si conferma cos\u00ec come un collettivo giovane, strutturato e orientato al futuro, capace non solo di ottenere risultati immediati ma anche di costruire prospettive di alto livello: <strong>12 atleti passeranno professionisti nel 2026<\/strong> (compreso Novak alla Movistar), a dimostrazione della qualit\u00e0 del percorso di formazione e della credibilit\u00e0 del progetto agli occhi del ciclismo internazionale.<\/p>\n<p><strong>I corridori che hanno ottenuto almeno una vittoria stagionale sono<\/strong>: Matteo Ambrosini, Lorenzo Nespoli, Matteo Fiorin, Lorenzo Masciarelli, Leonardo Vesco, Diego Bracalente, Pavel Novak, Zsombor Tak\u00e1cs, Cesare Chesini, Luca Cretti, Manuel Oioli e Samuel Quaranta.<\/p>\n<p><strong>I plurivincitori della stagione sono Luca Cretti e Cesare Chesini, entrambi con tre successi,<\/strong> tra cui spicca il Tour of Romania. Seguono a quota due Novak, Tak\u00e1cs, Ambrosini, Fiorin e Vesco. Da segnalare inoltre il prestigioso podio al Giro d\u2019Italia Next Gen, con Pavel Novak terzo nella classifica generale e vincitore della tappa regina.<\/p>\n<p>A questi risultati vanno aggiunte anche le affermazioni su pista e nel ciclocross, disciplina nella quale gli atleti sono impegnati anche in questi giorni: Matteo Fiorin ha conquistato la vittoria a Novo Mesto (Slovenia), mentre Zsombor Tak\u00e1cs si \u00e8 piazzato ad Anversa (Belgio).<\/p>\n<p>A tracciare il bilancio \u00e8 <strong>il Team Manager Antonio Bevilacqua: \u00abChiudiamo una stagione positiva, con vittorie di qualit\u00e0 e un gruppo che \u00e8 cresciuto in maniera evidente<\/strong>. Abbiamo coperto tutta la stagione con grande continuit\u00e0, programmando in modo scientifico la preparazione. Di fatto ci siamo preparati al salto di categoria lavorando gi\u00e0 con professionalit\u00e0 in tutti i settori\u00bb.<\/p>\n<p>Lo sguardo \u00e8 gi\u00e0 rivolto al futuro: \u00abSappiamo di essere una matricola, ma <strong>riteniamo di aver allestito un progetto tecnicamente valido sotto ogni aspetto<\/strong>. Il nostro obiettivo \u00e8 entrare tra le prime 30 squadre al mondo e ottenere inviti in gare di alto livello. Abbiamo lavorato molto e ci apprestiamo a vivere questo nuovo impegno con grande seriet\u00e0\u00bb.<\/p>\n<p><strong>I CORRIDORI DEL 2026:<\/strong><br \/>\u00a0 Mark Valent<br \/>\u00a0 \u00a0 Balint Makrai<br \/>\u00a0 \u00a0 Luca Cretti<br \/>\u00a0 \u00a0 Tacaks Zsombor<br \/>\u00a0 \u00a0 Lorenzo Masciarelli<br \/>\u00a0 \u00a0 Marton Dina<br \/>\u00a0 \u00a0 Barnabas Peak\u00a0<br \/>\u00a0 \u00a0 Lorenzo Nespoli<br \/>\u00a0 \u00a0 Diego Bracalente<br \/>\u00a0 \u00a0 Edoardo Cipollini<br \/>\u00a0 \u00a0 Matteo Ambrosini<br \/>\u00a0 \u00a0 Cesare Chesini<br \/>\u00a0 \u00a0 Fausto Masnada<br \/>\u00a0 \u00a0 Davide Persico<br \/>\u00a0 \u00a0 Ale Fancellu<br \/>\u00a0 \u00a0 Cristian Bagatin<br \/>\u00a0 \u00a0 Filip Gruszczynski\u00a0<br \/>\u00a0 \u00a0 Nicol\u00f2 Buratti\u00a0<br \/>\u00a0 \u00a0 Samuele Zoccarato<br \/>\u00a0 \u00a0 Marcin Budzinski<br \/>\u00a0 \u00a0 Alessandro Verre<\/p>\n","protected":false},"excerpt":{"rendered":"Si chiude con un bilancio ampiamente positivo la stagione del team MBH Bank Ballan CSB Colpack, che dal&hellip;\n","protected":false},"author":3,"featured_media":279461,"comment_status":"","ping_status":"","sticky":false,"template":"","format":"standard","meta":{"footnotes":""},"categories":[1456],"tags":[1824,1825,3436,1537,90,89,24290,245,244,7587],"class_list":{"0":"post-279460","1":"post","2":"type-post","3":"status-publish","4":"format-standard","5":"has-post-thumbnail","7":"category-ciclismo","8":"tag-ciclismo","9":"tag-cycling","10":"tag-giovani-talenti","11":"tag-it","12":"tag-italia","13":"tag-italy","14":"tag-mbh-bank-ballan","15":"tag-sport","16":"tag-sports","17":"tag-under23"},"share_on_mastodon":{"url":"https:\/\/pubeurope.com\/@it\/115790799322806006","error":""},"_links":{"self":[{"href":"https:\/\/www.europesays.com\/it\/wp-json\/wp\/v2\/posts\/279460","targetHints":{"allow":["GET"]}}],"collection":[{"href":"https:\/\/www.europesays.com\/it\/wp-json\/wp\/v2\/posts"}],"about":[{"href":"https:\/\/www.europesays.com\/it\/wp-json\/wp\/v2\/types\/post"}],"author":[{"embeddable":true,"href":"https:\/\/www.europesays.com\/it\/wp-json\/wp\/v2\/users\/3"}],"replies":[{"embeddable":true,"href":"https:\/\/www.europesays.com\/it\/wp-json\/wp\/v2\/comments?post=279460"}],"version-history":[{"count":0,"href":"https:\/\/www.europesays.com\/it\/wp-json\/wp\/v2\/posts\/279460\/revisions"}],"wp:featuredmedia":[{"embeddable":true,"href":"https:\/\/www.europesays.com\/it\/wp-json\/wp\/v2\/media\/279461"}],"wp:attachment":[{"href":"https:\/\/www.europesays.com\/it\/wp-json\/wp\/v2\/media?parent=279460"}],"wp:term":[{"taxonomy":"category","embeddable":true,"href":"https:\/\/www.europesays.com\/it\/wp-json\/wp\/v2\/categories?post=279460"},{"taxonomy":"post_tag","embeddable":true,"href":"https:\/\/www.europesays.com\/it\/wp-json\/wp\/v2\/tags?post=279460"}],"curies":[{"name":"wp","href":"https:\/\/api.w.org\/{rel}","templated":true}]}}