{"id":279551,"date":"2025-12-27T10:39:12","date_gmt":"2025-12-27T10:39:12","guid":{"rendered":"https:\/\/www.europesays.com\/it\/279551\/"},"modified":"2025-12-27T10:39:12","modified_gmt":"2025-12-27T10:39:12","slug":"mattia-cozzi-sul-tetto-del-pianeta-grazie-al-mondiale-per-club","status":"publish","type":"post","link":"https:\/\/www.europesays.com\/it\/279551\/","title":{"rendered":"Mattia Cozzi sul tetto del Pianeta grazie al Mondiale per Club"},"content":{"rendered":"<p>Su WhatsApp la sua foto personale \u00e8 un abbraccio speciale. Quella che <strong>Mattia Cozzi<\/strong>, oggi terzo allenatore dell\u2019head coach di<strong> Savino Del Bene Scandicci<\/strong> Marco Gaspari, ha scelto di tenere \u00e8 l\u2019istantanea che racconta una fine, ma anche un inizio. <\/p>\n<p>L\u2019abbraccio \u00e8 quello del 21 gennaio 2024 fra Cozzi, classe 1994, e lo staff della <a href=\"https:\/\/www.giornaledibrescia.it\/sport\/volley\/serie-a2-valsabbina-brescia-millenium-offanengo-m4pc8zb2\" target=\"_blank\" rel=\"nofollow noopener\"><strong>Banca Valsabbina Millenium Brescia<\/strong><\/a>: coach Alessandro Beltrami era stato esonerato da pochi giorni e Cozzi, il suo secondo, aveva avuto il compito di guidare la squadra in quella partita, per cederla subito dopo al nuovo allenatore Matteo Solforati. Dopo 5 sconfitte consecutive, proprio con lui in panchina, arriva la vittoria per ripartire. <\/p>\n<p>Il racconto <\/p>\n<p>\u00abQuell\u2019annata per via di tutte le complicazioni, mi ha insegnato tanto &#8211; racconta Cozzi -. Beltrami \u00e8 un amico, un esempio, mi ha dato tanto sia come persona che come allenatore, sono cresciuto e quel momento mi ha formato ulteriormente. Quella settimana &#8211; dice ancora il 31enne &#8211; fu complicata emotivamente, la gioia era mischiata allo sconforto: ero felice di avercela fatta, ma ero triste per non poterla festeggiare con Beltrami\u00bb. <\/p>\n<p> <img alt=\"I festeggiamenti dopo il trionfo al Mondiale per club\" loading=\"lazy\" width=\"800\" height=\"450\" decoding=\"async\" data-nimg=\"1\" style=\"color:transparent\" src=\"https:\/\/www.europesays.com\/it\/wp-content\/uploads\/2025\/12\/i-festeggiamenti-dopo-il-trionfo-al-mondiale-per-club.webp\"\/><\/p>\n<p>I festeggiamenti dopo il trionfo al Mondiale per club<\/p>\n<p>Una felicit\u00e0 simile, perch\u00e9 forse non del tutto esprimibile, \u00e8 quella che Cozzi, bresciano di Ro\u00e8 Volciano, ha vissuto il 14 dicembre con Scandicci, <strong>ossia la vittoria della finale del Mondiale per Club<\/strong>: \u00abQuando mi hanno chiesto di commentare la vittoria ho risposto &#8220;Io\u2026 boh&#8221; &#8211; racconta Cozzi &#8211; perch\u00e9 \u00e8 tutto bellissimo, ma difficile da descrivere. Ancora oggi non so dare aggettivi, penso a tutte le stagioni fatte, alle tante lacrime versate, ai tanti sacrifici che rifarei tutti e che continuer\u00f2 a fare. Dopo qualche delusione sportiva da digerire, prima con Brescia e poi con Chieri, \u00e8 arrivata questa soddisfazione immensa. Si \u00e8 avverato uno dei sogni che avevo da bambino\u00bb. <\/p>\n<p>Il percorso <\/p>\n<p>Cozzi, infatti, prima di arrivare a Scandicci ha vissuto la vera gavetta: \u00abDopo essermi laureato in scienze motorie non sapevo bene dove sarei finito &#8211; spiega &#8211; . L\u2019unica cosa che volevo era restare nello sport, dopo qualche prima esperienza. <strong>Millenium mi ha accolto e mi ha cresciuto<\/strong>. Ho seguito il settore giovanile e poi sono approdato alla serie A. Dopo un\u2019esperienza con la Nazionale Svedese e con Chieri ora ho la fortuna di essere a Scandicci dove umanamente e professionalmente mi hanno accolto benissimo\u00bb. <\/p>\n<p>Una carriera in ascesa quella di Cozzi che prima o poi far\u00e0 il grande passo: \u00abHo fatto la gavetta perch\u00e9 <strong>la mia ambizione \u00e8 quella di diventare un giorno head coach<\/strong>, ho ancora da imparare, ma mi piace alzare l\u2019asticella ogni anno. Allenare a Brescia? Indubbiamente mi piacerebbe ritornare su quel campo, in quella palestra, con la stessa societ\u00e0 che mi ha preso per farmi crescere, sarebbe incredibile, la chiusura di un cerchio\u00bb. <\/p>\n","protected":false},"excerpt":{"rendered":"Su WhatsApp la sua foto personale \u00e8 un abbraccio speciale. Quella che Mattia Cozzi, oggi terzo allenatore dell\u2019head&hellip;\n","protected":false},"author":3,"featured_media":279552,"comment_status":"","ping_status":"","sticky":false,"template":"","format":"standard","meta":{"footnotes":""},"categories":[1474],"tags":[1537,90,89,245,244,1869],"class_list":{"0":"post-279551","1":"post","2":"type-post","3":"status-publish","4":"format-standard","5":"has-post-thumbnail","7":"category-volley","8":"tag-it","9":"tag-italia","10":"tag-italy","11":"tag-sport","12":"tag-sports","13":"tag-volley"},"share_on_mastodon":{"url":"https:\/\/pubeurope.com\/@it\/115791106586630704","error":""},"_links":{"self":[{"href":"https:\/\/www.europesays.com\/it\/wp-json\/wp\/v2\/posts\/279551","targetHints":{"allow":["GET"]}}],"collection":[{"href":"https:\/\/www.europesays.com\/it\/wp-json\/wp\/v2\/posts"}],"about":[{"href":"https:\/\/www.europesays.com\/it\/wp-json\/wp\/v2\/types\/post"}],"author":[{"embeddable":true,"href":"https:\/\/www.europesays.com\/it\/wp-json\/wp\/v2\/users\/3"}],"replies":[{"embeddable":true,"href":"https:\/\/www.europesays.com\/it\/wp-json\/wp\/v2\/comments?post=279551"}],"version-history":[{"count":0,"href":"https:\/\/www.europesays.com\/it\/wp-json\/wp\/v2\/posts\/279551\/revisions"}],"wp:featuredmedia":[{"embeddable":true,"href":"https:\/\/www.europesays.com\/it\/wp-json\/wp\/v2\/media\/279552"}],"wp:attachment":[{"href":"https:\/\/www.europesays.com\/it\/wp-json\/wp\/v2\/media?parent=279551"}],"wp:term":[{"taxonomy":"category","embeddable":true,"href":"https:\/\/www.europesays.com\/it\/wp-json\/wp\/v2\/categories?post=279551"},{"taxonomy":"post_tag","embeddable":true,"href":"https:\/\/www.europesays.com\/it\/wp-json\/wp\/v2\/tags?post=279551"}],"curies":[{"name":"wp","href":"https:\/\/api.w.org\/{rel}","templated":true}]}}