{"id":279594,"date":"2025-12-27T11:17:23","date_gmt":"2025-12-27T11:17:23","guid":{"rendered":"https:\/\/www.europesays.com\/it\/279594\/"},"modified":"2025-12-27T11:17:23","modified_gmt":"2025-12-27T11:17:23","slug":"anime-preview-trailer-e-novita-per-medalist-demon-slave-e-molto-altro","status":"publish","type":"post","link":"https:\/\/www.europesays.com\/it\/279594\/","title":{"rendered":"Anime Preview: trailer e novit\u00e0 per Medalist, Demon Slave e molto altro"},"content":{"rendered":"<p>            Il sito ufficiale di <a href=\"https:\/\/www.animeclick.it\/anime\/62921\/yoroi-shin-den-samurai-troopers\" rel=\"nofollow noopener\" target=\"_blank\"><strong>Yoroi Shin Den Samurai Troopers<\/strong><\/a>, sequel dell&#8217;anime di fine anni &#8217;80 trasmesso in Italia con il titolo\u00a0<a href=\"https:\/\/www.animeclick.it\/anime\/2183\/5-samurai\" rel=\"nofollow noopener\" target=\"_blank\">I cinque samurai<\/a>, ha pubblicato di recente un nuovo video promozionale e annunciato ulteriori componenti che si uniranno al cast della serie, in arrivo il 6 gennaio.\u00a0<br \/>\n\u00a0\u00a0<\/p>\n<p>Sequel della serie di fine anni &#8217;80, l&#8217;anime sar\u00e0 ambientato ai giorni nostri, con nuovi guerrieri. Quando il sigillo del Mondo Demoniaco, che un tempo aveva gettato nel terrore il mondo degli esseri umani, si spezza, innumerevoli soldati demoniaci iniziano la loro invasione. A soccorrere l\u2019umanit\u00e0 in pericolo accorrono cinque giovani samurai. Il loro nome \u00e8 Samurai Troopers. I giorni della loro battaglia stanno per cominciare di nuovo.<\/p>\n<p>\u00a0<img decoding=\"async\" alt=\"Yoroi Shin Den Samurai Troopers\" src=\"https:\/\/www.europesays.com\/it\/wp-content\/uploads\/2025\/12\/0Yoroi Shin Den Samurai Troopers.jpeg\" style=\"margin: 0px;\" title=\"Yoroi Shin Den Samurai Troopers\"\/><br \/>\nIl sequel \u00e8 ambientato nella Shinjuku dei giorni nostri e racconta la storia di cinque ragazzi che indossano le armature samurai Yoroi Gear per combattere l\u2019imperatore dei demoni Arago.<\/p>\n<p>I restanti membri del cast dei \u201cDieci Prodi\u201d, al servizio di Ramaga, imperatore del Regno Demoniaco, sono:<br \/>\u00a0<\/p>\n<p>\u00a0<img decoding=\"async\" alt=\"Yoroi cast\" src=\"https:\/\/www.europesays.com\/it\/wp-content\/uploads\/2025\/12\/Yoroi cast.jpg\" style=\"margin: 0px;\" title=\"Yoroi cast\"\/>\u00a0<img decoding=\"async\" alt=\"Mochizuki\" src=\"https:\/\/www.europesays.com\/it\/wp-content\/uploads\/2025\/12\/Mochizuki.jpg\" style=\"margin: 0px;\" title=\"Mochizuki\"\/><br \/>\nPer consultare gli altri componenti del cast e tutto lo staff, vi rimandiamo a <a href=\"https:\/\/www.animeclick.it\/news\/108991-anime-preview-trailer-e-novita-per-ikoku-nikki-il-sequel-de-i-cinque-samurai-e-molto-altro\" rel=\"nofollow noopener\" target=\"_blank\">questa pi\u00f9 recente notizia<\/a> dedicata.<\/p>\n<p>In Italia sono arrivati, per\u00a0<strong>Sprea<\/strong>, due adattamenti manga,\u00a0<a href=\"https:\/\/www.animeclick.it\/manga\/49904\/yoroiden-samurai-troopers\" rel=\"nofollow noopener\" target=\"_blank\">I cinque samurai &#8211; Yoroiden Samurai Troopers<\/a>, e\u00a0<a href=\"https:\/\/www.animeclick.it\/manga\/49976\/shin-yoroiden-samurai-trooper\" rel=\"nofollow noopener\" target=\"_blank\">I cinque samurai &#8211; Shin Yoroiden Samurai Troopers<\/a>, mentre l&#8217;anime \u00e8 tuttora in corso e disponibile grazie a\u00a0<strong>Yamato Video<\/strong>\u00a0su\u00a0<strong>ANiME GENERATION<\/strong>, il canale tematico di\u00a0<strong>Amazon Prime Video<\/strong>, in una nuova versione rimasterizzata in HD, con audio restaurato e reintegrato delle parti mancanti.<br \/>\u00a0<\/p>\n<p>\nLo staff di <strong><a href=\"https:\/\/www.animeclick.it\/anime\/50011\/medalist\" rel=\"nofollow noopener\" target=\"_blank\">Medalist<\/a><\/strong>, adattamento televisivo animato del <a href=\"https:\/\/www.animeclick.it\/manga\/35043\/medalist\" rel=\"nofollow noopener\" target=\"_blank\">manga<\/a> di pattinaggio artistico olimpico ad opera di <a href=\"https:\/\/www.animeclick.it\/autore\/74119\/tsurumaikada\" rel=\"nofollow noopener\" target=\"_blank\">Tsurumaikada<\/a>, ha diffuso negli scorsi giorni un nuovo video promozionale della seconda stagione. Il trailer rivela e anticipa inoltre la sigla di chiusura \u201cRookies\u201d, interpretata dai <a href=\"https:\/\/www.animeclick.it\/autore\/99437\/conton-candy\" rel=\"nofollow noopener\" target=\"_blank\">Conton Candy<\/a>. La serie \u00e8 prevista in uscita il 24 gennaio.<br \/>\n\u00a0<br \/>\nLo staff ha inoltre pubblicato un character video incentrato su Iruka Okazaki:<br \/>\n\u00a0\u00a0<\/p>\n<p>Trama della prima stagione: Tsukasa, un giovane che ha visto i suoi sogni infrangersi molto presto, e Inori, una ragazzina in cui nessuno crede, hanno entrambi un obiettivo per cui vale la pena dare tutto loro stessi. Di fronte alle avversit\u00e0 che si parano di fronte a loro, i due rispondono con una tenacia senza pari, e insieme puntano a diventare due figure degne del pattinaggio professionistico mondiale.<\/p>\n<p>\u00a0<img decoding=\"async\" alt=\"Medalist\" src=\"https:\/\/www.europesays.com\/it\/wp-content\/uploads\/2025\/12\/Medalist.jpeg\" style=\"margin: 0px;\" title=\"Medalist\"\/><br \/>\nI primi due episodi della seconda stagione saranno proiettati in anteprima il 17 gennaio al Marunouchi Piccadilly di Tokyo, e per tutti i dettagli relativi al cast e allo staff di questa nuova stagione, vi consigliamo di consultare <a href=\"https:\/\/www.animeclick.it\/news\/109063-medalist-nuovo-trailer-e-data-di-debutto-per-la-seconda-stagione\" rel=\"nofollow noopener\" target=\"_blank\">questa news dedicata<\/a>.<\/p>\n<p>Ricordiamo che la prima stagione \u00e8 stata trasmessa in Italia ed \u00e8 disponibile su <strong>Disney+<\/strong>.<\/p>\n<p><a href=\"https:\/\/www.animeclick.it\/autore\/74119\/tsurumaikada\" title=\"Vai alla scheda dell&#039;autore.\" rel=\"nofollow noopener\" target=\"_blank\">Tsurumaikada<\/a>\u00a0ha iniziato a serializzare il suo manga a maggio 2020 sulla rivista\u00a0<a href=\"https:\/\/www.animeclick.it\/rivista\/6\/afternoon\" title=\"Afternoon\" rel=\"nofollow noopener\" target=\"_blank\">Afternoon<\/a>, di\u00a0<a href=\"https:\/\/www.animeclick.it\/autore\/1113\/kodansha\" rel=\"nofollow noopener\" target=\"_blank\"><b>Kodansha<\/b><\/a>, mentre in Italia l&#8217;opera \u00e8\u00a0edita da\u00a0<b>J-POP Manga<\/b>. Il manga ha vinto nella categoria Miglior Manga Generale alla 68\u00aa edizione degli\u00a0Shogakukan Manga Awards\u00a0nel 2023. Ha vinto anche il premio come Miglior Manga Generale alla 48\u00aa edizione dei\u00a0Kodansha Manga Awards\u00a0nel maggio 2024.<br \/>\u00a0<\/p>\n<p>\n<a href=\"https:\/\/www.animeclick.it\/autore\/177\/aniplex\" rel=\"nofollow noopener\" target=\"_blank\"><strong>Aniplex<\/strong><\/a> ha annunciato tramite un nuovo teaser trailer, diffuso negli scorsi giorni, che <a href=\"https:\/\/www.animeclick.it\/anime\/61267\/toujima-tanzaburou-wa-kamen-rider-ni-naritai\" rel=\"nofollow noopener\" target=\"_blank\"><strong>Tojima Tanzaburo Wants to be a Masked Rider<\/strong><\/a>\u00a0(Tanzabur\u014d wa Kamen Rider ni Naritai), adattamento animato del\u00a0<a href=\"https:\/\/www.animeclick.it\/manga\/39350\/tojima-tanzaburo-wa-kamen-rider-ni-naritai\" rel=\"nofollow noopener\" target=\"_blank\">manga<\/a>\u00a0di\u00a0<a href=\"https:\/\/www.animeclick.it\/autore\/2602\/yokusaru-shibata\" title=\"Vai alla scheda dell&#039;autore.\" rel=\"nofollow noopener\" target=\"_blank\">Yokusaru Shibata<\/a>, sar\u00e0 trasmesso per due cour consecutivi, con la seconda parte in onda a partire dal 10 gennaio.<br \/>\n\u00a0\u00a0<\/p>\n<p>Tanzabur\u014d T\u014djima ha appena compiuto quarant&#8217;anni ma non ha mai smesso di inseguire il suo sogno: diventare un Kamen Rider. Proprio quando stava per arrendersi finisce coinvolto in una rapina fatta da un &#8220;falso Shocker&#8221;.<\/p>\n<p>\u00a0<img decoding=\"async\" alt=\"Tojima Wants to Be a Kamen Rider\" src=\"https:\/\/www.europesays.com\/it\/wp-content\/uploads\/2025\/12\/Tojima Wants to Be a Kamen Rider.jpeg\" style=\"margin: 0px;\" title=\"Tojima Wants to Be a Kamen Rider\"\/><br \/>\nRicordiamo che la prima parte ha debuttato il 4 ottobre di quest&#8217;anno in streaming su <strong>Crunchyroll\u00a0<\/strong>e per consultare ulteriori dettagli sull&#8217;anime, cos\u00ec come il cast e lo staff, vi rimandiamo a\u00a0<a href=\"https:\/\/www.animeclick.it\/news\/108195-tojima-wants-to-be-a-kamen-rider-trailer-e-altre-novita-per-lanime-in-arrivo\" rel=\"nofollow noopener\" target=\"_blank\">questa news<\/a>.<\/p>\n<p>Il <a href=\"https:\/\/www.animeclick.it\/manga\/39350\/tojima-tanzaburo-wa-kamen-rider-ni-naritai\" rel=\"nofollow noopener\" target=\"_blank\">manga<\/a>\u00a0di\u00a0Yokusaru Shibata, serializzato a partire dal 2018, \u00e8 attualmente in corso e conta diciassette volumi al suo attivo.<br \/>\u00a0<\/p>\n<p>\nNel corso dell\u2019evento <strong>Jump Festa \u201926<\/strong>, tenutosi lo scorso weekend, sono stati svelati il secondo video promozionale e diversi nuovi membri del cast della seconda stagione di <a href=\"https:\/\/www.animeclick.it\/anime\/40462\/mato-seihei-no-slave\" rel=\"nofollow noopener\" target=\"_blank\"><strong>Demon Slave<\/strong><\/a>, adattamento animato del\u00a0<a href=\"https:\/\/www.animeclick.it\/manga\/27016\/mato-seihei-no-slave\" rel=\"nofollow noopener\" target=\"_blank\">manga<\/a>\u00a0di\u00a0<a href=\"https:\/\/www.animeclick.it\/autore\/6532\/takahiro\" rel=\"nofollow noopener\" target=\"_blank\">Takahiro<\/a>\u00a0e\u00a0<a href=\"https:\/\/www.animeclick.it\/autore\/25463\/youhei-takemura\" rel=\"nofollow noopener\" target=\"_blank\">Youhei Takemura<\/a>. Il video anticipa anche la sigla di apertura, dal titolo \u201cHikari yo, Boku ni\u201d, interpretata da <a href=\"https:\/\/www.animeclick.it\/autore\/22427\/akari-kit\u014d\" rel=\"nofollow noopener\" target=\"_blank\">Akari Kit\u014d<\/a>.<\/p>\n<p>La serie far\u00e0 il suo debutto televisivo l&#8217;8 gennaio, mentre una versione non censurata dell&#8217;anime arriver\u00e0 il 13 gennaio.<br \/>\u00a0<\/p>\n<p>\u00a0Trama della prima stagione. Anno 2020: da qualche tempo nel mondo sono apparsi dei misteriosi varchi verso un universo parallelo. Questa dimensione, chiamata Mato, \u00e8 popolata da terribili mostri che minacciano di uscire nel mondo reale; allo stesso tempo, tuttavia, presenta una nuova fonte di energia detta &#8220;Pesche&#8221;. Le Pesche, misteriosamente, sono capaci di donare incredibili poteri alle donne umane: per questo motivo gli uomini ricoprono ormai un ruolo sempre pi\u00f9 marginale nella societ\u00e0. Per combattere i mostri, inoltre, \u00e8 stato istituito un corpo di combattimento Anti-demone formato unicamente da ragazze dotate di grandi poteri grazie alle Pesche.<\/p>\n<p>Un giorno, uno studente di nome Yuuki si ritrova improvvisamente trasportato all&#8217;interno di Mato; a correre in suo aiuto \u00e8 Kyouka, capitano della Settima Unit\u00e0 Anti-demoni. Riconoscendo il suo potenziale latente e avendo bisogno di lui per potenziare le abilit\u00e0 legate alla propria Pesca, Kyouka chiede al ragazzo di unirsi al corpo di combattimento&#8230; in qualit\u00e0 di suo schiavo! Questo incarico, per\u00f2, sembra destinato a riservare a Yuuki molti pi\u00f9 vantaggi di quanti non si aspettasse inizialmente&#8230;<\/p>\n<p>\u00a0<img decoding=\"async\" alt=\"Demon Slave\" src=\"https:\/\/www.europesays.com\/it\/wp-content\/uploads\/2025\/12\/Demon Slave.jpeg\" style=\"margin: 0px;\" title=\"Demon Slave\"\/><br \/>\nFaranno parte del cast:<br \/>\n\u00a0<br \/>\nSi aggiungono poi:<br \/>\n\u00a0\u00a0<img decoding=\"async\" alt=\"Demon Slave cast\" src=\"https:\/\/www.europesays.com\/it\/wp-content\/uploads\/2025\/12\/Demon Slave cast.jpg\" style=\"margin: 0px;\" title=\"Demon Slave cast\"\/><br \/>\nVi consigliamo di <a href=\"https:\/\/www.animeclick.it\/news\/108097-demon-slave-trailer-per-la-seconda-stagione-dellanime-ecchi-fantasy\" rel=\"nofollow noopener\" target=\"_blank\">cliccare qui<\/a> per consultare tutto lo staff di questa nuova stagione.<\/p>\n<p>La prima stagione \u00e8 disponibile in streaming su\u00a0<strong>Anime Generation<\/strong>.\u00a0Il manga viene serializzato su\u00a0<a href=\"https:\/\/www.animeclick.it\/rivista\/586\/shounen-jump\" itemprop=\"keywords\" title=\"Shounen Jump +\" rel=\"nofollow noopener\" target=\"_blank\">Sh\u014dnen Jump +<\/a>\u00a0di\u00a0<strong><a href=\"https:\/\/www.animeclick.it\/autore\/874\/shueisha\" title=\"Vai alla scheda dell&#039;autore.\" rel=\"nofollow noopener\" target=\"_blank\">Shueisha<\/a>\u00a0<\/strong>dal 2019, e conta a oggi diciannove volumi all&#8217;attivo; in Italia \u00e8 edito da\u00a0<strong>Planet Manga<\/strong>.<\/p>\n<p><strong>Fonti consultate:<\/strong><br \/><a href=\"https:\/\/www.animenewsnetwork.com\/news\/2025-12-23\/yoroi-shin-den-samurai-troopers-anime-reveals-2nd-promo-video-5-more-cast-members\/.232434\" target=\"_blank\" rel=\"nofollow noopener\">Anime News Network l<\/a>, <a href=\"https:\/\/www.animenewsnetwork.com\/news\/2025-12-23\/medalist-season-2-anime-unveils-ending-song-artist-in-new-promo-video\/.232431\" target=\"_blank\" rel=\"nofollow noopener\">ll<\/a>, <a href=\"https:\/\/www.animenewsnetwork.com\/news\/2025-12-20\/tojima-wants-to-be-a-kamen-rider-anime-to-run-through-winter-2026\/.232319\" target=\"_blank\" rel=\"nofollow noopener\">lll<\/a>, <a href=\"https:\/\/www.animenewsnetwork.com\/news\/2025-12-20\/chained-soldier-season-2-anime-previews-opening-theme-in-2nd-promo-video\/.232305\" target=\"_blank\" rel=\"nofollow noopener\">lV<\/a><br \/><a href=\"https:\/\/www.crunchyroll.com\/news\/latest\/2025\/12\/20\/chained-soldier-season-2-anime-trailer?srsltid=AfmBOoqkkur4Z7Ns00nR_ujy4NMVMFEzB2DVR0d_ts2Fl10sux2ADkE4\" target=\"_blank\" rel=\"nofollow noopener\">Crunchyroll<\/a>\n    <\/p>\n","protected":false},"excerpt":{"rendered":"Il sito ufficiale di Yoroi Shin Den Samurai Troopers, sequel dell&#8217;anime di fine anni &#8217;80 trasmesso in Italia&hellip;\n","protected":false},"author":3,"featured_media":279595,"comment_status":"","ping_status":"","sticky":false,"template":"","format":"standard","meta":{"footnotes":""},"categories":[1444],"tags":[203,204,1537,90,89,253],"class_list":{"0":"post-279594","1":"post","2":"type-post","3":"status-publish","4":"format-standard","5":"has-post-thumbnail","7":"category-tv","8":"tag-entertainment","9":"tag-intrattenimento","10":"tag-it","11":"tag-italia","12":"tag-italy","13":"tag-tv"},"share_on_mastodon":{"url":"https:\/\/pubeurope.com\/@it\/115791255997291814","error":""},"_links":{"self":[{"href":"https:\/\/www.europesays.com\/it\/wp-json\/wp\/v2\/posts\/279594","targetHints":{"allow":["GET"]}}],"collection":[{"href":"https:\/\/www.europesays.com\/it\/wp-json\/wp\/v2\/posts"}],"about":[{"href":"https:\/\/www.europesays.com\/it\/wp-json\/wp\/v2\/types\/post"}],"author":[{"embeddable":true,"href":"https:\/\/www.europesays.com\/it\/wp-json\/wp\/v2\/users\/3"}],"replies":[{"embeddable":true,"href":"https:\/\/www.europesays.com\/it\/wp-json\/wp\/v2\/comments?post=279594"}],"version-history":[{"count":0,"href":"https:\/\/www.europesays.com\/it\/wp-json\/wp\/v2\/posts\/279594\/revisions"}],"wp:featuredmedia":[{"embeddable":true,"href":"https:\/\/www.europesays.com\/it\/wp-json\/wp\/v2\/media\/279595"}],"wp:attachment":[{"href":"https:\/\/www.europesays.com\/it\/wp-json\/wp\/v2\/media?parent=279594"}],"wp:term":[{"taxonomy":"category","embeddable":true,"href":"https:\/\/www.europesays.com\/it\/wp-json\/wp\/v2\/categories?post=279594"},{"taxonomy":"post_tag","embeddable":true,"href":"https:\/\/www.europesays.com\/it\/wp-json\/wp\/v2\/tags?post=279594"}],"curies":[{"name":"wp","href":"https:\/\/api.w.org\/{rel}","templated":true}]}}