{"id":280194,"date":"2025-12-27T20:03:13","date_gmt":"2025-12-27T20:03:13","guid":{"rendered":"https:\/\/www.europesays.com\/it\/280194\/"},"modified":"2025-12-27T20:03:13","modified_gmt":"2025-12-27T20:03:13","slug":"gianni-ippoliti-soliti-ignoti-nacque-da-una-mia-idea-ma-la-rai-la-attribui-a-un-americano-ho-inventato-io-la-marchetta-in-tv-rocco-tanica-mi-copia-male-timperi-lasciamo-stare","status":"publish","type":"post","link":"https:\/\/www.europesays.com\/it\/280194\/","title":{"rendered":"Gianni Ippoliti: \u00abSoliti Ignoti nacque da una mia idea, ma la Rai la attribu\u00ec a un americano. Ho inventato io la marchetta in tv. Rocco Tanica mi copia (male). Timperi? Lasciamo stare\u00bb"},"content":{"rendered":"<p>    di<br \/>\n    Renato Franco<\/p>\n<p class=\"summary-art is-line-h-12\">Autore e conduttore, si definisce un personaggio di rottura: \u00abA 11 anni lavoravo all\u2019ippodromo, facevo il porta-quote alle corse dei cavalli. Al liceo invece vendevo le prove di matematica ai figli di pap\u00e0\u00bb<\/p>\n<p class=\"chapter-paragraph\">\u00abPraticamente fino alla laurea non sono mai uscito di casa. Ero tutto studio e lavoro: ho iniziato a lavorare a 11 anni\u00bb.<\/p>\n<p class=\"chapter-paragraph\"><b>Un po\u2019 precoce. Che lavoro faceva a 11 anni? <br \/><\/b>\u00abIl porta-quote alle corse dei cavalli. Andavo in giro per l\u2019ippodromo con i fogliettini con i favoriti per le scommesse\u00bb.    &#13;<br \/>\n&#13;<br \/>\n&#13;<br \/>\n&#13;<br \/>\n&#13;<br \/>\n&#13;<br \/>\n&#13;<br \/>\n&#13;<br \/>\n&#13;<br \/>\n&#13;<br \/>\n&#13;<br \/>\n&#13;<br \/>\n&#13;<br \/>\n&#13;<br \/>\n&#13;<br \/>\n&#13;<br \/>\n&#13;<br \/>\n&#13;<br \/>\n&#13;<br \/>\n&#13;<br \/>\n&#13;<br \/>\n&#13;<br \/>\n&#13;<br \/>\n&#13;<br \/>\n&#13;<br \/>\n&#13;<br \/>\n&#13;<br \/>\n&#13;<br \/>\n&#13;<br \/>\n&#13;<br \/>\n&#13;<br \/>\n&#13;<br \/>\n&#13;<br \/>\n&#13;<br \/>\n&#13;<br \/>\n&#13;<br \/>\n&#13;<br \/>\n&#13;<br \/>\n&#13;<br \/>\n&#13;<br \/>\n&#13;<br \/>\n&#13;<br \/>\n&#13;<br \/>\n&#13;<br \/>\n&#13;<br \/>\n&#13;<br \/>\n&#13;<br \/>\n&#13;<br \/>\n&#13;<br \/>\n&#13;<br \/>\n&#13;<br \/>\n&#13;<br \/>\n&#13;\n<\/p>\n<p class=\"chapter-paragraph\">Intraprendente fin da subito. <b>Gianni Ippoliti \u00e8 un\u2019anomalia nella tv italiana<\/b>, un autore e conduttore che ha fatto della satira un esercizio di intelligenza pi\u00f9 che di sarcasmo. Sottilmente provocatorio nel suo spazio domenicale a Unomattina in famiglia, da 25 anni la sua rassegna stampa smonta i luoghi comuni del giornalismo: osserva, annota, denuda e ridicolizza certi clich\u00e9 con un tocco surreale. Ippoliti \u00e8 una figura laterale che ci ricorda che la televisione pu\u00f2 ancora essere pensiero.<\/p>\n<p class=\"chapter-paragraph\"><b>Si \u00e8 definito n\u00e9 autore n\u00e9 conduttore ma piuttosto \u00abpersonaggio di rottura\u00bb.<br \/><\/b>\u00abPerch\u00e9 rompo una struttura e la ricompongo alla mia maniera, vado a destrutturare certe costruzioni per ricostruirle: la finta rassegna stampa dei giornali \u00e8 nata proprio per rifare il verso dei giornali, per renderne evidenti e colpire i clich\u00e9 e un certo manierismo, a volte certi titoli non cercano la notizia ma la rappresentazione teatrale\u00bb.<\/p>\n<p class=\"chapter-paragraph\"><b>Oggi il fake \u00e8 dominante, lei ne ha intuito i risvolti surreali e comici con largo anticipo. Il finto titolo di cui va pi\u00f9 fiero?<br \/><\/b>\u00abAl Festival di Sanremo condotto da Baudo. Mostravo il manifesto che titolava a nove colonne: Pippone nazionale. In sala stampa ci fu una standing ovation\u00bb.<\/p>\n<p class=\"chapter-paragraph\"><b>L\u2019hanno anche copiata.<br \/><\/b>\u00abTanti altri, anche a Sanremo, hanno fatto la mia rassegna stampa, ben guardandosi dal citare la fonte\u00bb.<\/p>\n<p class=\"chapter-paragraph\"><b>Ogni riferimento a Rocco Tanica \u00e8 voluto. <br \/><\/b>\u00abMamma mia. Ma come si fa? Tu copi paro paro un\u2019idea e non dici mai a chi ti sei ispirato. Copiata poi, per carit\u00e0, pure male. Che \u00e8 quello che mi fa rabbia. Copiateme, ma copiateme bene come diceva Gigi Proietti\u00bb.<\/p>\n<p class=\"chapter-paragraph\"><b>Il quiz \u00abSoliti Ignoti\u00bb di fatto lo ha inventato lei all\u2019interno di \u00abGirone all\u2019italiana\u00bb di Andrea Barbato nel 1991.<br \/><\/b>\u00abProposi a Guglielmi il primo quiz fisiognomico non comprato dagli Stati Uniti e lo presentai in un gal\u00e0 Rai con Pippo Baudo. Invitai una persona sul palco e chiesi se secondo il pubblico fosse un impiegato delle poste, un netturbino o il custode di una palestra. Ricordo le parole di Augias: devo dire che sembrava un esercizio frivolo, per\u00f2 in effetti lo trovo interessante\u00bb.<\/p>\n<p class=\"chapter-paragraph\"><b>Come era la Rai3 di Guglielmi?<br \/><\/b>\u00abUna frase per capire. Un giorno mi disse: se lei vuole lavorare con me, ogni anno mi deve portare tre format inediti, ma l\u2019anno dopo non li pu\u00f2 pi\u00f9 ripetere\u00bb.<\/p>\n<p class=\"chapter-paragraph\"><b>Sembra proprio la strategia di oggi. Uguale proprio&#8230; <br \/><\/b>\u00abAmmesso che io avessi nuove idee, era un grande stimolo. Anche quel quiz, nonostante gli ottimi ascolti, dur\u00f2 una sola stagione\u00bb.<\/p>\n<p class=\"chapter-paragraph\"><b>Poi nel 2007 and\u00f2 davvero in onda \u00abSoliti Ignoti\u00bb, che per anni \u00e8 stato un grande successo, da Frizzi ad Amadeus.<br \/><\/b>\u00abMi chiam\u00f2 Pippo Baudo per avvisarmi che la Rai voleva proporlo, che mi avrebbero chiamato, ma non si fece vivo nessuno. Ancora oggi nei titoli di coda leggo che \u00e8 tratto dal format originale americano ideato da Tim Puntillo\u00bb.<\/p>\n<p class=\"chapter-paragraph\"><b>Quindi hanno preferito comprarlo all\u2019estero piuttosto che riconoscerle i diritti? <br \/><\/b>\u00abAndai all\u2019ufficio acquisti, dissi che se avessero fatto una causa milionaria agli americani avrebbero vinto. Il dirigente di turno rimase muto, non sapeva cosa dire\u00bb.<\/p>\n<p class=\"chapter-paragraph\"><b>Lei quanto ci \u00e8 rimasto male?<br \/><\/b>\u00abForse \u00e8 stata l\u2019esperienza che pi\u00f9 mi ha amareggiato nella mia carriera. Non ho mai fatto rivendicazioni economiche n\u00e9 preteso di condurlo io. Avevo semplicemente chiesto pi\u00f9 volte di scrivere da un\u2019idea di Gianni Ippoliti, non di Tim quel che \u00e8\u00bb.<\/p>\n<p class=\"chapter-paragraph\"><b>Con Tiberio Timperi vi siete scontrati in diretta: cosa \u00e8 successo? <br \/><\/b>\u00abPreferisco non parlarne e non nominare alcune tipologie di persone. Mi piace parlare solo degli incontri felici\u00bb.<\/p>\n<p class=\"chapter-paragraph\"><b>Come era arrivato in tv? <br \/><\/b>\u00abAppena laureato, per la prima volta andai in discoteca, al Jackie O\u2019: mi misi ad accennare due passi di danza da solo, una notissima attrice mi si avvicin\u00f2 e ballammo per mezzora\u00bb.<\/p>\n<p class=\"chapter-paragraph\"><b>Chi era la notissima attrice? <br \/><\/b>\u00abNon posso rivelarlo, \u00e8 una questione di privacy\u00bb.<\/p>\n<p class=\"chapter-paragraph\"><b>Comunque si fece notare.<br \/><\/b>\u00abTutti si chiedevano: chi \u00e8 questo misterioso personaggio che non si \u00e8 mai visto nelle discoteche? Uno spacciatore, un criminale, un gay? Cos\u00ec mi presero nel \u201877 a Piccolo Slam e mi inventai l\u2019ospitata per la promozione, all\u2019epoca non lo faceva nessuno: la cosiddetta marchetta non esisteva. In un programma per giovani ebbi ospiti grandi personaggi come Olga Karlatos, la protagonista dell\u2019Eneide, e Grace Jones. Feci 31 puntate ma non mi fecero mai firmare una liberatoria: per quel programma non sono mai stato pagato\u00bb.<\/p>\n<p class=\"chapter-paragraph\"><b>Altre invenzioni?<br \/><\/b>\u00abAl Barattolo, con il debutto di Frizzi in tv, feci i primi vox populi: nessuno era mai andato per strada a fare domande di attualit\u00e0 o a chiedere curiosit\u00e0 alla gente comune. Alla fine del programma annunciarono, a sorpresa, in diretta, che sarei stato il conduttore della successiva edizione: non ne sapevo niente e rimasi senza parole\u00bb.<\/p>\n<p class=\"chapter-paragraph\"><b>A inizio anni 80 su una tv locale romana conduceva gi\u00e0 una (vera) rassegna stampa dei giornali del giorno dopo, quindi ha ideato \u00abProvini\u00bb che portava in tv un manipolo di dilettanti allo sbaraglio.<br \/><\/b>\u00abPer quanto possibile, ho cercato sempre di portare in tv cose che non c\u2019erano. Nei panni di un finto produttore televisivo e cinematografico facevo fare provini di recitazione a sconosciuti che volevano fare carriera nello spettacolo. Per una serie di circostanze fortuite, Roberto Giovalli, allora direttore delle reti Mediaset, mi chiam\u00f2 a Milano. Provini fu un grande successo di Italia 1: non costava nulla e la gente veniva gratis\u00bb.<\/p>\n<p class=\"chapter-paragraph\"><b>\u00abDibattito!\u00bb inscenava invece un finto talk, una tavola rotonda costituita da opinionisti sconosciuti. L\u00ec ha lanciato Luca Laurenti.<br \/><\/b>\u00abCantava in un gruppo che faceva serate gratis e il padre mi chiese di dargli una mano. Gli dissi: se tu ti fidi di me un giorno andrai a Sanremo\u00bb<\/p>\n<p class=\"chapter-paragraph\"><b>Cos\u00ec \u00e8 stato. Le \u00e8 riconoscente?<br \/><\/b>\u00abLeggo sempre che \u00e8 stato scoperto da Paolo Bonolis&#8230;\u00bb.<\/p>\n<p class=\"chapter-paragraph\"><b>Il collegamento pi\u00f9 folle con Simona Ventura a \u00abQuelli che il calcio\u00bb? <br \/><\/b>\u00abUna diretta da Punta Perotti, quando dovevano abbattere l\u2019ecomostro. Mi inventai un fantomatico notaio con tanto di caschetto giallo in testa che doveva spingere il pulsante per far scattare la detonazione. Andarono tutti a intervistarlo\u00bb.<\/p>\n<p class=\"chapter-paragraph\"><b>Intraprendente fin da piccolo.<br \/><\/b>\u00abAl liceo ci capit\u00f2 un\u2019insegnante di matematica che riciclava i compiti in classe delle altre sezioni. Facevo incetta di tutte le prove e le rivendevo ai figli di pap\u00e0: ero lo spacciatore dei compiti in classe\u00bb.<\/p>\n<p class=\"chapter-paragraph\"><b>Altre idee per guadagnare?<br \/><\/b>\u00abAlla fine dell\u2019anno scolastico quando uscivano i quadri andavo dai promossi, mi facevo regalare i libri che non avrebbero pi\u00f9 usato e li rivendevo\u00bb.<\/p>\n<p class=\"chapter-paragraph\"><b>Chi sono personaggi di rottura oggi?<br \/><\/b>\u00abPenso a Pio e Amedeo, a Checco Zalone, un personaggio simpaticamente devastante\u00bb.<\/p>\n<p class=\"chapter-paragraph\"><b>La tv di una volta?<br \/><\/b>\u00abAveva programmi e bisognava decidere a chi farli condurre. Oggi non ci sono pi\u00f9 programmi, ma solo salotti con centinaia di aspiranti presentatori\u00bb.<\/p>\n<p class=\"chapter-paragraph\"><b>La differenza pi\u00f9 grande?<br \/><\/b>\u00abAll\u2019epoca un direttore interrompeva una riunione per ascoltare le tue idee. Oggi se vai a proporre qualcosa ti prendono per matto\u00bb.<\/p>\n<p class=\"is-last-update\" datetime=\"2025-12-27T17:47:15+01:00\">27 dicembre 2025 ( modifica il 27 dicembre 2025 | 17:47)<\/p>\n<p class=\"is-copyright\">\n            \u00a9 RIPRODUZIONE RISERVATA\n        <\/p>\n","protected":false},"excerpt":{"rendered":"di Renato Franco Autore e conduttore, si definisce un personaggio di rottura: \u00abA 11 anni lavoravo all\u2019ippodromo, facevo&hellip;\n","protected":false},"author":3,"featured_media":280195,"comment_status":"","ping_status":"","sticky":false,"template":"","format":"standard","meta":{"footnotes":"","_share_on_mastodon":"0"},"categories":[174],"tags":[1495,536,16467,15425,7738,8809,164968,31678,1902,9180,3219,3155,164969,26708,24392,164970,164971,15948,164972,164973,8776,102782,5631,1109,41999,203,3452,2603,2731,49142,24310,17772,89794,4965,11405,85750,46,14020,37769,128,21434,6108,28130,123154,204,87381,17070,11423,85743,1537,90,4945,89,3776,15262,15416,164974,5916,1354,164975,164976,690,164977,4979,3965,2379,164978,7386,31680,11211,98,164979,164980,3492,897,9008,5810,23818,20419,2848,7682,7717,25072,9143,111507,164967,408,1886,253],"class_list":["post-280194","post","type-post","status-publish","format-standard","has-post-thumbnail","category-intrattenimento","tag-altre","tag-americano","tag-andai","tag-andavo","tag-attrice","tag-autore","tag-autore-conduttore","tag-baudo","tag-carriera","tag-cavalli","tag-chiamo","tag-classe","tag-classe-altre","tag-cliche","tag-compiti","tag-compiti-classe","tag-compiti-classe-altre","tag-conduttore","tag-copiata","tag-copiateme","tag-corse","tag-corse-cavalli","tag-diretta","tag-direttore","tag-dissi","tag-entertainment","tag-epoca","tag-esercizio","tag-figli","tag-figli-papa","tag-finto","tag-format","tag-frizzi","tag-gente","tag-gianni","tag-gianni-ippoliti","tag-giornali","tag-gratis","tag-guglielmi","tag-idea","tag-ideato","tag-idee","tag-ignoti","tag-intraprendente","tag-intrattenimento","tag-inventai","tag-inventato","tag-ippodromo","tag-ippoliti","tag-it","tag-italia","tag-italiana","tag-italy","tag-lavorare","tag-leggo","tag-liceo","tag-marchetta","tag-matematica","tag-ne","tag-notissima","tag-notissima-attrice","tag-papa","tag-paro","tag-parole","tag-personaggi","tag-personaggio","tag-personaggio-rottura","tag-piccolo","tag-pippo","tag-pippo-baudo","tag-porta","tag-porta-quote","tag-porta-quote-corse","tag-portare","tag-programma","tag-programmi","tag-prove","tag-provini","tag-quiz","tag-rai","tag-rassegna","tag-rassegna-stampa","tag-rottura","tag-sanremo","tag-soliti","tag-soliti-ignoti","tag-stampa","tag-successo","tag-tv"],"share_on_mastodon":{"url":"","error":"Validation failed: Text character limit of 500 exceeded"},"_links":{"self":[{"href":"https:\/\/www.europesays.com\/it\/wp-json\/wp\/v2\/posts\/280194","targetHints":{"allow":["GET"]}}],"collection":[{"href":"https:\/\/www.europesays.com\/it\/wp-json\/wp\/v2\/posts"}],"about":[{"href":"https:\/\/www.europesays.com\/it\/wp-json\/wp\/v2\/types\/post"}],"author":[{"embeddable":true,"href":"https:\/\/www.europesays.com\/it\/wp-json\/wp\/v2\/users\/3"}],"replies":[{"embeddable":true,"href":"https:\/\/www.europesays.com\/it\/wp-json\/wp\/v2\/comments?post=280194"}],"version-history":[{"count":0,"href":"https:\/\/www.europesays.com\/it\/wp-json\/wp\/v2\/posts\/280194\/revisions"}],"wp:featuredmedia":[{"embeddable":true,"href":"https:\/\/www.europesays.com\/it\/wp-json\/wp\/v2\/media\/280195"}],"wp:attachment":[{"href":"https:\/\/www.europesays.com\/it\/wp-json\/wp\/v2\/media?parent=280194"}],"wp:term":[{"taxonomy":"category","embeddable":true,"href":"https:\/\/www.europesays.com\/it\/wp-json\/wp\/v2\/categories?post=280194"},{"taxonomy":"post_tag","embeddable":true,"href":"https:\/\/www.europesays.com\/it\/wp-json\/wp\/v2\/tags?post=280194"}],"curies":[{"name":"wp","href":"https:\/\/api.w.org\/{rel}","templated":true}]}}