{"id":281427,"date":"2025-12-29T10:21:12","date_gmt":"2025-12-29T10:21:12","guid":{"rendered":"https:\/\/www.europesays.com\/it\/281427\/"},"modified":"2025-12-29T10:21:12","modified_gmt":"2025-12-29T10:21:12","slug":"belluno-e-piu-forte-savigliano-ko-3-0-alla-spes-arena","status":"publish","type":"post","link":"https:\/\/www.europesays.com\/it\/281427\/","title":{"rendered":"Belluno \u00e8 pi\u00f9 forte: Savigliano ko 3-0 alla Spes Arena"},"content":{"rendered":"<p>Il Monge-Gerbaudo Savigliano ci prova, ma non riesce a chiudere l\u2019anno con un successo o con dei punti, cedendo in tre set contro il forte Belluno Volley, che si dimostra decisamente tra le squadre pi\u00f9 attrezzate dell\u2019intera Serie A3 Credem Banca.<\/p>\n<p><strong>La cronaca del match<\/strong><\/p>\n<p>Coach Mastrangelo \u00e8 costretto a rinunciare, tra i veneti, a Berger e all\u2019influenzato Mozzato. Coach Serafini, invece, non deve fare i conti con assenze (eccezion fatta per quella del lungodegente Dutto) e propone l\u2019attuale sestetto \u201ctipo\u201d. Parte dalla panchina la new entry Bacco, con Galaverna stabilmente nel nuovo ruolo di libero, alternato a \u201cPaolino\u201d Rabbia.<\/p>\n<p>Il primo set \u00e8 a senso unico, con Belluno che strappa subito e mette la freccia. Serafini interrompe il gioco sul -4, ma i suoi non rientrano, con i padroni di casa che mettono a terra una sequenza di palloni e volano via. A trascinarli c\u2019\u00e8 il solito Giannotti, ma \u00e8 soprattutto il muro a fare la differenza. Sul 16-8 si pensa gi\u00e0 al parziale successivo, con Belluno che chiude la pratica 25-15.<\/p>\n<p>\u00c8 sempre l\u2019opposto a favorire l\u2019allungo dei suoi nel secondo set (8-2), con Loglisci e Corrado che fanno il resto. L\u2019ex Schiro prova a ricucire \u201calla disperata\u201d nel finale, grazie a due ace consecutivi, ma non c\u2019\u00e8 nulla da fare: 25-16 e 2-0.<\/p>\n<p>Il terzo parziale viaggia un po\u2019 a s\u00e9, perch\u00e9 i piemontesi questa volta ci mettono l\u2019orgoglio (6-8) e a lungo restano agganciati alla partita. Sul 18-18, per\u00f2, Belluno decide che \u00e8 l\u2019ora di chiuderla e scappa via, questa volta con Cengia sugli scudi in entrambi i fondamentali. La reazione saviglianese passa dall\u2019annullamento di due dei sei match-point conquistati dai veneti. Al terzo, per\u00f2, il pallone va sul braccio sicuro di Giannotti: punto numero 18 per il top scorer dell\u2019incontro e 3-0 bellunese.<\/p>\n<p>La gara si chiude dopo 73 minuti di gioco, e con lei un 2025 sulle montagne russe per il Monge-Gerbaudo, che ora pu\u00f2 voltare pagina per un 2026 che si spera sar\u00e0 ricco di soddisfazioni. A dare il \u201cbuongiorno\u201d sar\u00e0 l\u2019incrocio casalingo di sabato 3 gennaio alle 18.30 contro il Conad Reggio Emilia. Un\u2019altra sfida ostica, ma la voglia di riscatto tra i Serafini-boys \u00e8 forte.<\/p>\n<p><strong>Belluno Volley \u2013 Monge Gerbaudo Savigliano 3-0 <\/strong><\/p>\n<p>Parziali: 25-15, 25-16, 25-21<\/p>\n<p>BELLUNO VOLLEY: Marsili 2, Giannotti 18, Corrado 12, Loglisci 8, Cengia 9, Basso 5; Hoffer (L), Pozzebon. N.e. Michielon, Bortoletto, Marini da Costa, Berger, Tosatto (L). Allenatore: V. Mastrangelo.<\/p>\n<p>MONGE GERBAUDO SAVIGLIANO: Schiro 15, Sacripanti 2, Rainero 2, Rossato 16, Bonola 1, Pistolesi 1; Galaverna (L), Rabbia (L), Carlevaris, Bacco 3. N.e. Ballan, Quaranta, Guiotto, Girotto. Allenatore: S. Serafini.<\/p>\n<p>Durata set: 22\u2019, 25\u2019, 26\u2019; totale: 1h13\u2019.<\/p>\n","protected":false},"excerpt":{"rendered":"Il Monge-Gerbaudo Savigliano ci prova, ma non riesce a chiudere l\u2019anno con un successo o con dei punti,&hellip;\n","protected":false},"author":3,"featured_media":281428,"comment_status":"","ping_status":"","sticky":false,"template":"","format":"standard","meta":{"footnotes":""},"categories":[1474],"tags":[1537,90,89,245,244,1869],"class_list":{"0":"post-281427","1":"post","2":"type-post","3":"status-publish","4":"format-standard","5":"has-post-thumbnail","7":"category-volley","8":"tag-it","9":"tag-italia","10":"tag-italy","11":"tag-sport","12":"tag-sports","13":"tag-volley"},"share_on_mastodon":{"url":"https:\/\/pubeurope.com\/@it\/115802359923769456","error":""},"_links":{"self":[{"href":"https:\/\/www.europesays.com\/it\/wp-json\/wp\/v2\/posts\/281427","targetHints":{"allow":["GET"]}}],"collection":[{"href":"https:\/\/www.europesays.com\/it\/wp-json\/wp\/v2\/posts"}],"about":[{"href":"https:\/\/www.europesays.com\/it\/wp-json\/wp\/v2\/types\/post"}],"author":[{"embeddable":true,"href":"https:\/\/www.europesays.com\/it\/wp-json\/wp\/v2\/users\/3"}],"replies":[{"embeddable":true,"href":"https:\/\/www.europesays.com\/it\/wp-json\/wp\/v2\/comments?post=281427"}],"version-history":[{"count":0,"href":"https:\/\/www.europesays.com\/it\/wp-json\/wp\/v2\/posts\/281427\/revisions"}],"wp:featuredmedia":[{"embeddable":true,"href":"https:\/\/www.europesays.com\/it\/wp-json\/wp\/v2\/media\/281428"}],"wp:attachment":[{"href":"https:\/\/www.europesays.com\/it\/wp-json\/wp\/v2\/media?parent=281427"}],"wp:term":[{"taxonomy":"category","embeddable":true,"href":"https:\/\/www.europesays.com\/it\/wp-json\/wp\/v2\/categories?post=281427"},{"taxonomy":"post_tag","embeddable":true,"href":"https:\/\/www.europesays.com\/it\/wp-json\/wp\/v2\/tags?post=281427"}],"curies":[{"name":"wp","href":"https:\/\/api.w.org\/{rel}","templated":true}]}}