{"id":281621,"date":"2025-12-29T12:51:10","date_gmt":"2025-12-29T12:51:10","guid":{"rendered":"https:\/\/www.europesays.com\/it\/281621\/"},"modified":"2025-12-29T12:51:10","modified_gmt":"2025-12-29T12:51:10","slug":"nuovo-servizio-operativo-da-gennaio-2026","status":"publish","type":"post","link":"https:\/\/www.europesays.com\/it\/281621\/","title":{"rendered":"nuovo servizio operativo da gennaio 2026"},"content":{"rendered":"<p>Il servizio di pre-ricovero chirurgico di Asst Lariana cambia sede e si prepara a una nuova organizzazione. A partire dal 22 dicembre, l\u2019attivit\u00e0 attualmente collocata al sesto piano della sede di via Napoleona viene trasferita all\u2019interno del Poliambulatorio 1 (stanze 1-4) del presidio ospedaliero Sant\u2019Anna di San Fermo della Battaglia.<\/p>\n<p>La riorganizzazione, come spiega la direttrice sanitaria Brunella Mazzei, ha l\u2019obiettivo di rendere pi\u00f9 efficiente il percorso pre-operatorio e di ottimizzare l\u2019impiego delle risorse dedicate a questa fase centrale della presa in carico chirurgica.<\/p>\n<p>Secondo Andrea Lombardo, primario di Anestesia e Rianimazione del Sant\u2019Anna e responsabile del servizio, lo spostamento nel presidio di San Fermo consente una maggiore integrazione con le attivit\u00e0 diagnostiche e specialistiche gi\u00e0 presenti in ospedale. Un passaggio che punta a rendere il servizio pi\u00f9 funzionale, pi\u00f9 vicino alle esigenze dei pazienti e meglio inserito nel contesto clinico complessivo, rafforzando lo standard dell\u2019inquadramento anestesiologico e multidisciplinare dei candidati all\u2019intervento.<\/p>\n<p>Il nuovo assetto sar\u00e0 pienamente operativo dal 7 gennaio 2026. La direzione sanitaria ha ringraziato tutti i professionisti coinvolti nel gruppo di lavoro che ha seguito la riorganizzazione, garantendo la continuit\u00e0 del servizio durante la fase di trasferimento.<\/p>\n","protected":false},"excerpt":{"rendered":"Il servizio di pre-ricovero chirurgico di Asst Lariana cambia sede e si prepara a una nuova organizzazione. A&hellip;\n","protected":false},"author":3,"featured_media":32957,"comment_status":"","ping_status":"","sticky":false,"template":"","format":"standard","meta":{"footnotes":""},"categories":[175],"tags":[239,1537,90,89,111133,240],"class_list":{"0":"post-281621","1":"post","2":"type-post","3":"status-publish","4":"format-standard","5":"has-post-thumbnail","7":"category-salute","8":"tag-health","9":"tag-it","10":"tag-italia","11":"tag-italy","12":"tag-ospedale-santanna","13":"tag-salute"},"share_on_mastodon":{"url":"https:\/\/pubeurope.com\/@it\/115802949875738338","error":""},"_links":{"self":[{"href":"https:\/\/www.europesays.com\/it\/wp-json\/wp\/v2\/posts\/281621","targetHints":{"allow":["GET"]}}],"collection":[{"href":"https:\/\/www.europesays.com\/it\/wp-json\/wp\/v2\/posts"}],"about":[{"href":"https:\/\/www.europesays.com\/it\/wp-json\/wp\/v2\/types\/post"}],"author":[{"embeddable":true,"href":"https:\/\/www.europesays.com\/it\/wp-json\/wp\/v2\/users\/3"}],"replies":[{"embeddable":true,"href":"https:\/\/www.europesays.com\/it\/wp-json\/wp\/v2\/comments?post=281621"}],"version-history":[{"count":0,"href":"https:\/\/www.europesays.com\/it\/wp-json\/wp\/v2\/posts\/281621\/revisions"}],"wp:featuredmedia":[{"embeddable":true,"href":"https:\/\/www.europesays.com\/it\/wp-json\/wp\/v2\/media\/32957"}],"wp:attachment":[{"href":"https:\/\/www.europesays.com\/it\/wp-json\/wp\/v2\/media?parent=281621"}],"wp:term":[{"taxonomy":"category","embeddable":true,"href":"https:\/\/www.europesays.com\/it\/wp-json\/wp\/v2\/categories?post=281621"},{"taxonomy":"post_tag","embeddable":true,"href":"https:\/\/www.europesays.com\/it\/wp-json\/wp\/v2\/tags?post=281621"}],"curies":[{"name":"wp","href":"https:\/\/api.w.org\/{rel}","templated":true}]}}