{"id":281974,"date":"2025-12-29T17:41:11","date_gmt":"2025-12-29T17:41:11","guid":{"rendered":"https:\/\/www.europesays.com\/it\/281974\/"},"modified":"2025-12-29T17:41:11","modified_gmt":"2025-12-29T17:41:11","slug":"bardot-funerali-il-7-gennaio-verra-sepolta-nel-cimitero-marino-di-st-tropez-e-non-nel-suo-giardino-della-madrague-destra-e-sinistra-in-francia-divise-sullomaggio-era-razzista","status":"publish","type":"post","link":"https:\/\/www.europesays.com\/it\/281974\/","title":{"rendered":"Bardot, funerali il 7 gennaio: verr\u00e0 sepolta nel cimitero marino di St. Tropez e non nel suo giardino della Madrague. Destra e sinistra in Francia divise sull&#8217;omaggio: \u00abEra razzista\u00bb"},"content":{"rendered":"<p>    di<br \/>\n    Redazione Spettacoli<\/p>\n<p class=\"summary-art is-line-h-12\">Smentita dall&#8217;amministrazione della cittadina l&#8217;amica: aveva sostenuto che B.B. voleva essere inumata nella villa. E mentre infuria la polemica politica, incerto anche il destino dell&#8217;eredit\u00e0 tra il figlio (negletto) e la sua fondazione<\/p>\n<p class=\"chapter-paragraph\">I funerali di Brigitte Bardot,\u00a0<b><a href=\"https:\/\/www.corriere.it\/spettacoli\/cinema-serie-tv\/25_dicembre_28\/morta-brigitte-bardot-aveva-91-anni-8e034931-013f-4caa-9244-f635e83e8xlk.shtml\" title=\"Morta Brigitte Bardot, aveva 91 anni: icona eterna di bellezza al cinema che divenne la paladina degli animali\" rel=\"nofollow noopener\" target=\"_blank\">scomparsa ieri, domenica 28 dicembre, all&#8217;et\u00e0 di 91 anni,<\/a><\/b>\u00a0si terranno mercoled\u00ec 7 gennaio nella chiesa di Notre-Dame de<br \/>l&#8217;Assomption a Saint-Tropez, seguiti da una \u00absepoltura privata e<br \/>confidenziale\u00bb. Lo ha annunciato la Fondazione Brigitte Bardot\u00a0all&#8217;agenzia France Presse. L&#8217;attrice riposer\u00e0 nel cimitero marino di Saint-Tropez, dove gi\u00e0 sono sepolti i suoi genitori: \u00e8 quanto riferiscono fonti del comune di Saint-Tropez citate dall&#8217;agenzia France Presse.<\/p>\n<p class=\"chapter-paragraph\">Sarebbe dunque smentita la notizia riferita questa mattina a franceinfo dalla giornalista e amica di B.B., Wendy Bouchard, secondo cui l&#8217;attrice s<b>arebbe stata sepolta nel suo giardino vicino al mare<\/b>. La stessa Bardot aveva <br \/>espresso l&#8217;auspicio di \u00abriposare\u00bb a La Madrague, la storica tenuta di Saint-Tropez di sua propriet\u00e0. La cerchia ristretta della Bardot\u00a0si trova nella zona per preparare le esequie.\u00a0Al momento non sono stati ancora resi noti i dettagli relativi al funerale.\u00a0    &#13;<br \/>\n&#13;<br \/>\n&#13;<br \/>\n&#13;<br \/>\n&#13;<br \/>\n&#13;<br \/>\n&#13;<br \/>\n&#13;<br \/>\n&#13;<br \/>\n&#13;<br \/>\n&#13;<br \/>\n&#13;<br \/>\n&#13;<br \/>\n&#13;<br \/>\n&#13;<br \/>\n&#13;<br \/>\n&#13;<br \/>\n&#13;<br \/>\n&#13;<br \/>\n&#13;<br \/>\n&#13;<br \/>\n&#13;<br \/>\n&#13;<br \/>\n&#13;<br \/>\n&#13;<br \/>\n&#13;<br \/>\n&#13;<br \/>\n&#13;<br \/>\n&#13;<br \/>\n&#13;<br \/>\n&#13;<br \/>\n&#13;<br \/>\n&#13;<br \/>\n&#13;<br \/>\n&#13;<br \/>\n&#13;<br \/>\n&#13;<br \/>\n&#13;<br \/>\n&#13;<br \/>\n&#13;<br \/>\n&#13;<br \/>\n&#13;<br \/>\n&#13;<br \/>\n&#13;<br \/>\n&#13;<br \/>\n&#13;<br \/>\n&#13;<br \/>\n&#13;<br \/>\n&#13;<br \/>\n&#13;<br \/>\n&#13;<br \/>\n&#13;<br \/>\n&#13;\n<\/p>\n<p class=\"chapter-paragraph\">Non sono le uniche indiscrezioni emerse dopo la morta della diva. In Francia si \u00e8 iniziato a dibattere circa la sua eredit\u00e0.<b> Il patrimonio di Bardot si aggirerebbe attorno ai 65 milioni di dollari,\u00a0<\/b> ma l&#8217;attrice da tempo aveva preparato i documenti per stabilire come avrebbero dovuto essere spartiti i suoi lasciti: la maggior parte del patrimonio \u00e8 stata destinata alla Fondation Brigitte Bardot, l\u2019organizzazione a tutela degli animali da lei fondata nel 1986 e con sede nella sua villa di Saint-Tropez. Per legge per\u00f2,<b> la fondazione non pu\u00f2 ricevere la totalit\u00e0 del patrimonio della diva, che dovr\u00e0 essere diviso al cinquanta per cento con il suo unico figlio<\/b>, Nicolas Charrier, nato nel 1960, <a href=\"\">con cui ha sempre avuto cattivi rapporti.<\/a><\/p>\n<p class=\"chapter-paragraph\">Secondo il biografo Yves Bigot, gran parte della fortuna della diva francese era gi\u00e0 stata destinata alla Fondazione Brigitte Bardot. \u00abHa venduto tutti i suoi beni immobiliari all&#8217;asta per finanziare la fondazione e ha ipotecato La Madrague\u00bb, ha raccontatto Bigot.<\/p>\n<p class=\"chapter-paragraph\">Nel 2020 Bardot <b>mise in vendita anche una villa a Cannes<\/b>, valutata circa 6 milioni di euro. La carriera cinematografica della diva, interrotta nel 1973, aveva lasciato solo poche grandi collaborazioni commerciali, come un accordo con il marchio di borse Lancel e un&#8217;altra linea di pr\u00eat-\u00e0-porter venduta online. \u00ab<b>La ricchezza mi disgusta\u00bb, aveva confidato l&#8217;attrice nel 2006.<\/b><\/p>\n<p class=\"chapter-paragraph\">Al centro della successione rimane appunto il figlio Nicolas-Jacques Charrier, oggi 65enne e residente in Norvegia, con il quale <b>i rapporti non sono sempre stati idilliaci<\/b>. Secondo la legge francese, a Nicolas (nato dal matrimonio con l&#8217;attore Jacques Charrier) spetta <b>la quota legittima pari al 50% del patrimonio<\/b>, anche se la maggior parte dei beni era gi\u00e0 stata \u00abanticipata\u00bb alla Fondazione che porta il nome dell&#8217;attrice attraverso donazioni, vendite e conferimenti. <b>Resta da vedere se il figlio decider\u00e0 di intraprendere azioni legali contro la fondazione<\/b> o contro l&#8217;ultimo marito della star a cui dovrebbe andare una parte del patrimonio. Bardot era sposata con Bernard d&#8217;Ormale\u00a0dal 1992.<\/p>\n<p class=\"chapter-paragraph\">Intanto destra e sinistra francesi si dividono sull&#8217;ipotesi di una <b>celebrazione <br \/>nazionale<\/b> in omaggio a Brigitte Bardot. Mentre l&#8217;esponente di destra radicale e patron del piccolo partito Udr alleato del Rassemblement National (RN), Eric Ciotti, invita il presidente Emmanuel Macron ad organizzare una commemorazione nazionale per l&#8217;attrice, il segretario del Partito socialista (Ps), Olivier Faure, respinge questa ipotesi.<\/p>\n<p class=\"chapter-paragraph\">\u00abGli omaggi nazionali &#8211; scrive Faure in un messaggio pubblicato su X &#8211; vengono organizzati per servizi eccezionali resi alla Nazione. Brigitte Bardot \u00e8 stata un&#8217;attrice emblematica della Nouvelle Vague. Solare, ha segnato il cinema francese. Ma ha anche voltato le spalle ai valori repubblicani ed \u00e8 stata <b>pluri-condannata dalla giustizia per razzismo<\/b>\u00bb.<\/p>\n<p class=\"is-last-update\" datetime=\"2025-12-29T17:51:40+01:00\">29 dicembre 2025 ( modifica il 29 dicembre 2025 | 17:51)<\/p>\n<p class=\"is-copyright\">\n            \u00a9 RIPRODUZIONE RISERVATA\n        <\/p>\n","protected":false},"excerpt":{"rendered":"di Redazione Spettacoli Smentita dall&#8217;amministrazione della cittadina l&#8217;amica: aveva sostenuto che B.B. voleva essere inumata nella villa. E&hellip;\n","protected":false},"author":3,"featured_media":281975,"comment_status":"","ping_status":"","sticky":false,"template":"","format":"standard","meta":{"footnotes":""},"categories":[1451],"tags":[763,166069,166070,7074,7738,84965,3832,166071,8944,92148,1621,1620,165827,62631,166072,79768,3177,41590,3051,203,10899,70876,2716,166073,14920,166074,166075,2240,133446,3368,4300,2686,2614,8369,204,2460,1537,90,89,84102,165829,1207,104453,329,37424,4812,17237,11878,73250,2937],"class_list":{"0":"post-281974","1":"post","2":"type-post","3":"status-publish","4":"format-standard","5":"has-post-thumbnail","7":"category-celebrita","8":"tag-agenzia","9":"tag-agenzia-france","10":"tag-agenzia-france-presse","11":"tag-amica","12":"tag-attrice","13":"tag-bardot","14":"tag-beni","15":"tag-bigot","16":"tag-brigitte","17":"tag-brigitte-bardot","18":"tag-celebrita","19":"tag-celebrities","20":"tag-charrier","21":"tag-cimitero","22":"tag-cimitero-marino","23":"tag-destinata","24":"tag-destra","25":"tag-destra-sinistra","26":"tag-diva","27":"tag-entertainment","28":"tag-eredita","29":"tag-faure","30":"tag-figlio","31":"tag-figlio-nicolas","32":"tag-fondazione","33":"tag-fondazione-brigitte","34":"tag-fondazione-brigitte-bardot","35":"tag-france","36":"tag-france-presse","37":"tag-francese","38":"tag-francia","39":"tag-funerali","40":"tag-gennaio","41":"tag-giardino","42":"tag-intrattenimento","43":"tag-ipotesi","44":"tag-it","45":"tag-italia","46":"tag-italy","47":"tag-jacques","48":"tag-jacques-charrier","49":"tag-legge","50":"tag-madrague","51":"tag-marino","52":"tag-nicolas","53":"tag-patrimonio","54":"tag-saint","55":"tag-saint-tropez","56":"tag-tropez","57":"tag-villa"},"share_on_mastodon":{"url":"","error":"Validation failed: Text character limit of 500 exceeded"},"_links":{"self":[{"href":"https:\/\/www.europesays.com\/it\/wp-json\/wp\/v2\/posts\/281974","targetHints":{"allow":["GET"]}}],"collection":[{"href":"https:\/\/www.europesays.com\/it\/wp-json\/wp\/v2\/posts"}],"about":[{"href":"https:\/\/www.europesays.com\/it\/wp-json\/wp\/v2\/types\/post"}],"author":[{"embeddable":true,"href":"https:\/\/www.europesays.com\/it\/wp-json\/wp\/v2\/users\/3"}],"replies":[{"embeddable":true,"href":"https:\/\/www.europesays.com\/it\/wp-json\/wp\/v2\/comments?post=281974"}],"version-history":[{"count":0,"href":"https:\/\/www.europesays.com\/it\/wp-json\/wp\/v2\/posts\/281974\/revisions"}],"wp:featuredmedia":[{"embeddable":true,"href":"https:\/\/www.europesays.com\/it\/wp-json\/wp\/v2\/media\/281975"}],"wp:attachment":[{"href":"https:\/\/www.europesays.com\/it\/wp-json\/wp\/v2\/media?parent=281974"}],"wp:term":[{"taxonomy":"category","embeddable":true,"href":"https:\/\/www.europesays.com\/it\/wp-json\/wp\/v2\/categories?post=281974"},{"taxonomy":"post_tag","embeddable":true,"href":"https:\/\/www.europesays.com\/it\/wp-json\/wp\/v2\/tags?post=281974"}],"curies":[{"name":"wp","href":"https:\/\/api.w.org\/{rel}","templated":true}]}}