{"id":282119,"date":"2025-12-29T19:41:21","date_gmt":"2025-12-29T19:41:21","guid":{"rendered":"https:\/\/www.europesays.com\/it\/282119\/"},"modified":"2025-12-29T19:41:21","modified_gmt":"2025-12-29T19:41:21","slug":"approvato-il-decreto-ucraina-ci-sono-anche-gli-aiuti-militari-assente-il-vicepremier-salvini","status":"publish","type":"post","link":"https:\/\/www.europesays.com\/it\/282119\/","title":{"rendered":"Approvato il decreto Ucraina: ci sono anche gli aiuti \u00abmilitari\u00bb, assente il vicepremier Salvini"},"content":{"rendered":"<p>Consiglio dei ministri lampo. \u00c8 stata rinviata la decisione sulla data del referendum<\/p>\n<p class=\"chapter-paragraph\">Alla riunione a Palazzo Chigi era assente Matteo Salvini, leader della Lega e vicepremier. Con il dl Ucraina termina dunque un balletto su aiuti militari s\u00ec, aiuti militari no. Alla fine il provvedimento continuer\u00e0 ad aiutare Kiev a difendersi. E dunque gli aiuti non saranno solo civili, ma anche militari, al di l\u00e0 della guerra delle parole di questi ultimi giorni. L\u2019ultimo Consiglio dei ministri del 2025 ha rinviato la decisione della data del referendum sulla giustizia al prossimo gennaio.    &#13;<br \/>\n&#13;<br \/>\n&#13;<br \/>\n&#13;<br \/>\n&#13;<br \/>\n&#13;<br \/>\n&#13;<br \/>\n&#13;<br \/>\n&#13;<br \/>\n&#13;<br \/>\n&#13;<br \/>\n&#13;<br \/>\n&#13;<br \/>\n&#13;<br \/>\n&#13;<br \/>\n&#13;<br \/>\n&#13;<br \/>\n&#13;<br \/>\n&#13;<br \/>\n&#13;<br \/>\n&#13;<br \/>\n&#13;<br \/>\n&#13;<br \/>\n&#13;<br \/>\n&#13;<br \/>\n&#13;<br \/>\n&#13;<br \/>\n&#13;<br \/>\n&#13;<br \/>\n&#13;<br \/>\n&#13;<br \/>\n&#13;<br \/>\n&#13;<br \/>\n&#13;<br \/>\n&#13;<br \/>\n&#13;<br \/>\n&#13;<br \/>\n&#13;<br \/>\n&#13;<br \/>\n&#13;<br \/>\n&#13;<br \/>\n&#13;<br \/>\n&#13;<br \/>\n&#13;<br \/>\n&#13;<br \/>\n&#13;<br \/>\n&#13;<br \/>\n&#13;<br \/>\n&#13;<br \/>\n&#13;<br \/>\n&#13;<br \/>\n&#13;<br \/>\n&#13;\n<\/p>\n<p class=\"chapter-paragraph\">Non \u00e8 prevista conferenza stampa dei ministri interessati, a partire da quello della Difesa Guido Crosetto, sul decreto Ucraina.<\/p>\n<p class=\"is-last-update\" datetime=\"2025-12-29T16:16:01+01:00\">29 dicembre 2025<\/p>\n<p class=\"is-copyright\">\n            \u00a9 RIPRODUZIONE RISERVATA\n        <\/p>\n","protected":false},"excerpt":{"rendered":"Consiglio dei ministri lampo. \u00c8 stata rinviata la decisione sulla data del referendum Alla riunione a Palazzo Chigi&hellip;\n","protected":false},"author":3,"featured_media":282120,"comment_status":"","ping_status":"","sticky":false,"template":"","format":"standard","meta":{"footnotes":""},"categories":[79],"tags":[761,50116,8896,14,93,94,7881,166164,1368,2582,1537,90,89,888,2908,7,15,170,11,84,91,12,85,92],"class_list":{"0":"post-282119","1":"post","2":"type-post","3":"status-publish","4":"format-standard","5":"has-post-thumbnail","7":"category-italia","8":"tag-aiuti","9":"tag-aiuti-militari","10":"tag-assente","11":"tag-cronaca","12":"tag-cronaca-italiana","13":"tag-cronacaitaliana","14":"tag-data","15":"tag-data-referendum","16":"tag-decisione","17":"tag-decreto","18":"tag-it","19":"tag-italia","20":"tag-italy","21":"tag-militari","22":"tag-ministri","23":"tag-news","24":"tag-notizie","25":"tag-ucraina","26":"tag-ultime-notizie","27":"tag-ultime-notizie-e-news-di-oggi","28":"tag-ultime-notizie-italia","29":"tag-ultimenotizie","30":"tag-ultimenotizieenewsdioggi","31":"tag-ultimenotizieitalia"},"share_on_mastodon":{"url":"https:\/\/pubeurope.com\/@it\/115804561986862077","error":""},"_links":{"self":[{"href":"https:\/\/www.europesays.com\/it\/wp-json\/wp\/v2\/posts\/282119","targetHints":{"allow":["GET"]}}],"collection":[{"href":"https:\/\/www.europesays.com\/it\/wp-json\/wp\/v2\/posts"}],"about":[{"href":"https:\/\/www.europesays.com\/it\/wp-json\/wp\/v2\/types\/post"}],"author":[{"embeddable":true,"href":"https:\/\/www.europesays.com\/it\/wp-json\/wp\/v2\/users\/3"}],"replies":[{"embeddable":true,"href":"https:\/\/www.europesays.com\/it\/wp-json\/wp\/v2\/comments?post=282119"}],"version-history":[{"count":0,"href":"https:\/\/www.europesays.com\/it\/wp-json\/wp\/v2\/posts\/282119\/revisions"}],"wp:featuredmedia":[{"embeddable":true,"href":"https:\/\/www.europesays.com\/it\/wp-json\/wp\/v2\/media\/282120"}],"wp:attachment":[{"href":"https:\/\/www.europesays.com\/it\/wp-json\/wp\/v2\/media?parent=282119"}],"wp:term":[{"taxonomy":"category","embeddable":true,"href":"https:\/\/www.europesays.com\/it\/wp-json\/wp\/v2\/categories?post=282119"},{"taxonomy":"post_tag","embeddable":true,"href":"https:\/\/www.europesays.com\/it\/wp-json\/wp\/v2\/tags?post=282119"}],"curies":[{"name":"wp","href":"https:\/\/api.w.org\/{rel}","templated":true}]}}