{"id":282442,"date":"2025-12-30T00:25:13","date_gmt":"2025-12-30T00:25:13","guid":{"rendered":"https:\/\/www.europesays.com\/it\/282442\/"},"modified":"2025-12-30T00:25:13","modified_gmt":"2025-12-30T00:25:13","slug":"moretto-futuro-maignan-ecco-la-situazione-e-aggiungo-un-dettaglio","status":"publish","type":"post","link":"https:\/\/www.europesays.com\/it\/282442\/","title":{"rendered":"Moretto: &#8220;Futuro Maignan: ecco la situazione. E aggiungo un dettaglio&#8221;"},"content":{"rendered":"<p>Moretto riporta aggiornamenti sul futuro di Mike Maignan: il portiere \u00e8 in scadenza di contratto con il Milan<\/p>\n<p>Intervenuto sul canale Youtube di Fabrizio Romano, Matteo Moretto ha riportato anche gli ultimi aggiornamenti sul futuro di Mike <a href=\"https:\/\/www.fcinter1908.it\/calciomercato\/mercato-inter\/repubblica-boom-maignan-0-vero-sogno-altro\/\" rel=\"nofollow noopener\" target=\"_blank\">Maignan<\/a>. Il portiere del Milan \u00e8 in scadenza di contratto ma i rossoneri sperano di riuscire a rinnovarlo. Si \u00e8 vociferato anche di Inter.<\/p>\n<p>Ecco cosa dice Moretto a riguardo: &#8220;Negli ultimi giorni si \u00e8 discusso molto del futuro di Maignan e noi vi abbiamo dato il nostro punto di vista. Il vero punto da scogliere \u00e8 la volont\u00e0 del ragazzo, a febbraio 2025 aveva accettato tutte le condizioni per il rinnovo ma poi il Milan, per una serie di questioni economiche e legate al rendimento sportivo di Maignan e della squadra aveva deciso di mettere in pausa.<\/p>\n","protected":false},"excerpt":{"rendered":"Moretto riporta aggiornamenti sul futuro di Mike Maignan: il portiere \u00e8 in scadenza di contratto con il Milan&hellip;\n","protected":false},"author":3,"featured_media":282443,"comment_status":"","ping_status":"","sticky":false,"template":"","format":"standard","meta":{"footnotes":""},"categories":[1452],"tags":[5522,166268,166269,109072,166270,721,6693,26599,1740,1537,90,89,13200,166271,553,14988,494,1739,245,244,338],"class_list":{"0":"post-282442","1":"post","2":"type-post","3":"status-publish","4":"format-standard","5":"has-post-thumbnail","7":"category-calcio","8":"tag-aggiornamenti","9":"tag-aggiornamenti-mike","10":"tag-aggiornamenti-mike-maignan","11":"tag-aggiungo","12":"tag-aggiungo-dettaglio","13":"tag-calcio","14":"tag-contratto","15":"tag-dettaglio","16":"tag-football","17":"tag-it","18":"tag-italia","19":"tag-italy","20":"tag-maignan","21":"tag-maignan-portiere","22":"tag-milan","23":"tag-moretto","24":"tag-punto","25":"tag-soccer","26":"tag-sport","27":"tag-sports","28":"tag-ultimi"},"share_on_mastodon":{"url":"https:\/\/pubeurope.com\/@it\/115805678775218963","error":""},"_links":{"self":[{"href":"https:\/\/www.europesays.com\/it\/wp-json\/wp\/v2\/posts\/282442","targetHints":{"allow":["GET"]}}],"collection":[{"href":"https:\/\/www.europesays.com\/it\/wp-json\/wp\/v2\/posts"}],"about":[{"href":"https:\/\/www.europesays.com\/it\/wp-json\/wp\/v2\/types\/post"}],"author":[{"embeddable":true,"href":"https:\/\/www.europesays.com\/it\/wp-json\/wp\/v2\/users\/3"}],"replies":[{"embeddable":true,"href":"https:\/\/www.europesays.com\/it\/wp-json\/wp\/v2\/comments?post=282442"}],"version-history":[{"count":0,"href":"https:\/\/www.europesays.com\/it\/wp-json\/wp\/v2\/posts\/282442\/revisions"}],"wp:featuredmedia":[{"embeddable":true,"href":"https:\/\/www.europesays.com\/it\/wp-json\/wp\/v2\/media\/282443"}],"wp:attachment":[{"href":"https:\/\/www.europesays.com\/it\/wp-json\/wp\/v2\/media?parent=282442"}],"wp:term":[{"taxonomy":"category","embeddable":true,"href":"https:\/\/www.europesays.com\/it\/wp-json\/wp\/v2\/categories?post=282442"},{"taxonomy":"post_tag","embeddable":true,"href":"https:\/\/www.europesays.com\/it\/wp-json\/wp\/v2\/tags?post=282442"}],"curies":[{"name":"wp","href":"https:\/\/api.w.org\/{rel}","templated":true}]}}