{"id":282621,"date":"2025-12-30T03:16:16","date_gmt":"2025-12-30T03:16:16","guid":{"rendered":"https:\/\/www.europesays.com\/it\/282621\/"},"modified":"2025-12-30T03:16:16","modified_gmt":"2025-12-30T03:16:16","slug":"in-piazzale-ceccarini-arriva-lenergia-e-la-musica-dei-the-kolors","status":"publish","type":"post","link":"https:\/\/www.europesays.com\/it\/282621\/","title":{"rendered":"in piazzale Ceccarini arriva l\u2019energia e la musica dei The Kolors"},"content":{"rendered":"<p>Mancano poche ore al nuovo anno e Riccione si prepara a festeggiarlo nel segno dell\u2019energia e della voglia di stare insieme dedicando ai cittadini e agli ospiti della citt\u00e0 una tre giorni di musica, divertimento e festa.<\/p>\n<p>A dare il via ai festeggiamenti sar\u00e0 marted\u00ec, 30 dicembre, una delle band italiane pi\u00f9 amate e apprezzate: The Kolors. Stash e compagni saliranno sul palco di piazzale Ceccarini alle 18 per offrire al pubblico riccionese uno spettacolo coinvolgente e frizzante: un concerto gratuito che far\u00e0 entrare la citt\u00e0 nell\u2019atmosfera dei festeggiamenti di Capodanno.<\/p>\n<p><a href=\"https:\/\/www.whatsapp.com\/channel\/0029VaFjCI20VycLYu1iAS0D\" rel=\"nofollow noopener\" target=\"_blank\"><strong>Leggi le notizie di RiminiToday su WhatsApp: iscriviti al canale<\/strong><\/a><\/p>\n<p>Il live dei The Kolors sar\u00e0 molto pi\u00f9 di una semplice performance: si preannuncia come una festa coinvolgente e collettiva, un\u2019esplosione di energia, musica e divertimento che far\u00e0 ballare e cantare generazioni diverse. L\u2019evento, che inaugura ufficialmente i festeggiamenti del Capodanno riccionese, accender\u00e0 l\u2019atmosfera della citt\u00e0 e dar\u00e0 il via al conto alla rovescia verso la notte di San Silvestro, con una serie di appuntamenti che proseguiranno fino all\u20191 gennaio.<\/p>\n<p><a href=\"https:\/\/www.riminitoday.it\/dossier\/\" rel=\"nofollow noopener\" target=\"_blank\"><strong>Abbonati alla sezione di inchieste Dossier di RiminiToday<\/strong><\/a><\/p>\n<p>La band, composta da Antonio \u201cStash\u201d Fiordispino, Alex Fiordispino e Dario Iaculli, \u00e8 sinonimo di successo internazionale, con 24 dischi di platino conquistati tra Italia e l\u2019estero. La loro carriera \u00e8 un mix esplosivo di energia, stile e brani travolgenti, che sono diventati colonne sonore di intere stagioni. Sul palco di piazzale Ceccarini, i The Kolors proporranno un vasto repertorio, che spazia dai loro successi storici alle hit pi\u00f9 recenti: \u201cItalodisco\u201d, fenomeno pop che ha superato i 305 milioni di stream, \u201cUn ragazzo una ragazza\u201d (inno del Festival di Sanremo, certificato doppio platino) e la hit estiva \u201cKarma\u201d, che ha confermato la band tra i protagonisti assoluti delle classifiche musicali.<\/p>\n","protected":false},"excerpt":{"rendered":"Mancano poche ore al nuovo anno e Riccione si prepara a festeggiarlo nel segno dell\u2019energia e della voglia&hellip;\n","protected":false},"author":3,"featured_media":282622,"comment_status":"","ping_status":"","sticky":false,"template":"","format":"standard","meta":{"footnotes":""},"categories":[174],"tags":[82649,2943,203,204,1537,90,89],"class_list":{"0":"post-282621","1":"post","2":"type-post","3":"status-publish","4":"format-standard","5":"has-post-thumbnail","7":"category-intrattenimento","8":"tag-capodanno","9":"tag-concerti","10":"tag-entertainment","11":"tag-intrattenimento","12":"tag-it","13":"tag-italia","14":"tag-italy"},"share_on_mastodon":{"url":"https:\/\/pubeurope.com\/@it\/115806351380226492","error":""},"_links":{"self":[{"href":"https:\/\/www.europesays.com\/it\/wp-json\/wp\/v2\/posts\/282621","targetHints":{"allow":["GET"]}}],"collection":[{"href":"https:\/\/www.europesays.com\/it\/wp-json\/wp\/v2\/posts"}],"about":[{"href":"https:\/\/www.europesays.com\/it\/wp-json\/wp\/v2\/types\/post"}],"author":[{"embeddable":true,"href":"https:\/\/www.europesays.com\/it\/wp-json\/wp\/v2\/users\/3"}],"replies":[{"embeddable":true,"href":"https:\/\/www.europesays.com\/it\/wp-json\/wp\/v2\/comments?post=282621"}],"version-history":[{"count":0,"href":"https:\/\/www.europesays.com\/it\/wp-json\/wp\/v2\/posts\/282621\/revisions"}],"wp:featuredmedia":[{"embeddable":true,"href":"https:\/\/www.europesays.com\/it\/wp-json\/wp\/v2\/media\/282622"}],"wp:attachment":[{"href":"https:\/\/www.europesays.com\/it\/wp-json\/wp\/v2\/media?parent=282621"}],"wp:term":[{"taxonomy":"category","embeddable":true,"href":"https:\/\/www.europesays.com\/it\/wp-json\/wp\/v2\/categories?post=282621"},{"taxonomy":"post_tag","embeddable":true,"href":"https:\/\/www.europesays.com\/it\/wp-json\/wp\/v2\/tags?post=282621"}],"curies":[{"name":"wp","href":"https:\/\/api.w.org\/{rel}","templated":true}]}}