{"id":282872,"date":"2025-12-30T07:48:10","date_gmt":"2025-12-30T07:48:10","guid":{"rendered":"https:\/\/www.europesays.com\/it\/282872\/"},"modified":"2025-12-30T07:48:10","modified_gmt":"2025-12-30T07:48:10","slug":"aeroporti-bologna-contro-tutti-no-council-tax-un-autogol","status":"publish","type":"post","link":"https:\/\/www.europesays.com\/it\/282872\/","title":{"rendered":"Aeroporti, Bologna contro tutti. \u201cNo council tax? Un autogol\u201d"},"content":{"rendered":"<p>Bologna, 29 dicembre 2025 \u2013\u00a0Una <a rel=\"follow nofollow noopener\" href=\"https:\/\/www.ilrestodelcarlino.it\/bologna\/cronaca\/marconi-11-milioni-premiati-passeggeri-record-0f8ef54d\" target=\"_blank\"><strong>giornata da record<\/strong><\/a>, con il <strong>sapore amaro<\/strong>. Questo lo spirito con cui l\u2019<strong><a rel=\"follow nofollow noopener\" href=\"https:\/\/www.ilrestodelcarlino.it\/bologna\/cronaca\/aeroporto-telecamere-multe-anti-sosta-selvaggia-p8gqy0r0\" target=\"_blank\">aeroporto di Bologna<\/a><\/strong> ha festeggiato il raggiungimento degli <strong>11 milioni di passeggeri<\/strong>, primato storico per lo scalo. \u00c8 una gioia a met\u00e0 perch\u00e9 nelle scorse settimane la Regione ha scelto di <strong><a rel=\"follow nofollow noopener\" href=\"https:\/\/www.ilrestodelcarlino.it\/rimini\/cronaca\/meno-tasse-per-avere-piu-00cc419c\" target=\"_blank\">abolire la tassa municipale sui voli<\/a> <\/strong>a partire dal prossimo anno per gli scali aeroportuali di Forl\u00ec, Parma e <strong><a rel=\"follow nofollow noopener\" href=\"https:\/\/www.ilrestodelcarlino.it\/rimini\/economia\/aeroporto-tasse-2026-passeggeri-vxw4ftwy-sck\" target=\"_blank\">Rimini<\/a><\/strong> che registrano un traffico inferiore ai 700mila passeggeri l\u2019anno. Quindi non a <strong>Bologna<\/strong>, dove tutto resta come prima: le compagnie aeree <strong>pagheranno i 6,50 euro a passeggero<\/strong> di tassa. In legge di bilancio, il Governo ha inserito l\u2019emendamento che permette a Viale Aldo Moro di azzerare la tassa per tre scali emiliano-romagnoli, nell\u2019ambito di una strategia pi\u00f9 ampia per il rilancio dei quattro aeroporti.  <\/p>\n","protected":false},"excerpt":{"rendered":"Bologna, 29 dicembre 2025 \u2013\u00a0Una giornata da record, con il sapore amaro. Questo lo spirito con cui l\u2019aeroporto&hellip;\n","protected":false},"author":3,"featured_media":282873,"comment_status":"","ping_status":"","sticky":false,"template":"","format":"standard","meta":{"footnotes":"","_share_on_mastodon":"0"},"categories":[172],"tags":[8064,178,73863,586,177,17536,1537,90,89,5159],"class_list":["post-282872","post","type-post","status-publish","format-standard","has-post-thumbnail","category-affari","tag-aeroporti","tag-affari","tag-autogol","tag-bologna","tag-business","tag-council","tag-it","tag-italia","tag-italy","tag-tax"],"share_on_mastodon":{"url":"https:\/\/pubeurope.com\/@it\/115807420800913221","error":""},"_links":{"self":[{"href":"https:\/\/www.europesays.com\/it\/wp-json\/wp\/v2\/posts\/282872","targetHints":{"allow":["GET"]}}],"collection":[{"href":"https:\/\/www.europesays.com\/it\/wp-json\/wp\/v2\/posts"}],"about":[{"href":"https:\/\/www.europesays.com\/it\/wp-json\/wp\/v2\/types\/post"}],"author":[{"embeddable":true,"href":"https:\/\/www.europesays.com\/it\/wp-json\/wp\/v2\/users\/3"}],"replies":[{"embeddable":true,"href":"https:\/\/www.europesays.com\/it\/wp-json\/wp\/v2\/comments?post=282872"}],"version-history":[{"count":0,"href":"https:\/\/www.europesays.com\/it\/wp-json\/wp\/v2\/posts\/282872\/revisions"}],"wp:featuredmedia":[{"embeddable":true,"href":"https:\/\/www.europesays.com\/it\/wp-json\/wp\/v2\/media\/282873"}],"wp:attachment":[{"href":"https:\/\/www.europesays.com\/it\/wp-json\/wp\/v2\/media?parent=282872"}],"wp:term":[{"taxonomy":"category","embeddable":true,"href":"https:\/\/www.europesays.com\/it\/wp-json\/wp\/v2\/categories?post=282872"},{"taxonomy":"post_tag","embeddable":true,"href":"https:\/\/www.europesays.com\/it\/wp-json\/wp\/v2\/tags?post=282872"}],"curies":[{"name":"wp","href":"https:\/\/api.w.org\/{rel}","templated":true}]}}